{"id":248313,"date":"2025-11-21T15:50:24","date_gmt":"2025-11-21T15:50:24","guid":{"rendered":"https:\/\/www.europesays.com\/es\/248313\/"},"modified":"2025-11-21T15:50:24","modified_gmt":"2025-11-21T15:50:24","slug":"eurovision-cambia-de-forma-drastica-sus-reglas-de-votacion-para-huir-de-las-sospechas-de-manipulacion-en-el-televoto-television","status":"publish","type":"post","link":"https:\/\/www.europesays.com\/es\/248313\/","title":{"rendered":"Eurovisi\u00f3n cambia de forma dr\u00e1stica sus reglas de votaci\u00f3n para huir de las sospechas de manipulaci\u00f3n en el televoto | Televisi\u00f3n"},"content":{"rendered":"<p class=\"\">La <a href=\"https:\/\/elpais.com\/noticias\/uer-union-europea-radiodifusion\/\" target=\"_self\" rel=\"nofollow noopener\" title=\"https:\/\/elpais.com\/noticias\/uer-union-europea-radiodifusion\/\">Uni\u00f3n Europea de Radiodifusi\u00f3n (UER)<\/a> ha anunciado una serie de importantes actualizaciones del sistema de votaci\u00f3n del Festival de <a href=\"https:\/\/elpais.com\/television\/2025-05-18\/como-se-reparten-los-puntos-del-publico-en-eurovision-por-que-israel-domina-el-televoto.html\" target=\"_self\" rel=\"nofollow noopener\" title=\"https:\/\/elpais.com\/television\/2025-05-18\/como-se-reparten-los-puntos-del-publico-en-eurovision-por-que-israel-domina-el-televoto.html\">Eurovisi\u00f3n<\/a> a partir de la edici\u00f3n de 2026. Estas medidas est\u00e1n dise\u00f1adas para \u201creforzar la confianza, la transparencia y la participaci\u00f3n del p\u00fablico\u201d, explica el organismo este viernes en un comunicado. <\/p>\n<p class=\"\">Las \u00faltimas ediciones del certamen han estado marcadas por la pol\u00e9mica presencia de Israel y por el masivo apoyo recibido a trav\u00e9s del voto popular, <a href=\"https:\/\/elpais.com\/television\/2025-05-18\/tve-solicitara-este-lunes-una-auditoria-del-televoto-espanol.html\" target=\"_self\" rel=\"nofollow noopener\" title=\"https:\/\/elpais.com\/television\/2025-05-18\/tve-solicitara-este-lunes-una-auditoria-del-televoto-espanol.html\">que llev\u00f3 a RTVE a solicitar el pasado mayo una auditor\u00eda del televoto<\/a>.<\/p>\n<p>M\u00e1s informaci\u00f3n<\/p>\n<p class=\"\">El primero de esos cambios tiene que ver con establecer unas normas de promoci\u00f3n m\u00e1s claras, tras las pol\u00e9micas acciones de Israel en redes sociales movilizando el voto masivo por su candidatura en pa\u00edses extranjeros. Las instrucciones de votaci\u00f3n actualizadas \u201cdesaconsejan las campa\u00f1as de promoci\u00f3n desproporcionadas\u2026 especialmente cuando son realizadas o apoyadas por terceros, incluidos gobiernos o agencias gubernamentales\u00bb, apunta el texto emitido por la UER. \u201cLas emisoras y los artistas en competici\u00f3n no pueden participar activamente, facilitar ni contribuir a campa\u00f1as promocionales de terceros que pudieran influir en el resultado de la votaci\u00f3n y, como se indica en el C\u00f3digo de Conducta actualizado, cualquier intento de influir indebidamente en los resultados conllevar\u00e1 sanciones\u201d, advierte la organizadora de Eurovisi\u00f3n.<\/p>\n<p class=\"\">Adem\u00e1s, a partir de 2026, el n\u00famero m\u00e1ximo de votos por m\u00e9todo de pago (ya sea en l\u00ednea, SMS o llamada telef\u00f3nica) se reducir\u00e1 de 20 a 10 participaciones, lo que har\u00e1 m\u00e1s complicado que campa\u00f1as organizadas puedan influir en el resultado del televoto.<\/p>\n<p class=\"\">Estos cambios son el resultado de una amplia consulta con los miembros de la UER tras la edici\u00f3n de 2025. Un asesor independiente, encargado por el Comit\u00e9 Ejecutivo de la UER, dirigi\u00f3 una revisi\u00f3n exhaustiva de la participaci\u00f3n, colaborando estrechamente con los directores generales de las emisoras participantes y otros organizadores de eventos internacionales. Sus recomendaciones coincidieron con las opiniones de los jefes de delegaci\u00f3n y han servido de base para adoptar medidas que refuerzan a\u00fan m\u00e1s el sistema de votaci\u00f3n del Festival.<\/p>\n<p class=\"\">Otra decisi\u00f3n que ha tomado la UER es recuperar el voto del jurado profesional en las semifinales. Desde la edici\u00f3n de 2022, solo participaba en la final, por lo que los pa\u00edses clasificados para ella quedaban en manos estrictamente del p\u00fablico. \u201cEste cambio busca fomentar un equilibrio musical \u00f3ptimo y una mayor diversidad en las canciones que clasifiquen para la final, garantizando que las obras de alta calidad con un amplio m\u00e9rito art\u00edstico sean reconocidas junto con aquellas de gran popularidad\u201d, comenta la organizaci\u00f3n europea. El n\u00famero de jurados aumentar\u00e1 de cinco a siete, y se ampliar\u00e1 la gama de perfiles profesionales de los que pueden ser seleccionados, incluyendo periodistas y cr\u00edticos musicales, profesores de m\u00fasica, profesionales creativos como core\u00f3grafos y directores de escena, y figuras destacadas de la industria musical. Para atraer a un p\u00fablico m\u00e1s joven, el jurado de cada pa\u00eds incluir\u00e1 al menos dos miembros de entre 18 y 25 a\u00f1os. \u201cTodos los integrantes del jurado deber\u00e1n firmar una declaraci\u00f3n formal en la que confirmen que votar\u00e1n de forma independiente e imparcial, que no se coordinar\u00e1n con otros miembros del jurado antes del concurso y que ser\u00e1n conscientes del uso que hacen de sus redes sociales, es decir, que no compartir\u00e1n sus preferencias en sus perfiles\u201d, matiza la UER.<\/p>\n<p>M\u00e1s informaci\u00f3n<\/p>\n<p class=\"\">Y, por \u00faltimo, la organizaci\u00f3n seguir\u00e1 ampliando los sistemas de seguridad que detectan y previenen actividades de votaci\u00f3n fraudulentas o coordinadas. \u201cEstas medidas est\u00e1n dise\u00f1adas para que la atenci\u00f3n se centre donde debe estar: en la m\u00fasica, la creatividad y la conexi\u00f3n\u201d, ha asegurado Martin Green, el nuevo director del festival, que asegura que la edici\u00f3n de 2025 \u201carroj\u00f3 un resultado v\u00e1lido y s\u00f3lido\u201d, pero que considera que estos cambios \u201cayudar\u00e1n a proporcionar mayores garant\u00edas y a aumentar la participaci\u00f3n para que los fans tengan la certeza de que cada voto cuenta y cada voz se escucha\u201d.<\/p>\n<p class=\"\">Los miembros <a href=\"https:\/\/elpais.com\/television\/2025-10-13\/eurovision-aplaza-la-votacion-sobre-la-permanencia-de-israel-y-lo-debatira-en-diciembre.html\" target=\"_self\" rel=\"nofollow noopener\" title=\"https:\/\/elpais.com\/television\/2025-10-13\/eurovision-aplaza-la-votacion-sobre-la-permanencia-de-israel-y-lo-debatira-en-diciembre.html\">que se re\u00fanan en la Asamblea General de la UER a principios de diciembre<\/a> deber\u00e1n considerar este conjunto de medidas y garant\u00edas y decidir si son suficientes para abordar sus inquietudes sobre la participaci\u00f3n, sin someter el tema a votaci\u00f3n. La lista completa de emisoras participantes en la competici\u00f3n del pr\u00f3ximo a\u00f1o se publicar\u00e1 antes de Navidad.<\/p>\n<p class=\"\">Adem\u00e1s de los cambios anunciados este viernes, la UER asegura que reforzar\u00e1 la aplicaci\u00f3n de sus reglas vigentes \u201cpara prevenir cualquier uso indebido del concurso, por ejemplo, mediante letras de canciones o puesta en escena\u201c.<\/p>\n","protected":false},"excerpt":{"rendered":"La Uni\u00f3n Europea de Radiodifusi\u00f3n (UER) ha anunciado una serie de importantes actualizaciones del sistema de votaci\u00f3n del&hellip;\n","protected":false},"author":2,"featured_media":248314,"comment_status":"","ping_status":"","sticky":false,"template":"","format":"standard","meta":{"footnotes":""},"categories":[91],"tags":[209,146,147,25,24,25188,5271,74,185,518,23,807,25165],"class_list":{"0":"post-248313","1":"post","2":"type-post","3":"status-publish","4":"format-standard","5":"has-post-thumbnail","7":"category-entretenimiento","8":"tag-cultura","9":"tag-entertainment","10":"tag-entretenimiento","11":"tag-es","12":"tag-espana","13":"tag-festival-eurovision","14":"tag-festivales-musica","15":"tag-israel","16":"tag-musica","17":"tag-rtve","18":"tag-spain","19":"tag-television","20":"tag-uer"},"share_on_mastodon":{"url":"https:\/\/pubeurope.com\/@es\/115588486081650820","error":""},"_links":{"self":[{"href":"https:\/\/www.europesays.com\/es\/wp-json\/wp\/v2\/posts\/248313","targetHints":{"allow":["GET"]}}],"collection":[{"href":"https:\/\/www.europesays.com\/es\/wp-json\/wp\/v2\/posts"}],"about":[{"href":"https:\/\/www.europesays.com\/es\/wp-json\/wp\/v2\/types\/post"}],"author":[{"embeddable":true,"href":"https:\/\/www.europesays.com\/es\/wp-json\/wp\/v2\/users\/2"}],"replies":[{"embeddable":true,"href":"https:\/\/www.europesays.com\/es\/wp-json\/wp\/v2\/comments?post=248313"}],"version-history":[{"count":0,"href":"https:\/\/www.europesays.com\/es\/wp-json\/wp\/v2\/posts\/248313\/revisions"}],"wp:featuredmedia":[{"embeddable":true,"href":"https:\/\/www.europesays.com\/es\/wp-json\/wp\/v2\/media\/248314"}],"wp:attachment":[{"href":"https:\/\/www.europesays.com\/es\/wp-json\/wp\/v2\/media?parent=248313"}],"wp:term":[{"taxonomy":"category","embeddable":true,"href":"https:\/\/www.europesays.com\/es\/wp-json\/wp\/v2\/categories?post=248313"},{"taxonomy":"post_tag","embeddable":true,"href":"https:\/\/www.europesays.com\/es\/wp-json\/wp\/v2\/tags?post=248313"}],"curies":[{"name":"wp","href":"https:\/\/api.w.org\/{rel}","templated":true}]}}