{"id":248320,"date":"2025-11-21T15:54:12","date_gmt":"2025-11-21T15:54:12","guid":{"rendered":"https:\/\/www.europesays.com\/es\/248320\/"},"modified":"2025-11-21T15:54:12","modified_gmt":"2025-11-21T15:54:12","slug":"abascal-acusa-al-gobierno-de-iniciar-una-campana-de-acoso-y-derribo-contra-la-justicia","status":"publish","type":"post","link":"https:\/\/www.europesays.com\/es\/248320\/","title":{"rendered":"Abascal acusa al Gobierno de iniciar una \u00abcampa\u00f1a de acoso y derribo\u00bb contra la justicia"},"content":{"rendered":"<p>El presidente de Vox, <strong>Santiago Abascal<\/strong>, ha acusado al Gobierno de haber puesto en marcha una \u00ab<strong>campa\u00f1a de acoso y derribo<\/strong>\u00bb contra la justicia, especialmente, contra el Tribunal Supremo, porque todo el entorno del jefe del Ejecutivo, <strong>Pedro S\u00e1nchez, est\u00e1 \u00absentado en el banquillo\u00bb <\/strong>para dar cuentas ante la misma. Precisamente, ha se\u00f1alado al presidente como la \u00abX\u00bb de toda la trama: \u00ab<strong>Todo habr\u00eda sido imposible sin \u00e9l<\/strong>\u00ab.<\/p>\n<p>En estos t\u00e9rminos se ha pronunciado el dirigente de Vox este viernes en atenci\u00f3n a los medios de comunicaci\u00f3n desde la localidad cacere\u00f1a de Coria, donde ha acudido a una carpa que ha instalado su formaci\u00f3n con motivo de las <strong>elecciones extreme\u00f1as del pr\u00f3ximo 21 de diciembre<\/strong>. Sus palabras llegan un d\u00eda despu\u00e9s de conocer que el Tribunal Supremo ha condenado al fiscal general del Estado, \u00c1lvaro Garc\u00eda Ortiz, a <strong>dos a\u00f1os de inhabilitaci\u00f3n y una multa de 7.200 euros<\/strong> por un delito de revelaci\u00f3n de datos reservados en relaci\u00f3n con la filtraci\u00f3n de un correo electr\u00f3nico del novio de la presidenta madrile\u00f1a, Alberto Gonz\u00e1lez Amador.<\/p>\n<p>\u00ab\u00bf<strong>De qui\u00e9n depende el fiscal general del Estado<\/strong>? \u00bfDe qui\u00e9n depend\u00edan Santos Cerd\u00e1n o Jos\u00e9 Luis \u00c1balos?\u00bb, se ha preguntado Abascal, quien ha respondido que todos ellos estaban al mando del \u00abcapo de la mafia\u00bb, en alusi\u00f3n al S\u00e1nchez: \u00ab<strong>Han robado a manos llenas<\/strong>, a cara descubierta, de la manera m\u00e1s desvergonzada, y <strong>se han re\u00eddo e insultado a todos los espa\u00f1oles<\/strong>, mientras aplicaban pol\u00edticas contra el pueblo\u00bb, ha a\u00f1adido. <\/p>\n<p>Con todo esto, el presidente de Vox ha destacado desde Extremadura que \u00ab<strong>no va a volver a haber democracia hasta que S\u00e1nchez no responda por su traici\u00f3n<\/strong> y por los cr\u00edmenes contra el Estado de derecho\u00bb. <\/p>\n<p>Abascal acusa a Guardiola de aplicar las \u00abpol\u00edticas contra el pueblo\u00bb de S\u00e1nchez<\/p>\n<p>Adem\u00e1s, Abascal ha iniciado la precampa\u00f1a de las elecciones de Extremadura cargando duramente contra la presidenta auton\u00f3mica, <strong>Mar\u00eda Guardiola<\/strong>, a quien acusa de aplicar en la regi\u00f3n las mismas \u00ab<strong>pol\u00edticas contra el pueblo<\/strong>\u00bb que el presidente del Gobierno, <strong>Pedro S\u00e1nchez: \u00ab<\/strong>Estoy <strong>harto del teatro del PP y PSOE<\/strong> cuando piensan lo mismo\u00bb.<\/p>\n<p>A su juicio, la gesti\u00f3n de los populares y de los socialistas atacan \u00abla industria, la libertad de expresi\u00f3n y la libertad de educaci\u00f3n\u00bb, y ha se\u00f1alado a sus responsables: \u00ab<strong>Pol\u00edticas que dependen de S\u00e1nchez, Guardiola, de Bruselas y del pacto PP-PSOE<\/strong>\u00ab. <\/p>\n<p>Abascal ha detallado que se refiere a pol\u00edticas como \u00abla invasi\u00f3n migratoria, el fanatismo verde o la ideolog\u00eda de g\u00e9nero\u00bb. Frente a esto, ha asegurado que es posible proteger la industria, el pueblo y el campo: \u00ab<strong>Pero para eso hay que derrotar a los de la estafa y a los de la mafia<\/strong>\u00ab, en alusi\u00f3n al PP y al PSOE. <\/p>\n<p>Destaca que el cambio en Extremadura fue \u00abgracias a Vox\u00bb<\/p>\n<p>Con todo esto, ha subrayado que el cambio en Extremadura tras las \u00faltimas elecciones, con una aritm\u00e9tica parlamentaria que permiti\u00f3 gobernar al Partido Popular con el apoyo de su formaci\u00f3n, fue \u00ab<strong>gracias a la aparici\u00f3n de Vox<\/strong>, que posibilit\u00f3 una mayor\u00eda con un cambio real\u00bb. Sin embargo, Guardiola \u00abse resisti\u00f3 a ese cambio\u00bb, por lo que la considera una de las \u00ab<strong>principales responsables de que S\u00e1nchez siga en el poder<\/strong>\u00ab.<\/p>\n<p>Sobre un nuevo acuerdo con Guardiola tras el 21 de diciembre, ha destacado que es el PP el que \u00abse comporta como una fuerza de izquierdas y le cuesta ceder\u00bb a las exigencias de Vox para alcanzar un pacto de investidura o de Gobierno: \u00abLos espa\u00f1oles deben saber que, si es por Vox, va a haber un cambio en Extremadura y en Espa\u00f1a\u00bb.<\/p>\n<p>Nuevamente, ha reiterado que <strong>su partido ha alcanzado acuerdos con los populares en otras comunidades<\/strong> como Valencia, Murcia o Baleares, donde han aprobado los presupuestos auton\u00f3micos. En este contexto, se ha preguntado cu\u00e1l es la diferencia en Extremadura y por qu\u00e9 Guardiola no busca alcanzar los mismos acuerdos. <\/p>\n","protected":false},"excerpt":{"rendered":"El presidente de Vox, Santiago Abascal, ha acusado al Gobierno de haber puesto en marcha una \u00abcampa\u00f1a de&hellip;\n","protected":false},"author":2,"featured_media":248321,"comment_status":"","ping_status":"","sticky":false,"template":"","format":"standard","meta":{"footnotes":""},"categories":[8],"tags":[17,18,25,24,13,14,11,19,20,9,10,15,16,23,12,21,22],"class_list":{"0":"post-248320","1":"post","2":"type-post","3":"status-publish","4":"format-standard","5":"has-post-thumbnail","7":"category-espana","8":"tag-breaking-news","9":"tag-breakingnews","10":"tag-es","11":"tag-espana","12":"tag-featured-news","13":"tag-featurednews","14":"tag-headlines","15":"tag-latest-news","16":"tag-latestnews","17":"tag-news","18":"tag-noticias","19":"tag-noticias-destacadas","20":"tag-noticiasdestacadas","21":"tag-spain","22":"tag-titulares","23":"tag-ultimas-noticias","24":"tag-ultimasnoticias"},"share_on_mastodon":{"url":"https:\/\/pubeurope.com\/@es\/115588501612405696","error":""},"_links":{"self":[{"href":"https:\/\/www.europesays.com\/es\/wp-json\/wp\/v2\/posts\/248320","targetHints":{"allow":["GET"]}}],"collection":[{"href":"https:\/\/www.europesays.com\/es\/wp-json\/wp\/v2\/posts"}],"about":[{"href":"https:\/\/www.europesays.com\/es\/wp-json\/wp\/v2\/types\/post"}],"author":[{"embeddable":true,"href":"https:\/\/www.europesays.com\/es\/wp-json\/wp\/v2\/users\/2"}],"replies":[{"embeddable":true,"href":"https:\/\/www.europesays.com\/es\/wp-json\/wp\/v2\/comments?post=248320"}],"version-history":[{"count":0,"href":"https:\/\/www.europesays.com\/es\/wp-json\/wp\/v2\/posts\/248320\/revisions"}],"wp:featuredmedia":[{"embeddable":true,"href":"https:\/\/www.europesays.com\/es\/wp-json\/wp\/v2\/media\/248321"}],"wp:attachment":[{"href":"https:\/\/www.europesays.com\/es\/wp-json\/wp\/v2\/media?parent=248320"}],"wp:term":[{"taxonomy":"category","embeddable":true,"href":"https:\/\/www.europesays.com\/es\/wp-json\/wp\/v2\/categories?post=248320"},{"taxonomy":"post_tag","embeddable":true,"href":"https:\/\/www.europesays.com\/es\/wp-json\/wp\/v2\/tags?post=248320"}],"curies":[{"name":"wp","href":"https:\/\/api.w.org\/{rel}","templated":true}]}}