{"id":248324,"date":"2025-11-21T16:00:09","date_gmt":"2025-11-21T16:00:09","guid":{"rendered":"https:\/\/www.europesays.com\/es\/248324\/"},"modified":"2025-11-21T16:00:09","modified_gmt":"2025-11-21T16:00:09","slug":"las-redes-sociales-se-rinden-al-salon-de-carlos-alcaraz-me-teletransporta-a-mi-infancia","status":"publish","type":"post","link":"https:\/\/www.europesays.com\/es\/248324\/","title":{"rendered":"Las redes sociales se rinden al sal\u00f3n de Carlos Alcaraz: \u00abMe teletransporta a mi infancia\u00bb"},"content":{"rendered":"<p class=\"v-mdl-ath__p v-mdl-ath__p--6\">\nViernes, 21 de noviembre 2025, 13:36<\/p>\n<p class=\"v-p\">Tras finalizar la temporada, <a href=\"https:\/\/www.laverdad.es\/carlos-alcaraz\/\" title=\"www.laverdad.es\" data-voc-vtm-id=\"in-text-traffic\" data-mrf-link=\"www.laverdad.es\" rel=\"nofollow noopener\" target=\"_blank\">Carlos Alcaraz<\/a> ya est\u00e1 descansando en casa. En Murcia, en El Palmar, con los suyos, como a \u00e9l le gusta en las pocas semanas al a\u00f1o que tiene tiempo para desconectar del ritmo fren\u00e9tico que impone el circuito de la ATP. Antes de empezar la pr\u00f3xima pretemporada, con el objetivo principal del Open de Australia, el tenista ha vuelto a Murcia para reponerse a nivel mental y f\u00edsico, tras sufrir una lesi\u00f3n en las ATP Finals que le ha impedido disputar las rondas finales de la <a href=\"https:\/\/www.laverdad.es\/carlos-alcaraz\/carlos-alcaraz-perdera-copa-davis-lesion-20251118100545-nt.html\" title=\"www.laverdad.es\" data-voc-vtm-id=\"in-text-traffic\" data-mrf-link=\"www.laverdad.es\" rel=\"nofollow noopener\" target=\"_blank\">Copa Davis<\/a>.<\/p>\n<p class=\"v-p\">Desde casa est\u00e1 siguiendo a sus compa\u00f1eros de la selecci\u00f3n espa\u00f1ola, que buscan la ensaladera, el trofeo m\u00e1s prestigioso del tenis de selecciones seis a\u00f1os despu\u00e9s. Este jueves, para celebrar el pase a semifinales tras la remontada ante Rep\u00fablica Checa, Carlitos subi\u00f3 una foto a sus redes sociales. Lo que no imaginar\u00eda es la repercusi\u00f3n que tuvo esa simple imagen, en la que aparece sentado en su sof\u00e1 viendo el partido de tenis por la tele.<\/p>\n<p class=\"v-p\">De forma inmediata, las redes sociales, sobre todo X (antes Twitter), se llenaron de reacciones de ususarios fascinados por su sal\u00f3n: la estancia tan modesta, el mantel de tienda de barrio, los trofeos de Grand Slam entre las fotos familiares. \u00abMe teletransporta a mi infancia. Sobredosis de humildad tan necesaria hoy en d\u00eda\u00bb, respondi\u00f3 Tom\u00e0s Carbonell, exjugador y prestigioso comentarista. <\/p>\n<p class=\"v-p\">\u00ab\u00a1\u00a1Qu\u00e9 bueno Charly!! Solo falta que dentro de las copas tengas cables de los cargadores, recibos y d\u00e9cimos de loter\u00eda\u00bb, aplaudi\u00f3 el usuario @asolcol1976 en uno de las respuestas m\u00e1s difundidas. \u00abLo de poner un trofeo del US Open y otro de Wimbledon en lo alto del mueble como si fuera un jarr\u00f3n del Leroy Merl\u00edn que es Carlos\u00bb, insisti\u00f3 otro comentario.<\/p>\n<p class=\"v-p\">Casi un d\u00eda despu\u00e9s, siguen llegando las reacciones a una publicaci\u00f3n que llega ya a 9 millones de visualizaciones. Un simple tuit, pero que vuelve a confirmar que Carlos Alcaraz es uno de los deportistas m\u00e1s medi\u00e1ticos de la actualidad.<\/p>\n<p>Reporta un error<\/p>\n","protected":false},"excerpt":{"rendered":"Viernes, 21 de noviembre 2025, 13:36 Tras finalizar la temporada, Carlos Alcaraz ya est\u00e1 descansando en casa. En&hellip;\n","protected":false},"author":2,"featured_media":248325,"comment_status":"","ping_status":"","sticky":false,"template":"","format":"standard","meta":{"footnotes":""},"categories":[274],"tags":[4736,415,168,27727,25,24,3624,2311,3994,2312,23,167,63172,327,326],"class_list":{"0":"post-248324","1":"post","2":"type-post","3":"status-publish","4":"format-standard","5":"has-post-thumbnail","7":"category-tenis","8":"tag-alcaraz","9":"tag-carlos","10":"tag-deportes","11":"tag-enloquecen","12":"tag-es","13":"tag-espana","14":"tag-infancia","15":"tag-redes","16":"tag-salon","17":"tag-sociales","18":"tag-spain","19":"tag-sports","20":"tag-teletransporta","21":"tag-tenis","22":"tag-tennis"},"share_on_mastodon":{"url":"https:\/\/pubeurope.com\/@es\/115588525353410449","error":""},"_links":{"self":[{"href":"https:\/\/www.europesays.com\/es\/wp-json\/wp\/v2\/posts\/248324","targetHints":{"allow":["GET"]}}],"collection":[{"href":"https:\/\/www.europesays.com\/es\/wp-json\/wp\/v2\/posts"}],"about":[{"href":"https:\/\/www.europesays.com\/es\/wp-json\/wp\/v2\/types\/post"}],"author":[{"embeddable":true,"href":"https:\/\/www.europesays.com\/es\/wp-json\/wp\/v2\/users\/2"}],"replies":[{"embeddable":true,"href":"https:\/\/www.europesays.com\/es\/wp-json\/wp\/v2\/comments?post=248324"}],"version-history":[{"count":0,"href":"https:\/\/www.europesays.com\/es\/wp-json\/wp\/v2\/posts\/248324\/revisions"}],"wp:featuredmedia":[{"embeddable":true,"href":"https:\/\/www.europesays.com\/es\/wp-json\/wp\/v2\/media\/248325"}],"wp:attachment":[{"href":"https:\/\/www.europesays.com\/es\/wp-json\/wp\/v2\/media?parent=248324"}],"wp:term":[{"taxonomy":"category","embeddable":true,"href":"https:\/\/www.europesays.com\/es\/wp-json\/wp\/v2\/categories?post=248324"},{"taxonomy":"post_tag","embeddable":true,"href":"https:\/\/www.europesays.com\/es\/wp-json\/wp\/v2\/tags?post=248324"}],"curies":[{"name":"wp","href":"https:\/\/api.w.org\/{rel}","templated":true}]}}