{"id":248326,"date":"2025-11-21T16:01:13","date_gmt":"2025-11-21T16:01:13","guid":{"rendered":"https:\/\/www.europesays.com\/es\/248326\/"},"modified":"2025-11-21T16:01:13","modified_gmt":"2025-11-21T16:01:13","slug":"la-empresa-de-iniesta-consigue-la-licencia-del-equipo-ciclista-israeli-boicoteado-en-la-vuelta","status":"publish","type":"post","link":"https:\/\/www.europesays.com\/es\/248326\/","title":{"rendered":"La empresa de Iniesta consigue la licencia del equipo ciclista israel\u00ed boicoteado en la Vuelta"},"content":{"rendered":"<p><img fetchpriority=\"high\" class=\"v-a-img\" src=\"https:\/\/www.europesays.com\/es\/wp-content\/uploads\/2025\/11\/andres-iniesta-kY8H-U240308942123JQE-1200x840@El Correo.jpg\" loading=\"eager\" decoding=\"async\" alt=\"La empresa de Iniesta consigue la licencia del equipo ciclista israel\u00ed boicoteado en la Vuelta\"  width=\"1200\" height=\"840\"\/><\/p>\n<p>Tendr\u00e1 \u00abestructura espa\u00f1ola\u00bb y cambiar\u00e1 nombre, de Israel Premier Tech a &#8216;NSN&#8217; para competir\u00e1 en el Tour bajo bandera suiza por el respaldo del fondo financiero Stoneweg<\/p>\n<p><a class=\"v-mdl-ath__fig-a\" href=\"https:\/\/www.elcorreo.com\/autor\/gabriel-cuesta-2310.html\" title=\"Gabriel Cuesta\" rel=\"nofollow noopener\" target=\"_blank\"><br \/>\n<img decoding=\"async\" class=\"v-mdl-ath__img\" src=\"https:\/\/www.europesays.com\/es\/wp-content\/uploads\/2025\/09\/autor-2310-foto-2.jpeg\" alt=\"Gabriel Cuesta\"\/><br \/>\n<\/a><\/p>\n<p class=\"v-mdl-ath__p v-mdl-ath__p--6\">\nViernes, 21 de noviembre 2025, 15:11<\/p>\n<p>| Actualizado 15:26h.<\/p>\n<p class=\"v-p\">El equipo ciclista Israel Premier Tech, cuya presencia gener\u00f3 importantes problemas de seguridad en La Vuelta por las numerosas manifestaciones propalestinas en varias etapas, ha cambiado de nombre y estructura. Pasa a denominarse NSN Cycling Team, indicaron este jueves sus responsables, con nacionalidad \u00absuiza\u00bb y una estructura \u00abespa\u00f1ola\u00bb, con sedes en Barcelona y Girona. Las iniciales corresponden a las siglas &#8216;Never Say Never&#8217;, la compa\u00f1\u00eda catalana de eventos deportivos y musicales fundada por el exfutbolista Andr\u00e9s Iniesta. Contar\u00e1 con el respaldo financiero de Stoneweg, una plataforma de inversi\u00f3n mundial con sede en Ginebra. <\/p>\n<p class=\"v-p\">De esta forma, esta formaci\u00f3n sustituye al Israel Premier Tech, diana de las importantes protestas en contra de su participaci\u00f3n en la Vuelta a Espa\u00f1a con el conflicto en la franja de Gaza como tel\u00f3n de fondo. Incluso la organizaci\u00f3n se vio obligada a anular la \u00faltima etapa a causa de los altercados producidos en Madrid. <\/p>\n<p class=\"v-p\">A principios de este mes, el grupo canadiense Premier Tech hab\u00eda anunciado que se retiraba de manera inmediata del equipo, estimando que era \u00abinsostenible\u00bb continuar adelante con el patrocinio. \u00abSi bien hemos tomado nota de la decisi\u00f3n del equipo de seguir con un nuevo nombre en la temporada 2026, la raz\u00f3n misma de nuestro compromiso con el equipo ha quedado eclipsada a tal punto que es ya insostenible para Premier Tech seguir en su rol de patrocinador del equipo\u00bb, explic\u00f3 entonces.<\/p>\n<p class=\"v-p\">Un mes antes, el equipo Israel PT hab\u00eda anunciado que iba a cambiar de nombre y que se iba a distanciar \u00abde la identidad israel\u00ed actual\u00bb. Tambi\u00e9n se\u00f1al\u00f3 que su propietario, el millonario israel\u00ed-canadiense Sylvan Adams, muy vinculado con el primer ministro israel\u00ed Benjam\u00edn Netanyahu, iba a pasar a un segundo plano y que ya no hablar\u00eda \u00abm\u00e1s en nombre del equipo\u00bb.<\/p>\n<p class=\"v-p\">\u00abEstamos orgullosos de acoger a NSN y Stoneweg en el equipo y de anunciar nuestro nuevo nombre e identidad\u00bb, afirm\u00f3 este jueves el m\u00e1nager general de NSN Cycling Team, Kjell Carlstr\u00f6m, citado en el comunicado. Seg\u00fan el texto, est\u00e1 prevista una concentraci\u00f3n de entrenamiento la pr\u00f3xima semana, mientras que \u00aben las pr\u00f3ximas semanas\u00bb se conocer\u00e1n los nuevos colores del equipo y su programa.<\/p>\n<p>Reporta un error<\/p>\n","protected":false},"excerpt":{"rendered":"Tendr\u00e1 \u00abestructura espa\u00f1ola\u00bb y cambiar\u00e1 nombre, de Israel Premier Tech a &#8216;NSN&#8217; para competir\u00e1 en el Tour bajo&hellip;\n","protected":false},"author":2,"featured_media":248327,"comment_status":"","ping_status":"","sticky":false,"template":"","format":"standard","meta":{"footnotes":""},"categories":[273],"tags":[63173,313,1757,10310,312,168,4269,622,25,24,26363,703,51201,23,167,1357],"class_list":{"0":"post-248326","1":"post","2":"type-post","3":"status-publish","4":"format-standard","5":"has-post-thumbnail","7":"category-ciclismo","8":"tag-boicoteado","9":"tag-ciclismo","10":"tag-ciclista","11":"tag-consigue","12":"tag-cycling","13":"tag-deportes","14":"tag-empresa","15":"tag-equipo","16":"tag-es","17":"tag-espana","18":"tag-iniesta","19":"tag-israeli","20":"tag-licencia","21":"tag-spain","22":"tag-sports","23":"tag-vuelta"},"share_on_mastodon":{"url":"https:\/\/pubeurope.com\/@es\/115588529636360506","error":""},"_links":{"self":[{"href":"https:\/\/www.europesays.com\/es\/wp-json\/wp\/v2\/posts\/248326","targetHints":{"allow":["GET"]}}],"collection":[{"href":"https:\/\/www.europesays.com\/es\/wp-json\/wp\/v2\/posts"}],"about":[{"href":"https:\/\/www.europesays.com\/es\/wp-json\/wp\/v2\/types\/post"}],"author":[{"embeddable":true,"href":"https:\/\/www.europesays.com\/es\/wp-json\/wp\/v2\/users\/2"}],"replies":[{"embeddable":true,"href":"https:\/\/www.europesays.com\/es\/wp-json\/wp\/v2\/comments?post=248326"}],"version-history":[{"count":0,"href":"https:\/\/www.europesays.com\/es\/wp-json\/wp\/v2\/posts\/248326\/revisions"}],"wp:featuredmedia":[{"embeddable":true,"href":"https:\/\/www.europesays.com\/es\/wp-json\/wp\/v2\/media\/248327"}],"wp:attachment":[{"href":"https:\/\/www.europesays.com\/es\/wp-json\/wp\/v2\/media?parent=248326"}],"wp:term":[{"taxonomy":"category","embeddable":true,"href":"https:\/\/www.europesays.com\/es\/wp-json\/wp\/v2\/categories?post=248326"},{"taxonomy":"post_tag","embeddable":true,"href":"https:\/\/www.europesays.com\/es\/wp-json\/wp\/v2\/tags?post=248326"}],"curies":[{"name":"wp","href":"https:\/\/api.w.org\/{rel}","templated":true}]}}