{"id":248343,"date":"2025-11-21T16:13:09","date_gmt":"2025-11-21T16:13:09","guid":{"rendered":"https:\/\/www.europesays.com\/es\/248343\/"},"modified":"2025-11-21T16:13:09","modified_gmt":"2025-11-21T16:13:09","slug":"pedro-sanchez-asiste-a-la-imposicion-del-toison-de-oro-a-la-reina-sofia-felipe-gonzalez-miguel-herrero-y-rodriguez-de-minon-y-miquel-roca","status":"publish","type":"post","link":"https:\/\/www.europesays.com\/es\/248343\/","title":{"rendered":"Pedro S\u00e1nchez asiste a la imposici\u00f3n del Tois\u00f3n de Oro a la reina Sof\u00eda, Felipe Gonz\u00e1lez, Miguel Herrero y Rodr\u00edguez de Mi\u00f1\u00f3n y Miquel Roca"},"content":{"rendered":"<p>El rey Felipe VI ha impuesto a su madre, la reina Sof\u00eda, el collar de la Insigne Orden del Tois\u00f3n de Oro que le concedi\u00f3 el pasado mes de enero para reconocer p\u00fablicamente su dedicaci\u00f3n y entrega al servicio de Espa\u00f1a y de la Corona.<\/p>\n<p>El monarca tambi\u00e9n ha condecorado a los dos \u00abpadres\u00bb de la Constituci\u00f3n que est\u00e1n vivos, Miguel Herrero y Rodr\u00edguez de Mi\u00f1\u00f3n y Miquel Roca i Junyent, por la dedicaci\u00f3n y entrega de ambos \u00abal servicio de Espa\u00f1a y de la Corona, a trav\u00e9s de sus esfuerzos para promover la convivencia y el ordenamiento constitucional\u00bb. De igual modo, el rey ha impuesto la m\u00e1xima distinci\u00f3n que otorga la Casa Real al expresidente del Gobierno Felipe Gonz\u00e1lez, por su \u00abdedicaci\u00f3n y entrega al servicio de Espa\u00f1a, de la Corona y de la integraci\u00f3n de nuestro pa\u00eds en Europa y en la comunidad internacional\u00bb. El Consejo de Ministros propuso estas \u00faltimas condecoraciones el pasado 21 de octubre.<\/p>\n<p>Con la concesi\u00f3n de estos cuatro collares del Tois\u00f3n de Oro, la Corona quiere reconocer a quienes, desde distintos \u00e1mbitos, contribuyeron a que la democracia espa\u00f1ola no solo fuera posible, sino que se consolidara.<\/p>\n<p>La ceremonia se ha enmarcado en los actos conmemorativos del 50 aniversario de la recuperaci\u00f3n de la monarqu\u00eda tras la muerte de Francisco Franco y la proclamaci\u00f3n como rey de Juan Carlos I, el 22 de noviembre de 1975.<\/p>\n<p>Al acto han asistido la presidenta del Congreso de los Diputados, Francina Armengol; el presidente del Senado, Pedro Roll\u00e1n; el presidente del Tribunal Constitucional, C\u00e1ndido Conde-Pumpido; y la presidenta del Tribunal Supremo y del Consejo General del Poder Judicial, Isabel Perell\u00f3, entre otras autoridades.<\/p>\n<p>Por parte del Gobierno, adem\u00e1s del presidente, han acudido la vicepresidenta primera y ministra de Hacienda, Mar\u00eda Jes\u00fas Montero; el ministro de la Presidencia, Justicia y Relaciones con las Cortes; F\u00e9lix Bola\u00f1os; el ministro de Asuntos Exteriores, Uni\u00f3n Europea y Cooperaci\u00f3n, Jos\u00e9 Manuel Albares; la ministra de Defensa, Margarita Robles; el ministro del Interior, Fernando Grande-Marlaska, y el ministro de Pol\u00edtica Territorial y Memoria Democr\u00e1tica, \u00c1ngel V\u00edctor Torres.<\/p>\n","protected":false},"excerpt":{"rendered":"El rey Felipe VI ha impuesto a su madre, la reina Sof\u00eda, el collar de la Insigne Orden&hellip;\n","protected":false},"author":2,"featured_media":248344,"comment_status":"","ping_status":"","sticky":false,"template":"","format":"standard","meta":{"footnotes":""},"categories":[91],"tags":[3382,146,147,25,24,1461,23],"class_list":{"0":"post-248343","1":"post","2":"type-post","3":"status-publish","4":"format-standard","5":"has-post-thumbnail","7":"category-entretenimiento","8":"tag-actividad","9":"tag-entertainment","10":"tag-entretenimiento","11":"tag-es","12":"tag-espana","13":"tag-presidente","14":"tag-spain"},"share_on_mastodon":{"url":"https:\/\/pubeurope.com\/@es\/115588576555293171","error":""},"_links":{"self":[{"href":"https:\/\/www.europesays.com\/es\/wp-json\/wp\/v2\/posts\/248343","targetHints":{"allow":["GET"]}}],"collection":[{"href":"https:\/\/www.europesays.com\/es\/wp-json\/wp\/v2\/posts"}],"about":[{"href":"https:\/\/www.europesays.com\/es\/wp-json\/wp\/v2\/types\/post"}],"author":[{"embeddable":true,"href":"https:\/\/www.europesays.com\/es\/wp-json\/wp\/v2\/users\/2"}],"replies":[{"embeddable":true,"href":"https:\/\/www.europesays.com\/es\/wp-json\/wp\/v2\/comments?post=248343"}],"version-history":[{"count":0,"href":"https:\/\/www.europesays.com\/es\/wp-json\/wp\/v2\/posts\/248343\/revisions"}],"wp:featuredmedia":[{"embeddable":true,"href":"https:\/\/www.europesays.com\/es\/wp-json\/wp\/v2\/media\/248344"}],"wp:attachment":[{"href":"https:\/\/www.europesays.com\/es\/wp-json\/wp\/v2\/media?parent=248343"}],"wp:term":[{"taxonomy":"category","embeddable":true,"href":"https:\/\/www.europesays.com\/es\/wp-json\/wp\/v2\/categories?post=248343"},{"taxonomy":"post_tag","embeddable":true,"href":"https:\/\/www.europesays.com\/es\/wp-json\/wp\/v2\/tags?post=248343"}],"curies":[{"name":"wp","href":"https:\/\/api.w.org\/{rel}","templated":true}]}}