{"id":248349,"date":"2025-11-21T16:16:15","date_gmt":"2025-11-21T16:16:15","guid":{"rendered":"https:\/\/www.europesays.com\/es\/248349\/"},"modified":"2025-11-21T16:16:15","modified_gmt":"2025-11-21T16:16:15","slug":"la-comision-europea-expedienta-a-eslovaquia-por-privilegiar-el-derecho-nacional-sobre-el-europeo-en-su-constitucion-internacional","status":"publish","type":"post","link":"https:\/\/www.europesays.com\/es\/248349\/","title":{"rendered":"La Comisi\u00f3n Europea expedienta a Eslovaquia por privilegiar el derecho nacional sobre el europeo en su constituci\u00f3n | Internacional"},"content":{"rendered":"<p class=\"\">El choque entre Bruselas y Bratislava ha llegado. La Comisi\u00f3n Europea ha abierto un expediente a Eslovaquia por la reforma constitucional impulsada por el Gobierno de Robert Fico en la que prioriza el derecho nacional sobre el de la Uni\u00f3n. \u201cEsto contraviene el principio de primac\u00eda del Derecho de la UE, que es un elemento fundamental del ordenamiento jur\u00eddico de la UE\u201d, ha expuesto el Ejecutivo comunitario en un comunicado emitido este jueves. <\/p>\n<p class=\"\">El pasado 26 de septiembre, el parlamento eslovaco aprob\u00f3 una enmienda constitucional en la que daba prevalencia al derecho eslovaco para promocionar la \u201cidentidad nacional\u201d, especialmente en asuntos relacionados con la familia y el g\u00e9nero. \u201cLa Rep\u00fablica Eslovaca mantiene la soberan\u00eda en todos los asuntos de identidad nacional\u201d, <a href=\"https:\/\/www.reuters.com\/world\/slovakia-amends-constitution-promote-national-identity-2025-09-26\/\" target=\"_self\" rel=\"nofollow noopener\" title=\"https:\/\/www.reuters.com\/world\/slovakia-amends-constitution-promote-national-identity-2025-09-26\/\">se le\u00eda en la enmienda aprobada<\/a>. <\/p>\n<p class=\"\">Desde que el populista prorruso Robert Fico volvi\u00f3 a convertirse en primer ministro hace dos a\u00f1os, la colisi\u00f3n entre Bruselas y Bratislava por elementos cruciales de la UE sobrevolaba estas relaciones. En el informe sobre el Estado de derecho en los pa\u00edses de la UE del a\u00f1o pasado, por ejemplo, <a href=\"https:\/\/elpais.com\/internacional\/2024-07-24\/bruselas-reprocha-a-los-gobiernos-ultranacionalistas-de-hungria-y-eslovaquia-la-falta-de-medidas-contra-la-corrupcion.html\" target=\"_self\" rel=\"nofollow noopener\" title=\"https:\/\/elpais.com\/internacional\/2024-07-24\/bruselas-reprocha-a-los-gobiernos-ultranacionalistas-de-hungria-y-eslovaquia-la-falta-de-medidas-contra-la-corrupcion.html\">la Comisi\u00f3n reproch\u00f3 al Gobierno eslovaco su falta de medidas contra la corrupci\u00f3n<\/a>. La proximidad de Fico a Rusia tambi\u00e9n sobrevuela constantemente, si bien de una forma mucho m\u00e1s discreta que la ostentosa exhibici\u00f3n del primer ministro h\u00fangaro, Viktor Orb\u00e1n. Tambi\u00e9n hubo momentos de tensi\u00f3n a cuenta de su intervenci\u00f3n en la radio televisi\u00f3n p\u00fablica. No obstante, ha sido ahora cuando le han abierto un expediente por un asunto que choca con los principios de la Uni\u00f3n. <\/p>\n<p class=\"\">La iniciativa supone un choque claro con los tratados de la UE y sentencias del Tribunal de Justicia de la UE, que fallan sistem\u00e1ticamente que las normas comunitarias prevalecen sobre las nacionales. Por este motivo, la Comisi\u00f3n ha dado este viernes el primer paso en la apertura de todo expediente: el env\u00edo de una carta al Gobierno del pa\u00eds expedientado d\u00e1ndole un plazo de dos meses para rectificar o responder justificando la situaci\u00f3n. La siguiente fase, si no se arregla en la primera etapa, consiste en el env\u00edo de un dictamen motivado que tambi\u00e9n debe obtener respuesta en dos meses. Si pasado todo este recorrido, la situaci\u00f3n no se subsana, el Ejecutivo de la UE puede enviar el caso a los tribunales. <\/p>\n<p class=\"\">Este procedimiento se pone en marcha en m\u00faltiples ocasiones con todos los Estados de la UE. Puede hacerse por no trasponer una directiva, por hacerlo mal o incumplir alg\u00fan plazo. Lo que hace particular este asunto es que choca con la base misma de la UE, la primac\u00eda del derecho europeo, un elemento central para el funcionamiento del mercado \u00fanico o el cumplimiento de la Carta de Derechos Fundamentales de la UE, entre los que est\u00e1 la libertad sexual. <\/p>\n<p class=\"\">\u201cIncluso cuando un Estado miembro modifica su Constituci\u00f3n, el ejercicio de la competencia nacional no puede eludir la necesidad de cumplir los principios fundamentales del Derecho de la Uni\u00f3n. La Comisi\u00f3n expres\u00f3 sus preocupaciones a las autoridades eslovacas antes de la adopci\u00f3n de las modificaciones. Sin embargo, estas se adoptaron sin tener en cuenta las preocupaciones de la Comisi\u00f3n\u201d, ha explicado el Ejecutivo comunitario en su comunicado.<\/p>\n<p class=\"\">Fico, junto con Orb\u00e1n, encabezaba hasta hace unas semanas el frente de pa\u00edses gobernados por populistas prorrusos en la UE. No obstante, el eslovaco siempre ha dejado el protagonismo a Hungr\u00eda en ese frente. De hecho, es Budapest el pa\u00eds que m\u00e1s problemas pone a la aprobaci\u00f3n de las sanciones a Rusia por su invasi\u00f3n de Ucrania. A ese frente se ha unido ahora el nuevo <a href=\"https:\/\/elpais.com\/internacional\/2025-11-03\/el-populista-checo-babis-cierra-un-acuerdo-de-coalicion-con-dos-partidos-ultras-y-euroescepticos.html\" target=\"_self\" rel=\"nofollow noopener\" title=\"https:\/\/elpais.com\/internacional\/2025-11-03\/el-populista-checo-babis-cierra-un-acuerdo-de-coalicion-con-dos-partidos-ultras-y-euroescepticos.html\">primer ministro checo, Andrej Babis<\/a>, que tambi\u00e9n ocup\u00f3 ese puesto en el pasado. Tanto Fico como Babis tuvieron problemas con Bruselas en periodos anteriores al frente del gobierno por asuntos derivados directamente de su euroescepticismo. <\/p>\n","protected":false},"excerpt":{"rendered":"El choque entre Bruselas y Bratislava ha llegado. La Comisi\u00f3n Europea ha abierto un expediente a Eslovaquia por&hellip;\n","protected":false},"author":2,"featured_media":248350,"comment_status":"","ping_status":"","sticky":false,"template":"","format":"standard","meta":{"footnotes":""},"categories":[42],"tags":[63179,17,18,1708,32674,63178,700,13,14,11,61,62,63,64,19,20,9,10,15,16,63177,12,21,22,1617,13020,65,66,67],"class_list":{"0":"post-248349","1":"post","2":"type-post","3":"status-publish","4":"format-standard","5":"has-post-thumbnail","7":"category-internacional","8":"tag-andrej-babis","9":"tag-breaking-news","10":"tag-breakingnews","11":"tag-comision-europea","12":"tag-eslovaquia","13":"tag-estado-de-derecho","14":"tag-europa","15":"tag-featured-news","16":"tag-featurednews","17":"tag-headlines","18":"tag-internacional","19":"tag-international","20":"tag-international-news","21":"tag-internationalnews","22":"tag-latest-news","23":"tag-latestnews","24":"tag-news","25":"tag-noticias","26":"tag-noticias-destacadas","27":"tag-noticiasdestacadas","28":"tag-robert-fico","29":"tag-titulares","30":"tag-ultimas-noticias","31":"tag-ultimasnoticias","32":"tag-union-europea","33":"tag-viktor-orban","34":"tag-world","35":"tag-world-news","36":"tag-worldnews"},"share_on_mastodon":{"url":"","error":"Validation failed: Text character limit of 500 exceeded"},"_links":{"self":[{"href":"https:\/\/www.europesays.com\/es\/wp-json\/wp\/v2\/posts\/248349","targetHints":{"allow":["GET"]}}],"collection":[{"href":"https:\/\/www.europesays.com\/es\/wp-json\/wp\/v2\/posts"}],"about":[{"href":"https:\/\/www.europesays.com\/es\/wp-json\/wp\/v2\/types\/post"}],"author":[{"embeddable":true,"href":"https:\/\/www.europesays.com\/es\/wp-json\/wp\/v2\/users\/2"}],"replies":[{"embeddable":true,"href":"https:\/\/www.europesays.com\/es\/wp-json\/wp\/v2\/comments?post=248349"}],"version-history":[{"count":0,"href":"https:\/\/www.europesays.com\/es\/wp-json\/wp\/v2\/posts\/248349\/revisions"}],"wp:featuredmedia":[{"embeddable":true,"href":"https:\/\/www.europesays.com\/es\/wp-json\/wp\/v2\/media\/248350"}],"wp:attachment":[{"href":"https:\/\/www.europesays.com\/es\/wp-json\/wp\/v2\/media?parent=248349"}],"wp:term":[{"taxonomy":"category","embeddable":true,"href":"https:\/\/www.europesays.com\/es\/wp-json\/wp\/v2\/categories?post=248349"},{"taxonomy":"post_tag","embeddable":true,"href":"https:\/\/www.europesays.com\/es\/wp-json\/wp\/v2\/tags?post=248349"}],"curies":[{"name":"wp","href":"https:\/\/api.w.org\/{rel}","templated":true}]}}