{"id":248351,"date":"2025-11-21T16:17:10","date_gmt":"2025-11-21T16:17:10","guid":{"rendered":"https:\/\/www.europesays.com\/es\/248351\/"},"modified":"2025-11-21T16:17:10","modified_gmt":"2025-11-21T16:17:10","slug":"el-vii-congreso-universidad-y-discapacidad-de-fundacion-once-se-clausura-en-la-ugr","status":"publish","type":"post","link":"https:\/\/www.europesays.com\/es\/248351\/","title":{"rendered":"El VII Congreso Universidad y Discapacidad de Fundaci\u00f3n ONCE se clausura en la UGR"},"content":{"rendered":"<p>El Congreso Internacional Universidad y Discapacidad de Fundaci\u00f3n ONCE, celebrado en Granada durante tres d\u00edas, cerr\u00f3 este viernes su VII edici\u00f3n con la lectura de un manifiesto que pide a las universidades que asuman \u201cun compromiso institucional y social profundo con la inclusi\u00f3n\u201d, y que garanticen as\u00ed la participaci\u00f3n plena de toda la comunidad universitaria. La vicerrectora de Igualdad, Inclusi\u00f3n y Compromiso Social de la UGR, Mar Venegas, ha presidido la clausura.<\/p>\n<p>\u201cLas universidades deben, desde su autonom\u00eda organizativa y con el apoyo de la sociedad y las distintas administraciones, crear oportunidades de desarrollo reales; identificar y suprimir todas las barreras a la participaci\u00f3n y el aprendizaje y promover la creaci\u00f3n de entornos m\u00e1s representativos y justos\u201d, reza el manifiesto.<\/p>\n<p><a href=\"https:\/\/canal.ugr.es\/noticia\/el-vii-congreso-universidad-y-discapacidad-de-fundacion-once-se-clausura-en-la-ugr-con-un-manifiesto-de-compromiso-institucional-y-social-por-la-inclusion\/\" rel=\"nofollow noopener\" target=\"_blank\">Seguir leyendo<\/a><\/p>\n","protected":false},"excerpt":{"rendered":"El Congreso Internacional Universidad y Discapacidad de Fundaci\u00f3n ONCE, celebrado en Granada durante tres d\u00edas, cerr\u00f3 este viernes&hellip;\n","protected":false},"author":2,"featured_media":248352,"comment_status":"","ping_status":"","sticky":false,"template":"","format":"standard","meta":{"footnotes":""},"categories":[8],"tags":[17,18,25,24,13,14,11,19,20,9,10,15,16,23,12,21,22],"class_list":{"0":"post-248351","1":"post","2":"type-post","3":"status-publish","4":"format-standard","5":"has-post-thumbnail","7":"category-espana","8":"tag-breaking-news","9":"tag-breakingnews","10":"tag-es","11":"tag-espana","12":"tag-featured-news","13":"tag-featurednews","14":"tag-headlines","15":"tag-latest-news","16":"tag-latestnews","17":"tag-news","18":"tag-noticias","19":"tag-noticias-destacadas","20":"tag-noticiasdestacadas","21":"tag-spain","22":"tag-titulares","23":"tag-ultimas-noticias","24":"tag-ultimasnoticias"},"share_on_mastodon":{"url":"https:\/\/pubeurope.com\/@es\/115588592275305649","error":""},"_links":{"self":[{"href":"https:\/\/www.europesays.com\/es\/wp-json\/wp\/v2\/posts\/248351","targetHints":{"allow":["GET"]}}],"collection":[{"href":"https:\/\/www.europesays.com\/es\/wp-json\/wp\/v2\/posts"}],"about":[{"href":"https:\/\/www.europesays.com\/es\/wp-json\/wp\/v2\/types\/post"}],"author":[{"embeddable":true,"href":"https:\/\/www.europesays.com\/es\/wp-json\/wp\/v2\/users\/2"}],"replies":[{"embeddable":true,"href":"https:\/\/www.europesays.com\/es\/wp-json\/wp\/v2\/comments?post=248351"}],"version-history":[{"count":0,"href":"https:\/\/www.europesays.com\/es\/wp-json\/wp\/v2\/posts\/248351\/revisions"}],"wp:featuredmedia":[{"embeddable":true,"href":"https:\/\/www.europesays.com\/es\/wp-json\/wp\/v2\/media\/248352"}],"wp:attachment":[{"href":"https:\/\/www.europesays.com\/es\/wp-json\/wp\/v2\/media?parent=248351"}],"wp:term":[{"taxonomy":"category","embeddable":true,"href":"https:\/\/www.europesays.com\/es\/wp-json\/wp\/v2\/categories?post=248351"},{"taxonomy":"post_tag","embeddable":true,"href":"https:\/\/www.europesays.com\/es\/wp-json\/wp\/v2\/tags?post=248351"}],"curies":[{"name":"wp","href":"https:\/\/api.w.org\/{rel}","templated":true}]}}