{"id":248357,"date":"2025-11-21T16:24:49","date_gmt":"2025-11-21T16:24:49","guid":{"rendered":"https:\/\/www.europesays.com\/es\/248357\/"},"modified":"2025-11-21T16:24:49","modified_gmt":"2025-11-21T16:24:49","slug":"bejar-fomenta-la-aficion-por-la-bicicleta","status":"publish","type":"post","link":"https:\/\/www.europesays.com\/es\/248357\/","title":{"rendered":"B\u00e9jar fomenta la afici\u00f3n por la bicicleta"},"content":{"rendered":"<p class=\"v-mdl-ath__p v-mdl-ath__p--6\">\nViernes, 21 de noviembre 2025, 11:33<\/p>\n<p class=\"v-p\">La escuela municipal de ciclismo de B\u00e9jar estrena este a\u00f1o un nuevo lugar de entrenamiento al igual que la escuela de alpino en l\u00ednea. Se trata del recinto ferial, donde los peque\u00f1os disponen de terreno para entrenar y un edificio para resguardarse en d\u00edas de lluvia.<\/p>\n<p class=\"v-p\">Se ocupa de dirigir esa escuela el exciclista profesional Mois\u00e9s Due\u00f1as que, con ayuda de cuatro monitores como son su hermano Jorge, Jorge Mart\u00edn, David Mart\u00edn y Javier Mateos (Lince), ha confirmado que se trata de una petici\u00f3n lanzada por la propia escuela para facilitar los entrenamientos de los alumnos.<\/p>\n<p class=\"v-p\">\u201cDentro del edificio podemos hacer gincanas, clases de mec\u00e1nica para arreglar bicicletas, habilidad y gimnasia\u201d ha explicado Mois\u00e9s Due\u00f1as. Considera ese cambio muy positivo porque carece de peligro por la ausencia de tr\u00e1fico y, por tanto, es m\u00e1s seguro para los alumnos.<\/p>\n<p class=\"v-p\">La escuela municipal comenz\u00f3 en el a\u00f1o 2015 cuando Mois\u00e9s Due\u00f1as se retir\u00f3 del ciclismo profesional. Naci\u00f3 con apenas tres peque\u00f1os y en la actualidad, cuenta con 18 a\u00f1os en una cifra similar a a\u00f1os anteriores.<\/p>\n<p class=\"v-p\">Adem\u00e1s, esa larga trayectoria de diez a\u00f1os ha hecho que el club de Mois\u00e9s Due\u00f1as pusiera en marcha equipos de m\u00e1s categor\u00edas como cadete y juvenil para dar respuesta a la gran afici\u00f3n que existe en la zona de B\u00e9jar y de Guijuelo. \u201cDesde los cinco a\u00f1os hasta los 18, pueden estar practicando ciclismo en los equipos que tenemos\u201d, ha afirmado.<\/p>\n<p class=\"v-p\">Ejemplos de esa afici\u00f3n son los hermanos Hugo y Luna que viajan desde Herv\u00e1s para practicar ese deporte. \u201cNos enteramos de que en B\u00e9jar hab\u00eda una escuela en B\u00e9jar y anim\u00e9 porque me gusta mucho entrenar\u201d ha afirmado Hugo. Para Alma, lo que m\u00e1s le gusta es que aprende mucho y que los compa\u00f1eros son muy amables y, finalmente, Marcos ha afirmado que le gusta el ferial.<\/p>\n<p>Una zona con f\u00e1cil acceso para entrenar en Monte Mario<\/p>\n<p class=\"v-p\">Los entrenamientos en el recinto ferial de B\u00e9jar permiten a los alumnos de la escuela municipal de ciclismo tener acceso r\u00e1pido a lugares como el parque forestal de Monte Mario.<\/p>\n<p class=\"v-p\">Acompa\u00f1ados por los monitores, utilizan ese recinto como lugar habitual de entrenamiento para la bicicleta de monta\u00f1a. Ese paraje ser\u00e1 el escenario del campeonato de Castilla y Le\u00f3n el 7 de febrero una vez que empiece las carreras dentro de la temporada.<\/p>\n<p><img decoding=\"async\" loading=\"lazy\" src=\"https:\/\/www.europesays.com\/es\/wp-content\/uploads\/2025\/11\/DSC_0722.JPG\" class=\"v-a-img\" width=\"720\" height=\"540\" alt=\"B\u00e9jar fomenta la afici\u00f3n por la bicicleta\"\/><\/p>\n<p><img decoding=\"async\" loading=\"lazy\" src=\"https:\/\/www.europesays.com\/es\/wp-content\/uploads\/2025\/11\/DSC_0722.JPG\" class=\"v-mdl__img-z\" width=\"720\" height=\"540\" alt=\"B\u00e9jar fomenta la afici\u00f3n por la bicicleta\"\/><\/p>\n<p><img loading=\"lazy\" decoding=\"async\" src=\"https:\/\/www.europesays.com\/es\/wp-content\/uploads\/2025\/11\/DSC_0722.JPG\" class=\"v-mdl__img-z\" width=\"720\" height=\"540\" alt=\"B\u00e9jar fomenta la afici\u00f3n por la bicicleta\"\/><\/p>\n<p><img decoding=\"async\" loading=\"lazy\" src=\"https:\/\/www.europesays.com\/es\/wp-content\/uploads\/2025\/11\/DSC_0719.JPG\" class=\"v-a-img\" width=\"720\" height=\"540\" alt=\"B\u00e9jar fomenta la afici\u00f3n por la bicicleta\"\/><\/p>\n<p><img decoding=\"async\" loading=\"lazy\" src=\"https:\/\/www.europesays.com\/es\/wp-content\/uploads\/2025\/11\/DSC_0719.JPG\" class=\"v-mdl__img-z\" width=\"720\" height=\"540\" alt=\"B\u00e9jar fomenta la afici\u00f3n por la bicicleta\"\/><\/p>\n<p><img loading=\"lazy\" decoding=\"async\" src=\"https:\/\/www.europesays.com\/es\/wp-content\/uploads\/2025\/11\/DSC_0719.JPG\" class=\"v-mdl__img-z\" width=\"720\" height=\"540\" alt=\"B\u00e9jar fomenta la afici\u00f3n por la bicicleta\"\/><\/p>\n<p><img decoding=\"async\" loading=\"lazy\" src=\"https:\/\/www.europesays.com\/es\/wp-content\/uploads\/2025\/11\/DSC_0698.JPG\" class=\"v-a-img\" width=\"720\" height=\"540\" alt=\"B\u00e9jar fomenta la afici\u00f3n por la bicicleta\"\/><\/p>\n<p><img decoding=\"async\" loading=\"lazy\" src=\"https:\/\/www.europesays.com\/es\/wp-content\/uploads\/2025\/11\/DSC_0698.JPG\" class=\"v-mdl__img-z\" width=\"720\" height=\"540\" alt=\"B\u00e9jar fomenta la afici\u00f3n por la bicicleta\"\/><\/p>\n<p><img loading=\"lazy\" decoding=\"async\" src=\"https:\/\/www.europesays.com\/es\/wp-content\/uploads\/2025\/11\/DSC_0698.JPG\" class=\"v-mdl__img-z\" width=\"720\" height=\"540\" alt=\"B\u00e9jar fomenta la afici\u00f3n por la bicicleta\"\/><\/p>\n<p><img decoding=\"async\" loading=\"lazy\" src=\"https:\/\/www.europesays.com\/es\/wp-content\/uploads\/2025\/11\/DSC_0695.JPG\" class=\"v-a-img\" width=\"720\" height=\"540\" alt=\"B\u00e9jar fomenta la afici\u00f3n por la bicicleta\"\/><\/p>\n<p><img decoding=\"async\" loading=\"lazy\" src=\"https:\/\/www.europesays.com\/es\/wp-content\/uploads\/2025\/11\/DSC_0695.JPG\" class=\"v-mdl__img-z\" width=\"720\" height=\"540\" alt=\"B\u00e9jar fomenta la afici\u00f3n por la bicicleta\"\/><\/p>\n<p><img loading=\"lazy\" decoding=\"async\" src=\"https:\/\/www.europesays.com\/es\/wp-content\/uploads\/2025\/11\/DSC_0695.JPG\" class=\"v-mdl__img-z\" width=\"720\" height=\"540\" alt=\"B\u00e9jar fomenta la afici\u00f3n por la bicicleta\"\/><\/p>\n<p><img decoding=\"async\" loading=\"lazy\" src=\"https:\/\/www.europesays.com\/es\/wp-content\/uploads\/2025\/11\/DSC_0687.JPG\" class=\"v-a-img\" width=\"720\" height=\"540\" alt=\"B\u00e9jar fomenta la afici\u00f3n por la bicicleta\"\/><\/p>\n<p><img decoding=\"async\" loading=\"lazy\" src=\"https:\/\/www.europesays.com\/es\/wp-content\/uploads\/2025\/11\/DSC_0687.JPG\" class=\"v-mdl__img-z\" width=\"720\" height=\"540\" alt=\"B\u00e9jar fomenta la afici\u00f3n por la bicicleta\"\/><\/p>\n<p><img loading=\"lazy\" decoding=\"async\" src=\"https:\/\/www.europesays.com\/es\/wp-content\/uploads\/2025\/11\/DSC_0687.JPG\" class=\"v-mdl__img-z\" width=\"720\" height=\"540\" alt=\"B\u00e9jar fomenta la afici\u00f3n por la bicicleta\"\/><\/p>\n<p><img decoding=\"async\" loading=\"lazy\" src=\"https:\/\/www.europesays.com\/es\/wp-content\/uploads\/2025\/11\/DSC_0690.JPG\" class=\"v-a-img\" width=\"720\" height=\"540\" alt=\"B\u00e9jar fomenta la afici\u00f3n por la bicicleta\"\/><\/p>\n<p><img decoding=\"async\" loading=\"lazy\" src=\"https:\/\/www.europesays.com\/es\/wp-content\/uploads\/2025\/11\/DSC_0690.JPG\" class=\"v-mdl__img-z\" width=\"720\" height=\"540\" alt=\"B\u00e9jar fomenta la afici\u00f3n por la bicicleta\"\/><\/p>\n<p><img loading=\"lazy\" decoding=\"async\" src=\"https:\/\/www.europesays.com\/es\/wp-content\/uploads\/2025\/11\/DSC_0690.JPG\" class=\"v-mdl__img-z\" width=\"720\" height=\"540\" alt=\"B\u00e9jar fomenta la afici\u00f3n por la bicicleta\"\/><\/p>\n<p><img decoding=\"async\" loading=\"lazy\" src=\"https:\/\/www.europesays.com\/es\/wp-content\/uploads\/2025\/11\/DSC_0679.JPG\" class=\"v-a-img\" width=\"720\" height=\"540\" alt=\"B\u00e9jar fomenta la afici\u00f3n por la bicicleta\"\/><\/p>\n<p><img decoding=\"async\" loading=\"lazy\" src=\"https:\/\/www.europesays.com\/es\/wp-content\/uploads\/2025\/11\/DSC_0679.JPG\" class=\"v-mdl__img-z\" width=\"720\" height=\"540\" alt=\"B\u00e9jar fomenta la afici\u00f3n por la bicicleta\"\/><\/p>\n<p><img loading=\"lazy\" decoding=\"async\" src=\"https:\/\/www.europesays.com\/es\/wp-content\/uploads\/2025\/11\/DSC_0679.JPG\" class=\"v-mdl__img-z\" width=\"720\" height=\"540\" alt=\"B\u00e9jar fomenta la afici\u00f3n por la bicicleta\"\/><\/p>\n<p><img decoding=\"async\" loading=\"lazy\" src=\"https:\/\/www.europesays.com\/es\/wp-content\/uploads\/2025\/11\/DSC_0678.JPG\" class=\"v-a-img\" width=\"720\" height=\"540\" alt=\"B\u00e9jar fomenta la afici\u00f3n por la bicicleta\"\/><\/p>\n<p><img decoding=\"async\" loading=\"lazy\" src=\"https:\/\/www.europesays.com\/es\/wp-content\/uploads\/2025\/11\/DSC_0678.JPG\" class=\"v-mdl__img-z\" width=\"720\" height=\"540\" alt=\"B\u00e9jar fomenta la afici\u00f3n por la bicicleta\"\/><\/p>\n<p><img loading=\"lazy\" decoding=\"async\" src=\"https:\/\/www.europesays.com\/es\/wp-content\/uploads\/2025\/11\/DSC_0678.JPG\" class=\"v-mdl__img-z\" width=\"720\" height=\"540\" alt=\"B\u00e9jar fomenta la afici\u00f3n por la bicicleta\"\/><\/p>\n<p><img decoding=\"async\" loading=\"lazy\" src=\"https:\/\/www.europesays.com\/es\/wp-content\/uploads\/2025\/11\/DSC_0665.JPG\" class=\"v-a-img\" width=\"720\" height=\"540\" alt=\"B\u00e9jar fomenta la afici\u00f3n por la bicicleta\"\/><\/p>\n<p><img decoding=\"async\" loading=\"lazy\" src=\"https:\/\/www.europesays.com\/es\/wp-content\/uploads\/2025\/11\/DSC_0665.JPG\" class=\"v-mdl__img-z\" width=\"720\" height=\"540\" alt=\"B\u00e9jar fomenta la afici\u00f3n por la bicicleta\"\/><\/p>\n<p><img loading=\"lazy\" decoding=\"async\" src=\"https:\/\/www.europesays.com\/es\/wp-content\/uploads\/2025\/11\/DSC_0665.JPG\" class=\"v-mdl__img-z\" width=\"720\" height=\"540\" alt=\"B\u00e9jar fomenta la afici\u00f3n por la bicicleta\"\/><\/p>\n<p><img decoding=\"async\" loading=\"lazy\" src=\"https:\/\/www.europesays.com\/es\/wp-content\/uploads\/2025\/11\/DSC_0660.JPG\" class=\"v-a-img\" width=\"720\" height=\"540\" alt=\"B\u00e9jar fomenta la afici\u00f3n por la bicicleta\"\/><\/p>\n<p><img decoding=\"async\" loading=\"lazy\" src=\"https:\/\/www.europesays.com\/es\/wp-content\/uploads\/2025\/11\/DSC_0660.JPG\" class=\"v-mdl__img-z\" width=\"720\" height=\"540\" alt=\"B\u00e9jar fomenta la afici\u00f3n por la bicicleta\"\/><\/p>\n<p><img loading=\"lazy\" decoding=\"async\" src=\"https:\/\/www.europesays.com\/es\/wp-content\/uploads\/2025\/11\/DSC_0660.JPG\" class=\"v-mdl__img-z\" width=\"720\" height=\"540\" alt=\"B\u00e9jar fomenta la afici\u00f3n por la bicicleta\"\/><\/p>\n<p><img decoding=\"async\" loading=\"lazy\" src=\"https:\/\/www.europesays.com\/es\/wp-content\/uploads\/2025\/11\/DSC_0646.JPG\" class=\"v-a-img\" width=\"720\" height=\"540\" alt=\"B\u00e9jar fomenta la afici\u00f3n por la bicicleta\"\/><\/p>\n<p><img decoding=\"async\" loading=\"lazy\" src=\"https:\/\/www.europesays.com\/es\/wp-content\/uploads\/2025\/11\/DSC_0646.JPG\" class=\"v-mdl__img-z\" width=\"720\" height=\"540\" alt=\"B\u00e9jar fomenta la afici\u00f3n por la bicicleta\"\/><\/p>\n<p><img loading=\"lazy\" decoding=\"async\" src=\"https:\/\/www.europesays.com\/es\/wp-content\/uploads\/2025\/11\/DSC_0646.JPG\" class=\"v-mdl__img-z\" width=\"720\" height=\"540\" alt=\"B\u00e9jar fomenta la afici\u00f3n por la bicicleta\"\/><\/p>\n<p><img decoding=\"async\" loading=\"lazy\" src=\"https:\/\/www.europesays.com\/es\/wp-content\/uploads\/2025\/11\/DSC_0645.JPG\" class=\"v-a-img\" width=\"720\" height=\"540\" alt=\"B\u00e9jar fomenta la afici\u00f3n por la bicicleta\"\/><\/p>\n<p><img decoding=\"async\" loading=\"lazy\" src=\"https:\/\/www.europesays.com\/es\/wp-content\/uploads\/2025\/11\/DSC_0645.JPG\" class=\"v-mdl__img-z\" width=\"720\" height=\"540\" alt=\"B\u00e9jar fomenta la afici\u00f3n por la bicicleta\"\/><\/p>\n<p><img loading=\"lazy\" decoding=\"async\" src=\"https:\/\/www.europesays.com\/es\/wp-content\/uploads\/2025\/11\/DSC_0645.JPG\" class=\"v-mdl__img-z\" width=\"720\" height=\"540\" alt=\"B\u00e9jar fomenta la afici\u00f3n por la bicicleta\"\/><\/p>\n<p><img decoding=\"async\" loading=\"lazy\" src=\"https:\/\/www.europesays.com\/es\/wp-content\/uploads\/2025\/11\/DSC_0635.JPG\" class=\"v-a-img\" width=\"720\" height=\"540\" alt=\"B\u00e9jar fomenta la afici\u00f3n por la bicicleta\"\/><\/p>\n<p><img decoding=\"async\" loading=\"lazy\" src=\"https:\/\/www.europesays.com\/es\/wp-content\/uploads\/2025\/11\/DSC_0635.JPG\" class=\"v-mdl__img-z\" width=\"720\" height=\"540\" alt=\"B\u00e9jar fomenta la afici\u00f3n por la bicicleta\"\/><\/p>\n<p><img loading=\"lazy\" decoding=\"async\" src=\"https:\/\/www.europesays.com\/es\/wp-content\/uploads\/2025\/11\/DSC_0635.JPG\" class=\"v-mdl__img-z\" width=\"720\" height=\"540\" alt=\"B\u00e9jar fomenta la afici\u00f3n por la bicicleta\"\/><\/p>\n<p><img decoding=\"async\" loading=\"lazy\" src=\"https:\/\/www.europesays.com\/es\/wp-content\/uploads\/2025\/11\/DSC_0632.JPG\" class=\"v-a-img\" width=\"720\" height=\"540\" alt=\"B\u00e9jar fomenta la afici\u00f3n por la bicicleta\"\/><\/p>\n<p><img decoding=\"async\" loading=\"lazy\" src=\"https:\/\/www.europesays.com\/es\/wp-content\/uploads\/2025\/11\/DSC_0632.JPG\" class=\"v-mdl__img-z\" width=\"720\" height=\"540\" alt=\"B\u00e9jar fomenta la afici\u00f3n por la bicicleta\"\/><\/p>\n<p><img loading=\"lazy\" decoding=\"async\" src=\"https:\/\/www.europesays.com\/es\/wp-content\/uploads\/2025\/11\/DSC_0632.JPG\" class=\"v-mdl__img-z\" width=\"720\" height=\"540\" alt=\"B\u00e9jar fomenta la afici\u00f3n por la bicicleta\"\/><\/p>\n<p><img decoding=\"async\" loading=\"lazy\" src=\"https:\/\/www.europesays.com\/es\/wp-content\/uploads\/2025\/11\/DSC_0617.JPG\" class=\"v-a-img\" width=\"720\" height=\"540\" alt=\"B\u00e9jar fomenta la afici\u00f3n por la bicicleta\"\/><\/p>\n<p><img decoding=\"async\" loading=\"lazy\" src=\"https:\/\/www.europesays.com\/es\/wp-content\/uploads\/2025\/11\/DSC_0617.JPG\" class=\"v-mdl__img-z\" width=\"720\" height=\"540\" alt=\"B\u00e9jar fomenta la afici\u00f3n por la bicicleta\"\/><\/p>\n<p><img loading=\"lazy\" decoding=\"async\" src=\"https:\/\/www.europesays.com\/es\/wp-content\/uploads\/2025\/11\/DSC_0617.JPG\" class=\"v-mdl__img-z\" width=\"720\" height=\"540\" alt=\"B\u00e9jar fomenta la afici\u00f3n por la bicicleta\"\/><\/p>\n<p><img decoding=\"async\" loading=\"lazy\" src=\"https:\/\/www.europesays.com\/es\/wp-content\/uploads\/2025\/11\/DSC_0611.JPG\" class=\"v-a-img\" width=\"720\" height=\"540\" alt=\"B\u00e9jar fomenta la afici\u00f3n por la bicicleta\"\/><\/p>\n<p><img decoding=\"async\" loading=\"lazy\" src=\"https:\/\/www.europesays.com\/es\/wp-content\/uploads\/2025\/11\/DSC_0611.JPG\" class=\"v-mdl__img-z\" width=\"720\" height=\"540\" alt=\"B\u00e9jar fomenta la afici\u00f3n por la bicicleta\"\/><\/p>\n<p><img loading=\"lazy\" decoding=\"async\" src=\"https:\/\/www.europesays.com\/es\/wp-content\/uploads\/2025\/11\/DSC_0611.JPG\" class=\"v-mdl__img-z\" width=\"720\" height=\"540\" alt=\"B\u00e9jar fomenta la afici\u00f3n por la bicicleta\"\/><\/p>\n<p><img decoding=\"async\" loading=\"lazy\" src=\"https:\/\/www.europesays.com\/es\/wp-content\/uploads\/2025\/11\/DSC_0607.JPG\" class=\"v-a-img\" width=\"720\" height=\"540\" alt=\"B\u00e9jar fomenta la afici\u00f3n por la bicicleta\"\/><\/p>\n<p><img decoding=\"async\" loading=\"lazy\" src=\"https:\/\/www.europesays.com\/es\/wp-content\/uploads\/2025\/11\/DSC_0607.JPG\" class=\"v-mdl__img-z\" width=\"720\" height=\"540\" alt=\"B\u00e9jar fomenta la afici\u00f3n por la bicicleta\"\/><\/p>\n<p><img loading=\"lazy\" decoding=\"async\" src=\"https:\/\/www.europesays.com\/es\/wp-content\/uploads\/2025\/11\/DSC_0607.JPG\" class=\"v-mdl__img-z\" width=\"720\" height=\"540\" alt=\"B\u00e9jar fomenta la afici\u00f3n por la bicicleta\"\/><\/p>\n<p><img decoding=\"async\" loading=\"lazy\" src=\"https:\/\/www.europesays.com\/es\/wp-content\/uploads\/2025\/11\/DSC_0602.JPG\" class=\"v-a-img\" width=\"720\" height=\"540\" alt=\"B\u00e9jar fomenta la afici\u00f3n por la bicicleta\"\/><\/p>\n<p><img decoding=\"async\" loading=\"lazy\" src=\"https:\/\/www.europesays.com\/es\/wp-content\/uploads\/2025\/11\/DSC_0602.JPG\" class=\"v-mdl__img-z\" width=\"720\" height=\"540\" alt=\"B\u00e9jar fomenta la afici\u00f3n por la bicicleta\"\/><\/p>\n<p><img loading=\"lazy\" decoding=\"async\" src=\"https:\/\/www.europesays.com\/es\/wp-content\/uploads\/2025\/11\/DSC_0602.JPG\" class=\"v-mdl__img-z\" width=\"720\" height=\"540\" alt=\"B\u00e9jar fomenta la afici\u00f3n por la bicicleta\"\/><\/p>\n<p><img decoding=\"async\" loading=\"lazy\" src=\"https:\/\/www.europesays.com\/es\/wp-content\/uploads\/2025\/11\/DSC_0601.JPG\" class=\"v-a-img\" width=\"720\" height=\"540\" alt=\"B\u00e9jar fomenta la afici\u00f3n por la bicicleta\"\/><\/p>\n<p><img decoding=\"async\" loading=\"lazy\" src=\"https:\/\/www.europesays.com\/es\/wp-content\/uploads\/2025\/11\/DSC_0601.JPG\" class=\"v-mdl__img-z\" width=\"720\" height=\"540\" alt=\"B\u00e9jar fomenta la afici\u00f3n por la bicicleta\"\/><\/p>\n<p><img loading=\"lazy\" decoding=\"async\" src=\"https:\/\/www.europesays.com\/es\/wp-content\/uploads\/2025\/11\/DSC_0601.JPG\" class=\"v-mdl__img-z\" width=\"720\" height=\"540\" alt=\"B\u00e9jar fomenta la afici\u00f3n por la bicicleta\"\/><\/p>\n<p><img decoding=\"async\" loading=\"lazy\" src=\"https:\/\/www.europesays.com\/es\/wp-content\/uploads\/2025\/11\/DSC_0599.JPG\" class=\"v-a-img\" width=\"720\" height=\"540\" alt=\"B\u00e9jar fomenta la afici\u00f3n por la bicicleta\"\/><\/p>\n<p><img decoding=\"async\" loading=\"lazy\" src=\"https:\/\/www.europesays.com\/es\/wp-content\/uploads\/2025\/11\/DSC_0599.JPG\" class=\"v-mdl__img-z\" width=\"720\" height=\"540\" alt=\"B\u00e9jar fomenta la afici\u00f3n por la bicicleta\"\/><\/p>\n<p><img loading=\"lazy\" decoding=\"async\" src=\"https:\/\/www.europesays.com\/es\/wp-content\/uploads\/2025\/11\/DSC_0599.JPG\" class=\"v-mdl__img-z\" width=\"720\" height=\"540\" alt=\"B\u00e9jar fomenta la afici\u00f3n por la bicicleta\"\/><\/p>\n<p><img decoding=\"async\" loading=\"lazy\" src=\"https:\/\/www.europesays.com\/es\/wp-content\/uploads\/2025\/11\/DSC_0598.JPG\" class=\"v-a-img\" width=\"720\" height=\"540\" alt=\"B\u00e9jar fomenta la afici\u00f3n por la bicicleta\"\/><\/p>\n<p><img decoding=\"async\" loading=\"lazy\" src=\"https:\/\/www.europesays.com\/es\/wp-content\/uploads\/2025\/11\/DSC_0598.JPG\" class=\"v-mdl__img-z\" width=\"720\" height=\"540\" alt=\"B\u00e9jar fomenta la afici\u00f3n por la bicicleta\"\/><\/p>\n<p><img loading=\"lazy\" decoding=\"async\" src=\"https:\/\/www.europesays.com\/es\/wp-content\/uploads\/2025\/11\/DSC_0598.JPG\" class=\"v-mdl__img-z\" width=\"720\" height=\"540\" alt=\"B\u00e9jar fomenta la afici\u00f3n por la bicicleta\"\/><\/p>\n<p><img decoding=\"async\" loading=\"lazy\" src=\"https:\/\/www.europesays.com\/es\/wp-content\/uploads\/2025\/11\/DSC_0604.JPG\" class=\"v-a-img\" width=\"720\" height=\"540\" alt=\"B\u00e9jar fomenta la afici\u00f3n por la bicicleta\"\/><\/p>\n<p><img decoding=\"async\" loading=\"lazy\" src=\"https:\/\/www.europesays.com\/es\/wp-content\/uploads\/2025\/11\/DSC_0604.JPG\" class=\"v-mdl__img-z\" width=\"720\" height=\"540\" alt=\"B\u00e9jar fomenta la afici\u00f3n por la bicicleta\"\/><\/p>\n<p><img loading=\"lazy\" decoding=\"async\" src=\"https:\/\/www.europesays.com\/es\/wp-content\/uploads\/2025\/11\/DSC_0604.JPG\" class=\"v-mdl__img-z\" width=\"720\" height=\"540\" alt=\"B\u00e9jar fomenta la afici\u00f3n por la bicicleta\"\/><\/p>\n","protected":false},"excerpt":{"rendered":"Viernes, 21 de noviembre 2025, 11:33 La escuela municipal de ciclismo de B\u00e9jar estrena este a\u00f1o un nuevo&hellip;\n","protected":false},"author":2,"featured_media":248358,"comment_status":"","ping_status":"","sticky":false,"template":"","format":"standard","meta":{"footnotes":""},"categories":[273],"tags":[3437,6609,7560,313,312,168,25,24,15670,23,167],"class_list":{"0":"post-248357","1":"post","2":"type-post","3":"status-publish","4":"format-standard","5":"has-post-thumbnail","7":"category-ciclismo","8":"tag-aficion","9":"tag-bejar","10":"tag-bicicleta","11":"tag-ciclismo","12":"tag-cycling","13":"tag-deportes","14":"tag-es","15":"tag-espana","16":"tag-fomenta","17":"tag-spain","18":"tag-sports"},"share_on_mastodon":{"url":"https:\/\/pubeurope.com\/@es\/115588626535034022","error":""},"_links":{"self":[{"href":"https:\/\/www.europesays.com\/es\/wp-json\/wp\/v2\/posts\/248357","targetHints":{"allow":["GET"]}}],"collection":[{"href":"https:\/\/www.europesays.com\/es\/wp-json\/wp\/v2\/posts"}],"about":[{"href":"https:\/\/www.europesays.com\/es\/wp-json\/wp\/v2\/types\/post"}],"author":[{"embeddable":true,"href":"https:\/\/www.europesays.com\/es\/wp-json\/wp\/v2\/users\/2"}],"replies":[{"embeddable":true,"href":"https:\/\/www.europesays.com\/es\/wp-json\/wp\/v2\/comments?post=248357"}],"version-history":[{"count":0,"href":"https:\/\/www.europesays.com\/es\/wp-json\/wp\/v2\/posts\/248357\/revisions"}],"wp:featuredmedia":[{"embeddable":true,"href":"https:\/\/www.europesays.com\/es\/wp-json\/wp\/v2\/media\/248358"}],"wp:attachment":[{"href":"https:\/\/www.europesays.com\/es\/wp-json\/wp\/v2\/media?parent=248357"}],"wp:term":[{"taxonomy":"category","embeddable":true,"href":"https:\/\/www.europesays.com\/es\/wp-json\/wp\/v2\/categories?post=248357"},{"taxonomy":"post_tag","embeddable":true,"href":"https:\/\/www.europesays.com\/es\/wp-json\/wp\/v2\/tags?post=248357"}],"curies":[{"name":"wp","href":"https:\/\/api.w.org\/{rel}","templated":true}]}}