{"id":248361,"date":"2025-11-21T16:27:08","date_gmt":"2025-11-21T16:27:08","guid":{"rendered":"https:\/\/www.europesays.com\/es\/248361\/"},"modified":"2025-11-21T16:27:08","modified_gmt":"2025-11-21T16:27:08","slug":"el-punto-de-encuentro-de-los-aficionados-del-real-zaragoza-en-eibar-bares-restaurantes-ambiente","status":"publish","type":"post","link":"https:\/\/www.europesays.com\/es\/248361\/","title":{"rendered":"El punto de encuentro de los aficionados del Real Zaragoza en \u00c9ibar: bares, restaurantes, ambiente&#8230;"},"content":{"rendered":"<p class=\"paragraph\"><a href=\"https:\/\/www.heraldo.es\/noticias\/deportes\/futbol\/real-zaragoza\/2025\/11\/20\/agotado-cupo-entradas-real-zaragoza-partido-eibar-ipurua-1871953.html\" title=\"La afici\u00f3n del Real Zaragoza agota las entradas para Eibar\" rel=\"nofollow noopener\" target=\"_blank\">La afici\u00f3n del Real Zaragoza responder\u00e1 en la visita a \u00c9ibar.<\/a> El cupo de <b>306 entradas<\/b> para la zona visitante que manejaba la entidad aragonesa se ha agotado y, adem\u00e1s, est\u00e1 previsto que la <b>Federaci\u00f3n de Pe\u00f1as<\/b> tambi\u00e9n ha cubierto ya las plazas (70) del <b>autob\u00fas fletado <\/b>hacia tierras vascas.<\/p>\n<p class=\"paragraph\">Tambi\u00e9n cabe recordar que, aprovechando la cercan\u00eda con \u00c9ibar (menos de 300 kil\u00f3metros) y el horario del partido (las 18.30 del s\u00e1bado) ser\u00e1n muchos los que <b>se desplazar\u00e1n en coches<\/b> particulares para pasar el fin de semana por all\u00ed  o incluso ir y volver en el mismo d\u00eda.<\/p>\n<p class=\"paragraph\">No es que la ciudad sea especialmente tur\u00edstica ni bonita, pero s\u00ed anda bien en cuanto a gastronom\u00eda. Se lleva mucho la costumbre vasca del &#8216;poteo&#8217;, una pr\u00e1ctica muy arraigada en la sociedad de la regi\u00f3n.<\/p>\n<p class=\"paragraph\">La gente acostumbra a\u00a0ir de bar en bar de pintxos y bebiendo sobre la marcha, tanto si eres vasco como si viajas desde fuera, como es el caso del m\u00e1s de medio millar de seguidores que el s\u00e1bado llegar\u00e1n desde Zaragoza.\u00a0<\/p>\n<p class=\"paragraph\">As\u00ed, atendiendo a lo que fueron a\u00f1os anteriores, desde el mediod\u00eda la <b>plaza de Unzaga -y los establecimientos contiguos- <\/b>se te\u00f1ir\u00e1 de blanquiazul, de zaragocistas introducidos en el ambiente de la previa de un partido clave para el conjunto de Rub\u00e9n Sell\u00e9s, que busca seguir escalando posiciones en la tabla.<\/p>\n<p class=\"paragraph\">En esa misma plaza Unzaga hay varios bares metidos en los porches y, si te introduces por la calle Toribio Etxebarr\u00eda tambi\u00e9n hay un buen pu\u00f1ado de tabernas con encanto.\u00a0<\/p>\n<p class=\"paragraph\">En ese sentido, cabe recordar que <b>el estadio de Ipur\u00faa est\u00e1 en lo alto<\/b> y que los aficionados suben hacia \u00e9l en escaleras mec\u00e1nicas -al estilo de la que se puede encontrar en cualquier centro comercial- y que, una vez arriba, tambi\u00e9n hay alg\u00fan barecito y la bolera Casa Cantabria.\u00a0<\/p>\n","protected":false},"excerpt":{"rendered":"La afici\u00f3n del Real Zaragoza responder\u00e1 en la visita a \u00c9ibar. El cupo de 306 entradas para la&hellip;\n","protected":false},"author":2,"featured_media":248362,"comment_status":"","ping_status":"","sticky":false,"template":"","format":"standard","meta":{"footnotes":""},"categories":[268],"tags":[2984,4952,168,437,25,24,280,282,2022,281,23,167,491],"class_list":{"0":"post-248361","1":"post","2":"type-post","3":"status-publish","4":"format-standard","5":"has-post-thumbnail","7":"category-futbol","8":"tag-aficionados","9":"tag-ambiente","10":"tag-deportes","11":"tag-encuentro","12":"tag-es","13":"tag-espana","14":"tag-football","15":"tag-futbol","16":"tag-restaurantes","17":"tag-soccer","18":"tag-spain","19":"tag-sports","20":"tag-zaragoza"},"share_on_mastodon":{"url":"","error":""},"_links":{"self":[{"href":"https:\/\/www.europesays.com\/es\/wp-json\/wp\/v2\/posts\/248361","targetHints":{"allow":["GET"]}}],"collection":[{"href":"https:\/\/www.europesays.com\/es\/wp-json\/wp\/v2\/posts"}],"about":[{"href":"https:\/\/www.europesays.com\/es\/wp-json\/wp\/v2\/types\/post"}],"author":[{"embeddable":true,"href":"https:\/\/www.europesays.com\/es\/wp-json\/wp\/v2\/users\/2"}],"replies":[{"embeddable":true,"href":"https:\/\/www.europesays.com\/es\/wp-json\/wp\/v2\/comments?post=248361"}],"version-history":[{"count":0,"href":"https:\/\/www.europesays.com\/es\/wp-json\/wp\/v2\/posts\/248361\/revisions"}],"wp:featuredmedia":[{"embeddable":true,"href":"https:\/\/www.europesays.com\/es\/wp-json\/wp\/v2\/media\/248362"}],"wp:attachment":[{"href":"https:\/\/www.europesays.com\/es\/wp-json\/wp\/v2\/media?parent=248361"}],"wp:term":[{"taxonomy":"category","embeddable":true,"href":"https:\/\/www.europesays.com\/es\/wp-json\/wp\/v2\/categories?post=248361"},{"taxonomy":"post_tag","embeddable":true,"href":"https:\/\/www.europesays.com\/es\/wp-json\/wp\/v2\/tags?post=248361"}],"curies":[{"name":"wp","href":"https:\/\/api.w.org\/{rel}","templated":true}]}}