{"id":248363,"date":"2025-11-21T16:28:20","date_gmt":"2025-11-21T16:28:20","guid":{"rendered":"https:\/\/www.europesays.com\/es\/248363\/"},"modified":"2025-11-21T16:28:20","modified_gmt":"2025-11-21T16:28:20","slug":"su-emocion-al-recibir-el-toison-de-oro-el-significado-del-look-elegido-y-el-beso-del-rey","status":"publish","type":"post","link":"https:\/\/www.europesays.com\/es\/248363\/","title":{"rendered":"su emoci\u00f3n al recibir el Tois\u00f3n de Oro, el significado del look elegido y el beso del Rey"},"content":{"rendered":"<p class=\"paragraph\" id=\"paragraph_1\">El 21 de noviembre de 2025 puede ser, sin duda, uno de los d\u00edas m\u00e1s felices y emotivos para la reina Sof\u00eda, que ha recibido un important\u00edsimo homenaje en el Palacio Real. El primero de los<strong> actos conmemorativos del 50 aniversario de la restauraci\u00f3n de la monarqu\u00eda<\/strong> en Espa\u00f1a la ha tenido a ella como protagonista, aunque no ha estado sola.<\/p>\n<p class=\"paragraph\" id=\"paragraph_2\">Felipe VI le ha impuesto el Tois\u00f3n de Oro a su madre, que le concedi\u00f3 mediante real decreto el pasado mes de enero por su \u201cdedicaci\u00f3n y entrega al servicio de Espa\u00f1a y de la Corona\u201d, en una ceremonia solemne a la que ha asistido la Familia Real al completo, incluidas la<strong> infanta Sof\u00eda y la princesa Leonor<\/strong>, orgullosas de su abuela.<\/p>\n<p class=\"paragraph\" id=\"paragraph_3\"><strong>Tambi\u00e9n han sido condecorados<\/strong> con la Insigne Orden, Felipe Gonz\u00e1lez, expresidente del Gobierno, por \u00abla integraci\u00f3n de nuestro pa\u00eds en Europa y en la comunidad internacional\u201d; Miguel Herrero y Rodr\u00edguez de Mi\u00f1\u00f3n por \u201csus esfuerzos para promover la convivencia y el ordenamiento constitucional\u201d; y Miguel Roca Junyent por \u201cpromover la convivencia y el ordenamiento constitucional\u201d.<\/p>\n<p><img decoding=\"async\" alt=\"La reina Sof\u00eda ha elegido un look rosa de Alejandro de Miguel.\" data-imgm=\"true\" height=\"240\" loading=\"lazy\"  src=\"https:\/\/www.europesays.com\/es\/wp-content\/uploads\/2025\/11\/1003744023976_260072101_854x640.jpg\"  width=\"320\"\/><\/p>\n<p>                                                            La reina Sof\u00eda ha elegido un look rosa de Alejandro de Miguel.<\/p>\n<p>                    Efe<\/p>\n<p class=\"paragraph\" id=\"paragraph_5\">Un d\u00eda hist\u00f3rico en el que hemos visto a una do\u00f1a Sof\u00eda muy emocionada. Ha entrado en el Sal\u00f3n del Trono mientras sonaban los violines, <strong>sonriente y saludando a los presentes<\/strong> hasta colocarse en su puesto. El acto ha comenzado con el significativo discurso de Felipe VI sobre la democracia y el camino hasta lograrla.<\/p>\n<p class=\"paragraph\" id=\"paragraph_6\">Por supuesto, la parte m\u00e1s emotiva eran las palabras que le ha dedicado a su madre, algo nervioso y con alguna dificultad para pronunciar una de las palabras. \u00abA mi madre,<strong> por una vida entera de servicio ejemplar y de lealtad a Espa\u00f1a<\/strong> y a la Corona <strong>apoyando con convicci\u00f3n al rey Juan Carlos I<\/strong> por su apertura temprana a la democracia y las libertades\u00bb.<\/p>\n<p class=\"paragraph\" id=\"paragraph_7\">Tambi\u00e9n ha puesto en valor el compromiso de do\u00f1a Sof\u00eda, su cercan\u00eda e implicaci\u00f3n en las causas sociales que han contribuido a hacer de esta una sociedad mejor. \u201cGracias por tu compromiso sostenido durante d\u00e9cadas \u2014todav\u00eda hoy\u2014 y ejercido con un profundo sentido del deber\u201d, le ha dicho.<\/p>\n<p class=\"paragraph\" id=\"paragraph_8\">La an\u00e9cdota de la jornada ha sucedido segundos antes de imponerle el Tois\u00f3n a la Em\u00e9rita. Quiz\u00e1 algo impaciente, ella <strong>se ha levantado antes de tiempo<\/strong> y ha tenido que volverse a sentar para esperar el momento preciso.<\/p>\n<p><img decoding=\"async\" alt=\"El Rey, muy cari\u00f1oso con su madre.\" data-imgm=\"true\" height=\"240\" loading=\"lazy\"  src=\"https:\/\/www.europesays.com\/es\/wp-content\/uploads\/2025\/11\/1003744024002_260072460_854x640.jpg\"  width=\"320\"\/><\/p>\n<p>                                                            El Rey, muy cari\u00f1oso con su madre.<\/p>\n<p>                    Efe<\/p>\n<p class=\"paragraph\" id=\"paragraph_10\">Seguidamente, ha caminado hacia el Rey, radiante, y le ha dado dos besos intercambiando un breve intercambio de palabras; \u00e9l, tras ponerle la condecoraci\u00f3n, <strong>le ha besado la mano como gesto de cari\u00f1o y respeto<\/strong>. Seguidamente, los presentes le han dedicado a la gran protagonista <strong>una larga ovaci\u00f3n<\/strong>. <\/p>\n<p class=\"paragraph\" id=\"paragraph_11\">En este tipo de ocasiones, como siempre repetimos, todo habla, incluso el estilismo. La reina em\u00e9rita ha elegido para su hist\u00f3rico homenaje<strong> el rosa, el mismo que us\u00f3 en la coronaci\u00f3n de Juan Carlos I<\/strong>, aunque esta vez en su versi\u00f3n empolvada. La tonalidad evoca la calma, la ternura y la paz y tambi\u00e9n se relaciona con la amabilidad y la compasi\u00f3n. <\/p>\n<p class=\"paragraph\" id=\"paragraph_12\">El look est\u00e1 firmado, nuevamente, por <strong>el dise\u00f1ador Alejandro de Miguel<\/strong>. Consta de un vestido largo con una chaqueta cl\u00e1sica de cuello redondo: muy adecuado para la ocasi\u00f3n porque es elegante pero sin estridencias. Curiosamente, la reina Letizia ha escogido el mismo color.<\/p>\n<p class=\"paragraph\" id=\"paragraph_13\">El dos piezas de do\u00f1a Sof\u00eda <strong>est\u00e1 hecho a medida en crepe de seda<\/strong> y es de la colecci\u00f3n 2026 de la firma, bordado en canutillo. En cuanto a las joyas, unos pendientes de perlas y diamantes de su joyero real y una pulsera de rub\u00edes. Esta pieza la llev\u00f3 en la proclamaci\u00f3n de Felipe VI y perteneci\u00f3 a Victoria Eugenia de Battenberg. Un gui\u00f1o a su hijo.<\/p>\n<p class=\"paragraph\" id=\"paragraph_14\">Ha sido todo muy protocolario, as\u00ed que hemos tenido que esperar al final del acto para ver a la princesa<strong> Leonor y la infanta Sof\u00eda acercarse a su abuela<\/strong> para felicitarla con dos besos. Por su parte, Letizia ha esperado al momento de la foto final para compartir unos momentos con su suegra y charlar durante unos segundos.<\/p>\n<p><img decoding=\"async\" alt=\"La reina Letizia, Leonor y Sof\u00eda felicitan a la Em\u00e9rita.\" data-imgm=\"true\" height=\"240\" loading=\"lazy\"  src=\"https:\/\/www.europesays.com\/es\/wp-content\/uploads\/2025\/11\/1003744024095_260073989_854x640.jpg\"  width=\"320\"\/><\/p>\n<p>                                                            La reina Letizia, Leonor y Sof\u00eda felicitan a la Em\u00e9rita.<\/p>\n<p>                    Efe<\/p>\n<p class=\"paragraph\" id=\"paragraph_16\">La heredera al trono y su hermana se han mostrado muy cari\u00f1osas con la em\u00e9rita. Cada una ha elegido un estilismo adecuado a su personalidad. La Princesa, un<strong> traje de chaqueta granate de estreno<\/strong> y zapatos babies negros. La segunda en la l\u00ednea de sucesi\u00f3n, pantal\u00f3n negro y un top gris de escote barco firmado por la marca espa\u00f1ola Vogana. <\/p>\n<p class=\"paragraph\" id=\"paragraph_17\">Finalizada la ceremonia con el consiguiente besamanos, la Familia Real se ha dirigido al Congreso para el segundo acto del d\u00eda, que lleva por lema &#8217;50 a\u00f1os despu\u00e9s: la Corona en el tr\u00e1nsito a la democracia&#8217;. Esto en la parte institucional, el s\u00e1bado 22 <strong>habr\u00e1 un almuerzo familiar en El Pardo<\/strong>, al que s\u00ed asistir\u00e1 Juan Carlos I, las infantas y sus hijos.<\/p>\n","protected":false},"excerpt":{"rendered":"El 21 de noviembre de 2025 puede ser, sin duda, uno de los d\u00edas m\u00e1s felices y emotivos&hellip;\n","protected":false},"author":2,"featured_media":248364,"comment_status":"","ping_status":"","sticky":false,"template":"","format":"standard","meta":{"footnotes":""},"categories":[174],"tags":[6042,14486,255,146,147,25,24,256,11789,28655,23],"class_list":{"0":"post-248363","1":"post","2":"type-post","3":"status-publish","4":"format-standard","5":"has-post-thumbnail","7":"category-famosos","8":"tag-casa-real","9":"tag-casas-reales","10":"tag-celebrities","11":"tag-entertainment","12":"tag-entretenimiento","13":"tag-es","14":"tag-espana","15":"tag-famosos","16":"tag-reina-sofia","17":"tag-royals","18":"tag-spain"},"share_on_mastodon":{"url":"https:\/\/pubeurope.com\/@es\/115588636200887337","error":""},"_links":{"self":[{"href":"https:\/\/www.europesays.com\/es\/wp-json\/wp\/v2\/posts\/248363","targetHints":{"allow":["GET"]}}],"collection":[{"href":"https:\/\/www.europesays.com\/es\/wp-json\/wp\/v2\/posts"}],"about":[{"href":"https:\/\/www.europesays.com\/es\/wp-json\/wp\/v2\/types\/post"}],"author":[{"embeddable":true,"href":"https:\/\/www.europesays.com\/es\/wp-json\/wp\/v2\/users\/2"}],"replies":[{"embeddable":true,"href":"https:\/\/www.europesays.com\/es\/wp-json\/wp\/v2\/comments?post=248363"}],"version-history":[{"count":0,"href":"https:\/\/www.europesays.com\/es\/wp-json\/wp\/v2\/posts\/248363\/revisions"}],"wp:featuredmedia":[{"embeddable":true,"href":"https:\/\/www.europesays.com\/es\/wp-json\/wp\/v2\/media\/248364"}],"wp:attachment":[{"href":"https:\/\/www.europesays.com\/es\/wp-json\/wp\/v2\/media?parent=248363"}],"wp:term":[{"taxonomy":"category","embeddable":true,"href":"https:\/\/www.europesays.com\/es\/wp-json\/wp\/v2\/categories?post=248363"},{"taxonomy":"post_tag","embeddable":true,"href":"https:\/\/www.europesays.com\/es\/wp-json\/wp\/v2\/tags?post=248363"}],"curies":[{"name":"wp","href":"https:\/\/api.w.org\/{rel}","templated":true}]}}