{"id":248379,"date":"2025-11-21T16:37:10","date_gmt":"2025-11-21T16:37:10","guid":{"rendered":"https:\/\/www.europesays.com\/es\/248379\/"},"modified":"2025-11-21T16:37:10","modified_gmt":"2025-11-21T16:37:10","slug":"pokemon-tcg-pocket-confirma-la-fecha-de-su-proxima-expansion-primeros-detalles","status":"publish","type":"post","link":"https:\/\/www.europesays.com\/es\/248379\/","title":{"rendered":"Pok\u00e9mon TCG Pocket confirma la fecha de su pr\u00f3xima expansi\u00f3n: primeros detalles"},"content":{"rendered":"<p>Para cerrar el mes de octubre, y celebrar su primer aniversario, <strong><a href=\"https:\/\/nintenduo.com\/juegos\/jcc-pokemon-pocket\/\" rel=\"nofollow noopener\" target=\"_blank\">Pok\u00e9mon TCG Pocket<\/a><\/strong> lanz\u00f3 la <a href=\"https:\/\/nintenduo.com\/expansion-megaascenso-jcc-pokemon-tcg-pocket-fecha-detalles\/\" rel=\"nofollow noopener\" target=\"_blank\">expansi\u00f3n <strong>Megaascenso<\/strong><\/a>, un enorme <strong>set de 3 sobres <\/strong>con el que da comienzo a una nueva temporada. Ahora, ya sabemos cu\u00e1ndo dar\u00e1 su pr\u00f3ximo paso con m\u00e1s cartas nuevas, porque ya tenemos <strong>fecha de la pr\u00f3xima expansi\u00f3n de JCC Pok\u00e9mon Pocket<\/strong>.<\/p>\n<p>El <strong>set B1a de Pok\u00e9mon TCG Pocket<\/strong> llegar\u00e1 el pr\u00f3ximo <strong>mi\u00e9rcoles 17 de diciembre<\/strong>, coincidiendo con el <a href=\"https:\/\/nintenduo.com\/sobres-gratis-pokemon-tcg-pocket-evento-aniversario\/\" rel=\"nofollow noopener\" target=\"_blank\">fin de la segunda tanda de misiones del primer aniversario<\/a> del juego. La fecha l\u00edmite de este evento es una de las pistas que invitaban a pensar en el lanzamiento del nuevo set, aunque el elemento determinante es que dicha fecha ya aparece en el c\u00f3digo del juego.<\/p>\n<p><img loading=\"lazy\" decoding=\"async\" width=\"1024\" height=\"576\" src=\"data:image\/svg+xml,%3Csvg%20xmlns=\" http:=\"\" alt=\"Hora Sale Megaascenso JCC pokemon Pocket\" class=\"wp-image-87465\" data-lazy- data-lazy- data-lazy-src=\"https:\/\/www.europesays.com\/es\/wp-content\/uploads\/2025\/11\/Hora-Sale-Megaascenso-JCC-pokemon-Pocket-1024x576.webp.webp\"\/><\/p>\n<p>Los <strong>data miners<\/strong> han descubierto que la primera miniexpansi\u00f3n de esta nueva temporada llegar\u00e1 a mediados del mes que viene. Un cambio de tendencia bastante interesante ya que, por lo general, cada nueva expansi\u00f3n se lanzaba a finales de mes; pero que, en realidad, refleja <a href=\"https:\/\/nintenduo.com\/pokemon-tcg-pocket-expansion-isla-singular-fecha-detalles\/\" rel=\"nofollow noopener\" target=\"_blank\">lo mismo que se hizo con La Isla Singular<\/a>, que tambi\u00e9n lleg\u00f3 e<strong>l 17 de diciembre de 2024<\/strong>.<\/p>\n<p>\u00bfY qu\u00e9 podemos esperar de la <strong>nueva expansi\u00f3n de Pok\u00e9mon TCG Pocket de diciembre<\/strong>? Aunque se desconoce su tem\u00e1tica, sabemos que tendr\u00e1 solo un sobre, a diferencia de los tres de Megaascenso, y que tambi\u00e9n contar\u00e1 con menos cartas al tratarse de un miniset. Afortunadamente, sabremos m\u00e1s sobre ella <strong>en torno al 12 de diciembre<\/strong>.<\/p>\n<p><a href=\"https:\/\/www.pokemon-zone.com\/sets\/b1a\/\" target=\"_blank\" rel=\"noreferrer noopener nofollow\">Fuente<\/a><\/p>\n","protected":false},"excerpt":{"rendered":"Para cerrar el mes de octubre, y celebrar su primer aniversario, Pok\u00e9mon TCG Pocket lanz\u00f3 la expansi\u00f3n Megaascenso,&hellip;\n","protected":false},"author":2,"featured_media":248380,"comment_status":"","ping_status":"","sticky":false,"template":"","format":"standard","meta":{"footnotes":""},"categories":[81],"tags":[119,123,124,25,24,117,121,122,23,118,120],"class_list":{"0":"post-248379","1":"post","2":"type-post","3":"status-publish","4":"format-standard","5":"has-post-thumbnail","7":"category-ciencia-y-tecnologia","8":"tag-ciencia","9":"tag-ciencia-y-tecnologia","10":"tag-cienciaytecnologia","11":"tag-es","12":"tag-espana","13":"tag-science","14":"tag-science-and-technology","15":"tag-scienceandtechnology","16":"tag-spain","17":"tag-technology","18":"tag-tecnologia"},"share_on_mastodon":{"url":"https:\/\/pubeurope.com\/@es\/115588671601814487","error":""},"_links":{"self":[{"href":"https:\/\/www.europesays.com\/es\/wp-json\/wp\/v2\/posts\/248379","targetHints":{"allow":["GET"]}}],"collection":[{"href":"https:\/\/www.europesays.com\/es\/wp-json\/wp\/v2\/posts"}],"about":[{"href":"https:\/\/www.europesays.com\/es\/wp-json\/wp\/v2\/types\/post"}],"author":[{"embeddable":true,"href":"https:\/\/www.europesays.com\/es\/wp-json\/wp\/v2\/users\/2"}],"replies":[{"embeddable":true,"href":"https:\/\/www.europesays.com\/es\/wp-json\/wp\/v2\/comments?post=248379"}],"version-history":[{"count":0,"href":"https:\/\/www.europesays.com\/es\/wp-json\/wp\/v2\/posts\/248379\/revisions"}],"wp:featuredmedia":[{"embeddable":true,"href":"https:\/\/www.europesays.com\/es\/wp-json\/wp\/v2\/media\/248380"}],"wp:attachment":[{"href":"https:\/\/www.europesays.com\/es\/wp-json\/wp\/v2\/media?parent=248379"}],"wp:term":[{"taxonomy":"category","embeddable":true,"href":"https:\/\/www.europesays.com\/es\/wp-json\/wp\/v2\/categories?post=248379"},{"taxonomy":"post_tag","embeddable":true,"href":"https:\/\/www.europesays.com\/es\/wp-json\/wp\/v2\/tags?post=248379"}],"curies":[{"name":"wp","href":"https:\/\/api.w.org\/{rel}","templated":true}]}}