{"id":248382,"date":"2025-11-21T16:39:10","date_gmt":"2025-11-21T16:39:10","guid":{"rendered":"https:\/\/www.europesays.com\/es\/248382\/"},"modified":"2025-11-21T16:39:10","modified_gmt":"2025-11-21T16:39:10","slug":"muere-piloto-tras-estrellarse-un-caza-indio-en-el-salon-aeronautico-de-dubai","status":"publish","type":"post","link":"https:\/\/www.europesays.com\/es\/248382\/","title":{"rendered":"Muere piloto tras estrellarse un caza indio en el Sal\u00f3n Aeron\u00e1utico de Dub\u00e1i"},"content":{"rendered":"<p>      CNN<br \/>\n        \u00a0\u2014\u00a0<\/p>\n<p class=\"paragraph inline-placeholder vossi-paragraph\" data-uri=\"es.cms.cnn.com\/_components\/paragraph\/instances\/cmi8sbuf8004n25qae8jg6awe@published\" data-editable=\"text\" data-component-name=\"paragraph\" data-article-gutter=\"true\">\n            Un avi\u00f3n de combate de la Fuerza A\u00e9rea India (FAI) se estrell\u00f3 y qued\u00f3 envuelto en llamas durante una exhibici\u00f3n a\u00e9rea en el Sal\u00f3n Aeron\u00e1utico de Dub\u00e1i este viernes, causando la muerte del piloto, seg\u00fan informaron la Oficina de Medios de Dub\u00e1i y la FAI.\n    <\/p>\n<p class=\"paragraph inline-placeholder vossi-paragraph\" data-uri=\"es.cms.cnn.com\/_components\/paragraph\/instances\/cmi8sc20g0004356nrr5uyvjm@published\" data-editable=\"text\" data-component-name=\"paragraph\" data-article-gutter=\"true\">\n            En im\u00e1genes captadas por espectadores durante el \u00faltimo d\u00eda de una de las mayores exposiciones de aviaci\u00f3n y defensa del mundo, se observa al avi\u00f3n Tejas invertido antes de perder el control y precipitarse al suelo envuelto en llamas.\n    <\/p>\n<p class=\"paragraph inline-placeholder vossi-paragraph\" data-uri=\"es.cms.cnn.com\/_components\/paragraph\/instances\/cmi8sc20g0005356n9m2b4yun@published\" data-editable=\"text\" data-component-name=\"paragraph\" data-article-gutter=\"true\">\n            Un espectador, en declaraciones al peri\u00f3dico local The National, describi\u00f3 el ambiente sombr\u00edo que sigui\u00f3 al accidente: \u201cEl piloto volaba boca abajo. Intent\u00f3 corregir la trayectoria\u201d, declar\u00f3 al peri\u00f3dico Will Gilmore, un brit\u00e1nico.\n    <\/p>\n<p class=\"paragraph inline-placeholder vossi-paragraph\" data-uri=\"es.cms.cnn.com\/_components\/paragraph\/instances\/cmi90erle0002356nd5fnv9xy@published\" data-editable=\"text\" data-component-name=\"paragraph\" data-article-gutter=\"true\">\n            \u201cEn ese momento pens\u00e9 que volaba muy bajo y que no ten\u00eda tiempo de recuperar la posici\u00f3n\u201d, agreg\u00f3.\n    <\/p>\n<p class=\"paragraph inline-placeholder vossi-paragraph\" data-uri=\"es.cms.cnn.com\/_components\/paragraph\/instances\/cmi90d3100000356nfnf1j64s@published\" data-editable=\"text\" data-component-name=\"paragraph\" data-article-gutter=\"true\">\n            La FAI utiliz\u00f3 la plataforma de redes sociales X para expresar su pesar tras el accidente, ofreciendo sus condolencias a la familia del piloto y a\u00f1adiendo que se llevar\u00e1 a cabo una investigaci\u00f3n para determinar la causa del siniestro.\n    <\/p>\n<p class=\"paragraph inline-placeholder vossi-paragraph\" data-uri=\"es.cms.cnn.com\/_components\/paragraph\/instances\/cmi90f87d0007356n6530svy4@published\" data-editable=\"text\" data-component-name=\"paragraph\" data-article-gutter=\"true\">\n            Este es el segundo incidente conocido que involucra al avi\u00f3n de combate Tejas, construido por la empresa estatal Hindustan Aeronautics Ltd. Un ejercicio con esta aeronave en 2024 tambi\u00e9n termin\u00f3 en un accidente, seg\u00fan Reuters.\n    <\/p>\n","protected":false},"excerpt":{"rendered":"CNN \u00a0\u2014\u00a0 Un avi\u00f3n de combate de la Fuerza A\u00e9rea India (FAI) se estrell\u00f3 y qued\u00f3 envuelto en&hellip;\n","protected":false},"author":2,"featured_media":248383,"comment_status":"","ping_status":"","sticky":false,"template":"","format":"standard","meta":{"footnotes":""},"categories":[42],"tags":[13235,17,18,6802,13,14,11,61,62,63,64,19,20,9,10,15,16,14725,12,21,22,65,66,67],"class_list":{"0":"post-248382","1":"post","2":"type-post","3":"status-publish","4":"format-standard","5":"has-post-thumbnail","7":"category-internacional","8":"tag-accidente-aereo","9":"tag-breaking-news","10":"tag-breakingnews","11":"tag-dubai","12":"tag-featured-news","13":"tag-featurednews","14":"tag-headlines","15":"tag-internacional","16":"tag-international","17":"tag-international-news","18":"tag-internationalnews","19":"tag-latest-news","20":"tag-latestnews","21":"tag-news","22":"tag-noticias","23":"tag-noticias-destacadas","24":"tag-noticiasdestacadas","25":"tag-piloto","26":"tag-titulares","27":"tag-ultimas-noticias","28":"tag-ultimasnoticias","29":"tag-world","30":"tag-world-news","31":"tag-worldnews"},"share_on_mastodon":{"url":"","error":""},"_links":{"self":[{"href":"https:\/\/www.europesays.com\/es\/wp-json\/wp\/v2\/posts\/248382","targetHints":{"allow":["GET"]}}],"collection":[{"href":"https:\/\/www.europesays.com\/es\/wp-json\/wp\/v2\/posts"}],"about":[{"href":"https:\/\/www.europesays.com\/es\/wp-json\/wp\/v2\/types\/post"}],"author":[{"embeddable":true,"href":"https:\/\/www.europesays.com\/es\/wp-json\/wp\/v2\/users\/2"}],"replies":[{"embeddable":true,"href":"https:\/\/www.europesays.com\/es\/wp-json\/wp\/v2\/comments?post=248382"}],"version-history":[{"count":0,"href":"https:\/\/www.europesays.com\/es\/wp-json\/wp\/v2\/posts\/248382\/revisions"}],"wp:featuredmedia":[{"embeddable":true,"href":"https:\/\/www.europesays.com\/es\/wp-json\/wp\/v2\/media\/248383"}],"wp:attachment":[{"href":"https:\/\/www.europesays.com\/es\/wp-json\/wp\/v2\/media?parent=248382"}],"wp:term":[{"taxonomy":"category","embeddable":true,"href":"https:\/\/www.europesays.com\/es\/wp-json\/wp\/v2\/categories?post=248382"},{"taxonomy":"post_tag","embeddable":true,"href":"https:\/\/www.europesays.com\/es\/wp-json\/wp\/v2\/tags?post=248382"}],"curies":[{"name":"wp","href":"https:\/\/api.w.org\/{rel}","templated":true}]}}