{"id":248386,"date":"2025-11-21T16:41:09","date_gmt":"2025-11-21T16:41:09","guid":{"rendered":"https:\/\/www.europesays.com\/es\/248386\/"},"modified":"2025-11-21T16:41:09","modified_gmt":"2025-11-21T16:41:09","slug":"javier-fernandez-fija-en-los-recursos-y-en-la-conciliacion-las-claves-para-que-en-el-campo-sevillano-se-produzca-un-relevo-generacional-que-quiera-emprender","status":"publish","type":"post","link":"https:\/\/www.europesays.com\/es\/248386\/","title":{"rendered":"Javier Fern\u00e1ndez fija en los recursos y en la conciliaci\u00f3n las claves para que \u00aben el campo sevillano se produzca un relevo generacional que quiera emprender\u00bb"},"content":{"rendered":"<p align=\"justify\">El presidente de la Diputaci\u00f3n, Javier Fern\u00e1ndez, ha asistido hoy en Los Palacios a la clausura del XII Congreso Provincial de la Coordinadora de Organizaciones de Agricultores y Ganaderos, COAG-Sevilla, donde ha puesto en valor la agricultura como \u201cun sector absolutamente estrat\u00e9gico en la provincia, que gener\u00e1is empleo, que gener\u00e1is riqueza, que le dais de comer a la gente y, sobre todo, que cohesion\u00e1is tambi\u00e9n a nuestros municipios\u201d.<\/p>\n<p align=\"justify\">\u00a0<\/p>\n<p align=\"justify\">Fern\u00e1ndez ha fijado en la disponibilidad de recursos y en la conciliaci\u00f3n las claves necesarias para que \u201cen el campo sevillano se produzca ese relevo generacional que quiera emprender. Un relevo generacional que hay que abordar, de la misma manera que hay que abordar la definitiva incorporaci\u00f3n de la mujer al sector agrario sevillano\u201d.<\/p>\n<p align=\"justify\">\u00a0<\/p>\n<p align=\"justify\">\u201cHay que buscar espacio para que los relevos generacionales se incorporen, siempre que su trabajo en el campo, en la explotaci\u00f3n de las fincas y de las tierras, permitan tambi\u00e9n disfrutar de calidad de vida, sin la que se provoca que la gente joven no d\u00e9 el paso para hacerse cargo de la agricultura\u201d.<\/p>\n<p align=\"justify\">\u00a0<\/p>\n<p align=\"justify\">Tambi\u00e9n ha enunciado el presidente provincial los retos a los que, en su opini\u00f3n, tiene que atender la agricultura sevillana: el cambio clim\u00e1tico, la escasez de agua y la subsiguiente modernizaci\u00f3n del regad\u00edo, la innovaci\u00f3n en t\u00e9cnicas de trabajo pero tambi\u00e9n en la b\u00fasqueda de cultivos m\u00e1s resistentes a las nuevas condiciones clim\u00e1ticas.<\/p>\n<p align=\"justify\">\u00a0<\/p>\n<p align=\"justify\">\u201cTen\u00e9is otro debate profundo, que es el de la PAC, la nueva pol\u00edtica agraria com\u00fan, donde la propuesta puesta encima de la mesa por la Comisi\u00f3n Europea no viene a resolver y no viene a dar respuesta a las demandas y a las necesidades que hay. Y yo creo que ah\u00ed el Gobierno de Espa\u00f1a ya ha mostrado su contundencia en decir que esta propuesta no es la que Espa\u00f1a necesita y habr\u00e1 que coger esa bandera y seguir insistiendo para que sea una propuesta que permita tener en cuenta todas las cuestiones sobre esos retos que tiene el campo de cara al futuro\u201d.<\/p>\n<p align=\"justify\">\u00a0<\/p>\n<p align=\"justify\">En este acto de clausura, con el secretario provincial de COAG-Sevilla, Sebasti\u00e1n Gonz\u00e1lez Lineros, han participado tambi\u00e9n Jos\u00e9 Antonio Troncoso, director de la Oficina Comarcal Agraria La Campi\u00f1a, que tiene su sede en \u00c9cija; Francisco Arenas, responsable del Centro IFAPA Las Torres de Los Palacios y Villafranca, y el alcalde de este municipio, Juan Manuel Valle.<\/p>\n<p align=\"justify\">El alcalde palaciego ha reivindicado que las infraestructuras del Centro IFAPA Las Torres de Los Palacios y Villafranca se reconviertan \u201cen un gran centro de formaci\u00f3n en materia agro ganadera, dada la ubicaci\u00f3n estrat\u00e9gica que tiene en un pueblo como Los Palacios y Villafranca, que siempre ha ido de la mano de COAG, como organizaci\u00f3n con un arraigo grande en Andaluc\u00eda y en la Comarca del Bajo Guadalquivir\u201d.<\/p>\n<p align=\"justify\">\u00a0<\/p>\n<p align=\"justify\">Tambi\u00e9n ha incidido Valle en \u201clos momentos complicados que vive el campo\u201d en su comarca, \u201ccon familias que viven de la agricultura en vilo por el cierre de la azucarera de Jerez y tras haber padecido las OCMs del algod\u00f3n y de la remolacha durante las \u00faltimas d\u00e9cadas\u201d.<\/p>\n<p align=\"justify\">\u00a0<\/p>\n<p align=\"justify\">\u201cVosotros sab\u00e9is mejor que nadie la importancia de ser coherentes cuando se dicen cosas en Andaluc\u00eda y cuando se votan otras en Europa. Porque las pol\u00edticas de Europa vienen porque hay grupos pol\u00edticos que votan en Europa acciones que no responden a las necesidades del campo en Andaluc\u00eda. El campo lo que necesita es cari\u00f1o, compromiso y entender perfectamente que sin la agricultura no se vive\u201d.<\/p>\n<p align=\"justify\">\u00a0<\/p>\n<p align=\"justify\">\u00a0<\/p>\n<p align=\"justify\">\u00a0<\/p>\n<p style=\"margin-bottom: 0cm; line-height: 100%;\" align=\"justify\">\u00a0<\/p>\n","protected":false},"excerpt":{"rendered":"El presidente de la Diputaci\u00f3n, Javier Fern\u00e1ndez, ha asistido hoy en Los Palacios a la clausura del XII&hellip;\n","protected":false},"author":2,"featured_media":248387,"comment_status":"","ping_status":"","sticky":false,"template":"","format":"standard","meta":{"footnotes":""},"categories":[5],"tags":[17,18,25,24,13,14,11,19,20,9,10,15,16,23,12,21,22],"class_list":{"0":"post-248386","1":"post","2":"type-post","3":"status-publish","4":"format-standard","5":"has-post-thumbnail","7":"category-titulares","8":"tag-breaking-news","9":"tag-breakingnews","10":"tag-es","11":"tag-espana","12":"tag-featured-news","13":"tag-featurednews","14":"tag-headlines","15":"tag-latest-news","16":"tag-latestnews","17":"tag-news","18":"tag-noticias","19":"tag-noticias-destacadas","20":"tag-noticiasdestacadas","21":"tag-spain","22":"tag-titulares","23":"tag-ultimas-noticias","24":"tag-ultimasnoticias"},"share_on_mastodon":{"url":"https:\/\/pubeurope.com\/@es\/115588686359797193","error":""},"_links":{"self":[{"href":"https:\/\/www.europesays.com\/es\/wp-json\/wp\/v2\/posts\/248386","targetHints":{"allow":["GET"]}}],"collection":[{"href":"https:\/\/www.europesays.com\/es\/wp-json\/wp\/v2\/posts"}],"about":[{"href":"https:\/\/www.europesays.com\/es\/wp-json\/wp\/v2\/types\/post"}],"author":[{"embeddable":true,"href":"https:\/\/www.europesays.com\/es\/wp-json\/wp\/v2\/users\/2"}],"replies":[{"embeddable":true,"href":"https:\/\/www.europesays.com\/es\/wp-json\/wp\/v2\/comments?post=248386"}],"version-history":[{"count":0,"href":"https:\/\/www.europesays.com\/es\/wp-json\/wp\/v2\/posts\/248386\/revisions"}],"wp:featuredmedia":[{"embeddable":true,"href":"https:\/\/www.europesays.com\/es\/wp-json\/wp\/v2\/media\/248387"}],"wp:attachment":[{"href":"https:\/\/www.europesays.com\/es\/wp-json\/wp\/v2\/media?parent=248386"}],"wp:term":[{"taxonomy":"category","embeddable":true,"href":"https:\/\/www.europesays.com\/es\/wp-json\/wp\/v2\/categories?post=248386"},{"taxonomy":"post_tag","embeddable":true,"href":"https:\/\/www.europesays.com\/es\/wp-json\/wp\/v2\/tags?post=248386"}],"curies":[{"name":"wp","href":"https:\/\/api.w.org\/{rel}","templated":true}]}}