{"id":248390,"date":"2025-11-21T16:47:08","date_gmt":"2025-11-21T16:47:08","guid":{"rendered":"https:\/\/www.europesays.com\/es\/248390\/"},"modified":"2025-11-21T16:47:08","modified_gmt":"2025-11-21T16:47:08","slug":"nueva-era-al-frente-de-los-organizadores-de-carreras-ciclistas","status":"publish","type":"post","link":"https:\/\/www.europesays.com\/es\/248390\/","title":{"rendered":"nueva era al frente de los organizadores de carreras ciclistas"},"content":{"rendered":"<p data-mrf-recirculation=\"Links P\u00e1rrafos\" class=\"ue-c-article__paragraph paragraph ue-c-article--first-letter-highlighted\">La AIOCC, la influyente asociaci\u00f3n que re\u00fane a los organizadores de las principales pruebas del calendario internacional, abre etapa. <strong>La asamblea general celebrada en Copenhague ha elegido a Javier Guill\u00e9n, director general de LaVuelta, como nuevo presidente del organismo. <\/strong>El dirigente espa\u00f1ol sustituye a Christian Prudhomme, m\u00e1ximo responsable del Tour de Francia, que ocupaba el cargo desde 2009 y que decidi\u00f3 no optar a la reelecci\u00f3n.<\/p>\n<p data-mrf-recirculation=\"Links P\u00e1rrafos\" class=\"ue-c-article__paragraph paragraph\"><strong>El nombramiento de Guill\u00e9n supone un gesto de peso en el tablero organizativo del ciclismo mundial. <\/strong>Bajo su batuta, LaVuelta ha crecido en internacionalizaci\u00f3n, innovaci\u00f3n y capacidad de impacto global, argumentos que ahora le avalan para dirigir la voz com\u00fan de las grandes carreras.<\/p>\n<p>Un consejo reforzado y m\u00e1s diverso<\/p>\n<p data-mrf-recirculation=\"Links P\u00e1rrafos\" class=\"ue-c-article__paragraph paragraph\">La renovaci\u00f3n no se limita a la presidencia. <strong>En el nuevo consejo de administraci\u00f3n repite Renzo Oldani, alma m\u00e1ter de la SC Binda y de las Tre Valli Varesine,<\/strong> mientras que se incorpora Giusy Virelli, responsable del Giro d\u2019Italia Women, confirmando la apuesta de la asociaci\u00f3n por integrar m\u00e1s perfiles vinculados al ciclismo femenino.<\/p>\n<p data-mrf-recirculation=\"Links P\u00e1rrafos\" class=\"ue-c-article__paragraph paragraph\">El nuevo organigrama queda estructurado con un reparto de funciones que apuntala la pluralidad geogr\u00e1fica y de especialidades:<\/p>\n<p data-mrf-recirculation=\"Links P\u00e1rrafos\" class=\"ue-c-article__paragraph paragraph\">Ruben Peris (Volta a Catalunya) y Thierry Gouvenou (Paris-Roubaix), vicepresidentes.<\/p>\n<p data-mrf-recirculation=\"Links P\u00e1rrafos\" class=\"ue-c-article__paragraph paragraph\">Luc Gheysens (Gand-Wevelgem), secretario general.<\/p>\n<p data-mrf-recirculation=\"Links P\u00e1rrafos\" class=\"ue-c-article__paragraph paragraph\">Sonia Mart\u00ednez Barrio (Vuelta a Catalunya Femenina), secretaria adjunta.<\/p>\n<p data-mrf-recirculation=\"Links P\u00e1rrafos\" class=\"ue-c-article__paragraph paragraph\">Eddy Buchette (Tour de Luxemburgo), tesorero.<\/p>\n<p data-mrf-recirculation=\"Links P\u00e1rrafos\" class=\"ue-c-article__paragraph paragraph\">Yannick Talabardon (Paris-Nice), tesorero adjunto.<\/p>\n<p data-mrf-recirculation=\"Links P\u00e1rrafos\" class=\"ue-c-article__paragraph paragraph\">El resto del consejo lo completan Joseph Limare (G.P. Qu\u00e9bec y Montr\u00e9al), Franck Perque (Tour de France Femmes) y Wim Van Herreweghe (Tour de Flandes), aportando la visi\u00f3n norteamericana, femenina y flamenca, respectivamente.<\/p>\n<p data-mrf-recirculation=\"Links P\u00e1rrafos\" class=\"ue-c-article__paragraph paragraph\">Un equipo amplio, diverso y con fuerte presencia espa\u00f1ola y francesa para pilotar los desaf\u00edos de un calendario cada vez m\u00e1s globalizado. <strong>Con Guill\u00e9n al mando, la AIOCC inicia una nueva etapa marcada por el equilibrio entre tradici\u00f3n, <\/strong>crecimiento y modernizaci\u00f3n del ciclismo profesional.<\/p>\n","protected":false},"excerpt":{"rendered":"La AIOCC, la influyente asociaci\u00f3n que re\u00fane a los organizadores de las principales pruebas del calendario internacional, abre&hellip;\n","protected":false},"author":2,"featured_media":248391,"comment_status":"","ping_status":"","sticky":false,"template":"","format":"standard","meta":{"footnotes":""},"categories":[273],"tags":[313,312,168,25,24,23,167],"class_list":{"0":"post-248390","1":"post","2":"type-post","3":"status-publish","4":"format-standard","5":"has-post-thumbnail","7":"category-ciclismo","8":"tag-ciclismo","9":"tag-cycling","10":"tag-deportes","11":"tag-es","12":"tag-espana","13":"tag-spain","14":"tag-sports"},"share_on_mastodon":{"url":"https:\/\/pubeurope.com\/@es\/115588709924883281","error":""},"_links":{"self":[{"href":"https:\/\/www.europesays.com\/es\/wp-json\/wp\/v2\/posts\/248390","targetHints":{"allow":["GET"]}}],"collection":[{"href":"https:\/\/www.europesays.com\/es\/wp-json\/wp\/v2\/posts"}],"about":[{"href":"https:\/\/www.europesays.com\/es\/wp-json\/wp\/v2\/types\/post"}],"author":[{"embeddable":true,"href":"https:\/\/www.europesays.com\/es\/wp-json\/wp\/v2\/users\/2"}],"replies":[{"embeddable":true,"href":"https:\/\/www.europesays.com\/es\/wp-json\/wp\/v2\/comments?post=248390"}],"version-history":[{"count":0,"href":"https:\/\/www.europesays.com\/es\/wp-json\/wp\/v2\/posts\/248390\/revisions"}],"wp:featuredmedia":[{"embeddable":true,"href":"https:\/\/www.europesays.com\/es\/wp-json\/wp\/v2\/media\/248391"}],"wp:attachment":[{"href":"https:\/\/www.europesays.com\/es\/wp-json\/wp\/v2\/media?parent=248390"}],"wp:term":[{"taxonomy":"category","embeddable":true,"href":"https:\/\/www.europesays.com\/es\/wp-json\/wp\/v2\/categories?post=248390"},{"taxonomy":"post_tag","embeddable":true,"href":"https:\/\/www.europesays.com\/es\/wp-json\/wp\/v2\/tags?post=248390"}],"curies":[{"name":"wp","href":"https:\/\/api.w.org\/{rel}","templated":true}]}}