{"id":248398,"date":"2025-11-21T16:52:27","date_gmt":"2025-11-21T16:52:27","guid":{"rendered":"https:\/\/www.europesays.com\/es\/248398\/"},"modified":"2025-11-21T16:52:27","modified_gmt":"2025-11-21T16:52:27","slug":"inauguracion-de-la-exposicion-imagenes-que-suenan-de-obras-compuestas-por-david-rivas-en-la-casa-de-cultura-de-toro","status":"publish","type":"post","link":"https:\/\/www.europesays.com\/es\/248398\/","title":{"rendered":"Inauguraci\u00f3n de la exposici\u00f3n \u00abIm\u00e1genes que suenan\u00bb de obras compuestas por David Rivas en la Casa de Cultura de Toro"},"content":{"rendered":"<p class=\"ft-text ft-helper-closenews\"><strong>\u00abIm\u00e1genes que suenan\u00bb <\/strong>es un recorrido musical y colorido por <strong>46 obras compuestas por David Rivas, <\/strong>ahora que se cumple el <strong>decimoquinto aniversario<\/strong> de su carrera como compositor.<\/p>\n<p class=\"ft-text\">La muestra se ha inaugurado este jueves en la <strong>Casa de Cultura de Toro <\/strong>y est\u00e1 integrada por las <strong>portadas <\/strong>de todas esas composiciones musicales, dise\u00f1adas \u00abex profeso\u00bb para ellas<strong>.<\/strong><\/p>\n<p class=\"ft-text\">Junto a cada dise\u00f1o, hay un <strong>c\u00f3digo QR <\/strong>que lleva a la propia composici\u00f3n que ilustra cada uno para que los espectadores puedan escucharla, aunque cuatro de ellas a\u00fan no tienen la m\u00fasica ya que<strong> se estrenar\u00e1n pr\u00f3ximamente. <\/strong><\/p>\n<p class=\"ft-text\">David Rivas expres\u00f3 ante los numerosos ciudadanos que lo acompa\u00f1aron en la inauguraci\u00f3n de la exposici\u00f3n que, aunque se trata de su m\u00fasica, \u00abel protagonismo lo tienen las im\u00e1genes\u00bb.<\/p>\n<p class=\"ft-text\">Sobre las portadas de las obras expuestas, explic\u00f3 que han tratado de elegirlas \u00abmuy variadas\u00bb, tanto de<strong> corte m\u00e1s cl\u00e1sico u otras m\u00e1s \u00e9picas<\/strong>, m\u00e1s <strong>modernas o m\u00e1s hist\u00f3ricas<\/strong> \u00abpara que haya un recorrido a todos los niveles\u00bb<\/p>\n<p class=\"ft-text\">El compositor tambi\u00e9n comparti\u00f3 con los presentes c\u00f3mo comenz\u00f3 este camino conjunto hace ya unos a\u00f1os, cuando se le ocurri\u00f3 que su \u00abbuen amigo\u00bb dise\u00f1ase una portada para una de sus<strong> primeras obras que \u00abiban a salir un poco del caj\u00f3n y de Toro\u00bb,<\/strong> que fue <strong>\u00abLa Ruta del Cid\u00bb, <\/strong>que \u00abluego tantas alegr\u00edas me ha dado por su recorrido\u00bb, dijo el compositor.<\/p>\n<p class=\"ft-text\">\u00abComo me gust\u00f3 tanto, esa idea al final ha hecho que se iniciase esa <strong>andadura donde ya la mayor\u00eda de la gente no entender\u00eda mi m\u00fasica sin sus im\u00e1genes<\/strong>\u00ab, su estilo \u00ab\u00fanico\u00bb, en el que \u00absiempre busca ese<strong> detalle extra, la sorpresa que no te esperas<\/strong>\u00ab.<\/p>\n<p class=\"ft-text\">Asimismo, Rivas comparti\u00f3 una <strong>an\u00e9cdota <\/strong>sobre los dise\u00f1os para sus obras, de las que dijo que, cuando las comparte en las redes sociales para <strong>anunciar sus estrenos<\/strong>, algunos directores le contactan para preguntar c\u00f3mo conseguirla porque<strong> \u00abcon esa portada, tiene que estar bien\u00bb.<\/strong> \u00abLo importante que es una imagen que sea atractiva y llame la atenci\u00f3n\u00bb, dijo Rivas de estas portadas, que \u00abcuentan una historia\u00bb.<\/p>\n<p class=\"ft-text\">Como explic\u00f3 el concejal de Cultura, <strong>Javier L\u00f3pez Calero,<\/strong> se trata de una exposici\u00f3n que a\u00fana m\u00fasica e imagen y pone en valor a un toresano \u00abuniversal,<strong> tan universal que ha sido el primer toresano en recibir el Barandales de Honor<\/strong>\u00ab. El concejal destac\u00f3 del m\u00fasico que \u00absiempre<strong> colabora en todo sin pedir nada a cambio\u00bb.<\/strong><\/p>\n<p class=\"ft-text\">L\u00f3pez, al igual que Rivas, tambi\u00e9n quiso agradecer la buena disposici\u00f3n de la directora de la Casa de Cultura, <strong>Cristina Tamames, <\/strong>para acoger la muestra, as\u00ed como a los dos trabajadores municipales que han participado en su montaje \u00abbuscando el detalle\u00bb. As\u00ed como Rivas quiso tener un \u00abrecuerdo especial\u00bb para la <strong>banda \u00abLa Lira\u00bb y sus integrantes, <\/strong>que este fin de semana participan en varias actividades en honor a <strong>Santa Cecilia.<\/strong><\/p>\n<p class=\"ft-text\">Adem\u00e1s, agradeci\u00f3 la compa\u00f1\u00eda de los miembros de la<strong> Corporaci\u00f3n Municipal y de todos los vecinos que lo arroparon<\/strong> en la inauguraci\u00f3n.<\/p>\n<p class=\"ft-text\">La recopilaci\u00f3n de portadas de las obras de David Rivas se puede ver en la Sala de Exposiciones de la Casa de Cultura hasta el pr\u00f3ximo <strong>2 de enero<\/strong>.<\/p>\n<p data-close=\"closedContent\" class=\"subscribeHideForDisplay\">Suscr\u00edbete para seguir leyendo<\/p>\n","protected":false},"excerpt":{"rendered":"\u00abIm\u00e1genes que suenan\u00bb es un recorrido musical y colorido por 46 obras compuestas por David Rivas, ahora que&hellip;\n","protected":false},"author":2,"featured_media":248399,"comment_status":"","ping_status":"","sticky":false,"template":"","format":"standard","meta":{"footnotes":""},"categories":[173],"tags":[229,233,231,230,9197,1391,2429,63185,232,234,146,147,25,24,18134,2003,63186,185,33,23,913],"class_list":{"0":"post-248398","1":"post","2":"type-post","3":"status-publish","4":"format-standard","5":"has-post-thumbnail","7":"category-arte-y-diseno","8":"tag-arte","9":"tag-arte-y-diseno","10":"tag-arts","11":"tag-arts-and-design","12":"tag-casa-de-cultura-de-toro","13":"tag-cultura-en-toro","14":"tag-david","15":"tag-david-rivas","16":"tag-design","17":"tag-diseno","18":"tag-entertainment","19":"tag-entretenimiento","20":"tag-es","21":"tag-espana","22":"tag-expone","23":"tag-exposicion","24":"tag-javier-lopez-calero","25":"tag-musica","26":"tag-rivas","27":"tag-spain","28":"tag-toro"},"share_on_mastodon":{"url":"https:\/\/pubeurope.com\/@es\/115588729621136217","error":""},"_links":{"self":[{"href":"https:\/\/www.europesays.com\/es\/wp-json\/wp\/v2\/posts\/248398","targetHints":{"allow":["GET"]}}],"collection":[{"href":"https:\/\/www.europesays.com\/es\/wp-json\/wp\/v2\/posts"}],"about":[{"href":"https:\/\/www.europesays.com\/es\/wp-json\/wp\/v2\/types\/post"}],"author":[{"embeddable":true,"href":"https:\/\/www.europesays.com\/es\/wp-json\/wp\/v2\/users\/2"}],"replies":[{"embeddable":true,"href":"https:\/\/www.europesays.com\/es\/wp-json\/wp\/v2\/comments?post=248398"}],"version-history":[{"count":0,"href":"https:\/\/www.europesays.com\/es\/wp-json\/wp\/v2\/posts\/248398\/revisions"}],"wp:featuredmedia":[{"embeddable":true,"href":"https:\/\/www.europesays.com\/es\/wp-json\/wp\/v2\/media\/248399"}],"wp:attachment":[{"href":"https:\/\/www.europesays.com\/es\/wp-json\/wp\/v2\/media?parent=248398"}],"wp:term":[{"taxonomy":"category","embeddable":true,"href":"https:\/\/www.europesays.com\/es\/wp-json\/wp\/v2\/categories?post=248398"},{"taxonomy":"post_tag","embeddable":true,"href":"https:\/\/www.europesays.com\/es\/wp-json\/wp\/v2\/tags?post=248398"}],"curies":[{"name":"wp","href":"https:\/\/api.w.org\/{rel}","templated":true}]}}