{"id":248406,"date":"2025-11-21T16:57:27","date_gmt":"2025-11-21T16:57:27","guid":{"rendered":"https:\/\/www.europesays.com\/es\/248406\/"},"modified":"2025-11-21T16:57:27","modified_gmt":"2025-11-21T16:57:27","slug":"la-comision-antiviolencia-propone-el-cierre-de-mendizorroza-durante-un-mes","status":"publish","type":"post","link":"https:\/\/www.europesays.com\/es\/248406\/","title":{"rendered":"La Comisi\u00f3n Antiviolencia propone el cierre de Mendizorroza durante un mes"},"content":{"rendered":"<p><a class=\"v-mdl-ath__fig-a\" href=\"https:\/\/www.elcorreo.com\/autor\/jon-ander-goitia-2349.html\" title=\"Jon Ander Goitia\" rel=\"nofollow noopener\" target=\"_blank\"><br \/>\n<img decoding=\"async\" class=\"v-mdl-ath__img\" src=\"https:\/\/www.europesays.com\/es\/wp-content\/uploads\/2025\/08\/autor-2349-foto-2.jpeg\" alt=\"Jon Ander Goitia\"\/><br \/>\n<\/a><\/p>\n<p class=\"v-mdl-ath__p v-mdl-ath__p--6\">\nViernes, 21 de noviembre 2025, 14:00<\/p>\n<p>| Actualizado 15:38h.<\/p>\n<p class=\"v-p\">Mendizorroza se enfrenta a una posible clausura. La Comisi\u00f3n Estatal contra la Violencia en el Deporte ha popuesto el cierre durante un mes del estadio del Alav\u00e9s por \u00abel apoyo del club a aficionados radicales\u00bb. En su informe se\u00f1ala nuevamente a los \u00abmurales, grafitis y pegatinas de promoci\u00f3n del grupo ultra Iraultza\u00bb. Si bien hasta la fecha hab\u00eda planteado multas econ\u00f3micas (60.001 euros en esta ocasi\u00f3n), ahora endurece su postura y pide el cierre del estadio durante un mes. Cabe recordar, eso s\u00ed, que la mayor parte de las propuestas no llega a ejecutarse.<\/p>\n<p class=\"v-p\">La Comisi\u00f3n Antiviolencia argumenta que recab\u00f3 informes de seguridad y, en su reuni\u00f3n del pasado 28 de octubre, propuso una multa de 40.000 euros por la exhibici\u00f3n de estos dibujos. Sin embargo, explica m\u00e1s adelante, los murales no fueron retirados. Sobre ellos se colocaron unos folios de color rojo formando un aspa y unos carteles con la leyenda: \u00abCensurado por el coordinador de la Ertzaintza\u00bb. La Comisi\u00f3n considera que las medidas adoptadas no tapan los murales. De manera que adopta una postura m\u00e1s dura y, por primera, pone sobre la mesa la clausura del estadio.<\/p>\n<p class=\"v-p\">Uno de los episodios m\u00e1s recientes en el que la Comisi\u00f3n Antiviolencia adopt\u00f3 una postura similar tuvo como escenario el campo del Atl\u00e9tico de Madrid. El \u00f3rgano propuso en octubre del a\u00f1o pasado la clausura total del estadio durante dos semanas por los \u00abgraves incidentes\u00bb ocurridos en el derbi contra el Real Madrid. Durante el partido, desde la grada en la que se ubica el Frente Atl\u00e9tico se lanzaron mecheros al portero del conjunto blanco, Thibaut Courtois, se realizaron reiterados gestos amenazantes, se profirieron insultos graves y se lanzaron escupitajos. El club colchonero recurri\u00f3 ante el Comit\u00e9 de Apelaci\u00f3n, quien redujo el castigo a un partido. El club consideraba injusta la sanci\u00f3n inicial al considerar que perjudicaba \u00aba una mayor\u00eda que no particip\u00f3\u00bb.<\/p>\n<p class=\"v-p\">Hasta la fecha, la Comisi\u00f3n Antiviolencia hab\u00eda propuesto al Alav\u00e9s sanciones econ\u00f3micas que no llegaron a materializarse. De hecho, el a\u00f1o pasado el club ya recibi\u00f3 varias propuestas de multa por este motivo. Aunque el origen se remonta a hace una d\u00e9cada. El Alav\u00e9s acumula desde la temporada 2015-16 una treintena de propuestas de sanci\u00f3n por hechos contrarios a la Ley 19\/2007, la mayor\u00eda vinculadas al \u00abapoyo y promoci\u00f3n de este grupo\u00bb. El colectivo se encuentra desde 2022 en un amplio listado de grupos considerados \u00abradicales y violentos\u00bb. Misma relaci\u00f3n en la que figuran otros como Indar Gorri (Osasuna) o Herri Norte (Athletic).<\/p>\n<p class=\"v-p\">El Alav\u00e9s ya explic\u00f3 que trabaja por impedir futuras sanciones. Es decir, retirar toda la simbolog\u00eda presente dentro de los muros del estadio. Algo en cualquier caso complejo dado que en cada partido cualquier aficionado puede, por ejemplo, colocar una pegatina que haga referencia a Iraultza 1921 en la grada. Pero el club tambi\u00e9n advirti\u00f3 sobre una derivada dependiente del convenio de uso suscrito entre el Alav\u00e9s y el Ayuntamiento de Vitoria y que fue extendido hasta 2029.<\/p>\n<p class=\"v-p\">Seg\u00fan apuntaron desde la entidad, cualquier actuaci\u00f3n que se deba realizar en el exterior del campo compete a su propietario, el Consistorio. Ese es el caso de los murales sobre los que ha posado sus miradas Antiviolencia. Sin embargo, el hecho de que cuenten con la firma de Iraultza 1921 -miembros del grupo colaboraron con otros colectivos en su elaboraci\u00f3n- ha sido otra vez el motivo para que Antiviolencia las censure.<\/p>\n<p>Reporta un error<\/p>\n","protected":false},"excerpt":{"rendered":"Viernes, 21 de noviembre 2025, 14:00 | Actualizado 15:38h. Mendizorroza se enfrenta a una posible clausura. La Comisi\u00f3n&hellip;\n","protected":false},"author":2,"featured_media":248407,"comment_status":"","ping_status":"","sticky":false,"template":"","format":"standard","meta":{"footnotes":""},"categories":[93],"tags":[40024,1565,7553,168,25,24,57357,1970,918,23,167],"class_list":{"0":"post-248406","1":"post","2":"type-post","3":"status-publish","4":"format-standard","5":"has-post-thumbnail","7":"category-deportes","8":"tag-antiviolencia","9":"tag-cierre","10":"tag-comision","11":"tag-deportes","12":"tag-es","13":"tag-espana","14":"tag-mendizorroza","15":"tag-mes","16":"tag-propone","17":"tag-spain","18":"tag-sports"},"share_on_mastodon":{"url":"https:\/\/pubeurope.com\/@es\/115588749856778088","error":""},"_links":{"self":[{"href":"https:\/\/www.europesays.com\/es\/wp-json\/wp\/v2\/posts\/248406","targetHints":{"allow":["GET"]}}],"collection":[{"href":"https:\/\/www.europesays.com\/es\/wp-json\/wp\/v2\/posts"}],"about":[{"href":"https:\/\/www.europesays.com\/es\/wp-json\/wp\/v2\/types\/post"}],"author":[{"embeddable":true,"href":"https:\/\/www.europesays.com\/es\/wp-json\/wp\/v2\/users\/2"}],"replies":[{"embeddable":true,"href":"https:\/\/www.europesays.com\/es\/wp-json\/wp\/v2\/comments?post=248406"}],"version-history":[{"count":0,"href":"https:\/\/www.europesays.com\/es\/wp-json\/wp\/v2\/posts\/248406\/revisions"}],"wp:featuredmedia":[{"embeddable":true,"href":"https:\/\/www.europesays.com\/es\/wp-json\/wp\/v2\/media\/248407"}],"wp:attachment":[{"href":"https:\/\/www.europesays.com\/es\/wp-json\/wp\/v2\/media?parent=248406"}],"wp:term":[{"taxonomy":"category","embeddable":true,"href":"https:\/\/www.europesays.com\/es\/wp-json\/wp\/v2\/categories?post=248406"},{"taxonomy":"post_tag","embeddable":true,"href":"https:\/\/www.europesays.com\/es\/wp-json\/wp\/v2\/tags?post=248406"}],"curies":[{"name":"wp","href":"https:\/\/api.w.org\/{rel}","templated":true}]}}