{"id":248408,"date":"2025-11-21T16:58:11","date_gmt":"2025-11-21T16:58:11","guid":{"rendered":"https:\/\/www.europesays.com\/es\/248408\/"},"modified":"2025-11-21T16:58:11","modified_gmt":"2025-11-21T16:58:11","slug":"la-radioterapia-guiada-por-resonancia-abre-una-nueva-via-contra-el-cancer-de-pancreas","status":"publish","type":"post","link":"https:\/\/www.europesays.com\/es\/248408\/","title":{"rendered":"La radioterapia guiada por resonancia abre una nueva v\u00eda contra el c\u00e1ncer de p\u00e1ncreas"},"content":{"rendered":"<p class=\"mostrar_fragmento\">El c\u00e1ncer de p\u00e1ncreas es uno de m\u00e1s agresivos y dif\u00edciles de tratar debido a su r\u00e1pida propagaci\u00f3n, ausencia de s\u00edntomas espec\u00edficos en etapas tempranas y un diagn\u00f3stico, generalmente, tard\u00edo.En la actualidad, esta enfermedad se aborda mayoritariamente con cirug\u00eda, quimioterapia y radioterapia. Esta \u00faltima opci\u00f3n se est\u00e1 afianzando como una &#8230;            &#13;\n        <\/p>\n<p> &#13;<\/p>\n<p>El <strong>c\u00e1ncer de p\u00e1ncreas<\/strong> es uno de m\u00e1s agresivos y dif\u00edciles de tratar debido a su r\u00e1pida propagaci\u00f3n, ausencia de s\u00edntomas espec\u00edficos en etapas tempranas y un diagn\u00f3stico, generalmente, tard\u00edo.<\/p>\n<p>En la actualidad, esta enfermedad se aborda mayoritariamente con <strong>cirug\u00eda, quimioterapia y radioterapia<\/strong>. Esta \u00faltima opci\u00f3n se est\u00e1 afianzando como una opci\u00f3n esperanzadora para determinados pacientes porque, gracias al <strong>MR Linac<\/strong>, un equipo que combina la radioterapia con una resonancia magn\u00e9tica y permite aumentar la dosis del tratamiento gracias a su detallada precisi\u00f3n con una monitorizaci\u00f3n permanente.<\/p>\n<p>Seg\u00fan el Dr. <strong>Ignacio Azinovic<\/strong>, codirector del Departamento de Oncolog\u00eda Radioter\u00e1pica de la Cl\u00ednica y especialista del \u00c1rea de C\u00e1ncer de H\u00edgado y P\u00e1ncreas del C\u00e1ncer Center Cl\u00ednica Universidad de Navarra (CCUN), \u00abestamos viendo una buena evoluci\u00f3n de los pacientes a nivel local. Esto quiere decir que el tumor en el p\u00e1ncreas mejora despu\u00e9s de la terapia y se reduce en torno a un 30% el riesgo de reca\u00edda. Es un avance importante, pese a ser una enfermedad que produce met\u00e1stasis en otros \u00f3rganos\u00bb.<\/p>\n<p>El MR Linac tiene la ventaja, adem\u00e1s, de que <strong>minimiza el da\u00f1o en los tejidos sanos de alrededor<\/strong>. Esto es posible porque ajusta la dosis o la diana a la que se dirige el tratamiento al proporcionar im\u00e1genes en tiempo real. Por eso, el Dr. Azinovic explica que \u00abesa capacidad de ajustar el tratamiento en directo mientras el tumor oscila al ritmo de movimientos internos del cuerpo, como la respiraci\u00f3n, hace que la radioterapia sea m\u00e1s segura y eficaz. Adem\u00e1s, nos permite reducir considerablemente las sesiones de tratamiento\u00bb.<\/p>\n<p><strong>Reuni\u00f3n multidisciplinar de expertos<\/strong><\/p>\n<p>El <strong>CCUN<\/strong> ha participado en una conferencia internacional organizada por el Botton-Champalimaud Pancreatic Cancer Centre cuyo objetivo ha sido reunir a expertos en ciencia b\u00e1sica y traslacional, Oncolog\u00eda y cirug\u00eda para abordar las complejidades del c\u00e1ncer de p\u00e1ncreas. Se trata del primer centro en Portugal dedicado simult\u00e1neamente a la investigaci\u00f3n y al tratamiento de esta enfermedad.<\/p>\n<p>El Dr. <strong>M<\/strong><strong>ariano Ponz-Sarvis\u00e9<\/strong>, especialista del \u00c1rea de H\u00edgado y P\u00e1ncreas del CCUN, ha explicado que los expertos coinciden en que \u00abactualmente se est\u00e1n produciendo avances en el campo de la adyuvancia, que son las terapias que se realizan despu\u00e9s de las cirug\u00edas, bien con quimioterapia o bien con radioterapia o terapias dirigidas. En concreto, se est\u00e1n desarrollando ensayos cl\u00ednicos con vacunas que buscan activar el sistema inmunitario y que podr\u00edan cambiar del abordaje de esta enfermedad a corto o medio plazo\u00bb.<\/p>\n<p>&#13;<br \/>\n            SEGUIR LEYENDO&#13;\n        <\/p>\n","protected":false},"excerpt":{"rendered":"El c\u00e1ncer de p\u00e1ncreas es uno de m\u00e1s agresivos y dif\u00edciles de tratar debido a su r\u00e1pida propagaci\u00f3n,&hellip;\n","protected":false},"author":2,"featured_media":248409,"comment_status":"","ping_status":"","sticky":false,"template":"","format":"standard","meta":{"footnotes":""},"categories":[92],"tags":[490,9811,15570,6209,1066,6283,13952,45604,5957,12926,7954,24419,622,25,24,20982,2837,63187,165,63189,2552,17325,63188,708,795,2860,1173,19564,3227,2706,36167,798,52460,3385,9952,33492,1288,166,63191,23,120,63190,38219,159,1064,1077,2845,3252],"class_list":{"0":"post-248408","1":"post","2":"type-post","3":"status-publish","4":"format-standard","5":"has-post-thumbnail","7":"category-salud","8":"tag-abre","9":"tag-adaptar","10":"tag-agresivos","11":"tag-aumentar","12":"tag-cancer","13":"tag-center","14":"tag-clinica","15":"tag-combina","16":"tag-dano","17":"tag-destacan","18":"tag-empieza","19":"tag-encontrar","20":"tag-equipo","21":"tag-es","22":"tag-espana","23":"tag-especialistas","24":"tag-gracias","25":"tag-guiada","26":"tag-health","27":"tag-linac","28":"tag-local","29":"tag-magnetica","30":"tag-mr","31":"tag-navarra","32":"tag-nueva","33":"tag-nuevas","34":"tag-opciones","35":"tag-pancreas","36":"tag-permite","37":"tag-precision","38":"tag-radioterapia","39":"tag-real","40":"tag-recaida","41":"tag-reduce","42":"tag-reducir","43":"tag-resonancia","44":"tag-riesgo","45":"tag-salud","46":"tag-sanos","47":"tag-spain","48":"tag-tecnologia","49":"tag-tejidos","50":"tag-terapeuticas","51":"tag-tiempo","52":"tag-tratamiento","53":"tag-tumores","54":"tag-universidad","55":"tag-via"},"share_on_mastodon":{"url":"","error":"Validation failed: Text character limit of 500 exceeded"},"_links":{"self":[{"href":"https:\/\/www.europesays.com\/es\/wp-json\/wp\/v2\/posts\/248408","targetHints":{"allow":["GET"]}}],"collection":[{"href":"https:\/\/www.europesays.com\/es\/wp-json\/wp\/v2\/posts"}],"about":[{"href":"https:\/\/www.europesays.com\/es\/wp-json\/wp\/v2\/types\/post"}],"author":[{"embeddable":true,"href":"https:\/\/www.europesays.com\/es\/wp-json\/wp\/v2\/users\/2"}],"replies":[{"embeddable":true,"href":"https:\/\/www.europesays.com\/es\/wp-json\/wp\/v2\/comments?post=248408"}],"version-history":[{"count":0,"href":"https:\/\/www.europesays.com\/es\/wp-json\/wp\/v2\/posts\/248408\/revisions"}],"wp:featuredmedia":[{"embeddable":true,"href":"https:\/\/www.europesays.com\/es\/wp-json\/wp\/v2\/media\/248409"}],"wp:attachment":[{"href":"https:\/\/www.europesays.com\/es\/wp-json\/wp\/v2\/media?parent=248408"}],"wp:term":[{"taxonomy":"category","embeddable":true,"href":"https:\/\/www.europesays.com\/es\/wp-json\/wp\/v2\/categories?post=248408"},{"taxonomy":"post_tag","embeddable":true,"href":"https:\/\/www.europesays.com\/es\/wp-json\/wp\/v2\/tags?post=248408"}],"curies":[{"name":"wp","href":"https:\/\/api.w.org\/{rel}","templated":true}]}}