{"id":248410,"date":"2025-11-21T16:59:15","date_gmt":"2025-11-21T16:59:15","guid":{"rendered":"https:\/\/www.europesays.com\/es\/248410\/"},"modified":"2025-11-21T16:59:15","modified_gmt":"2025-11-21T16:59:15","slug":"nuria-roca-sobre-el-millon-de-euros-del-premio-planeta-ganado-por-juan-del-val-ya-esta-todo-gastado","status":"publish","type":"post","link":"https:\/\/www.europesays.com\/es\/248410\/","title":{"rendered":"Nuria Roca, sobre el mill\u00f3n de euros del Premio Planeta ganado por Juan del Val: \u00abYa est\u00e1 todo gastado\u00bb"},"content":{"rendered":"<p class=\"voc-p\" style=\"\">El televisivo<strong> Juan del Val<\/strong> (55 a\u00f1os) recibi\u00f3 a mediados del pasado mes de octubre el 74 Premio Planeta por su novela &#8216;Ver\u00e1, una historia de amor&#8217;. Una historia que fue escogida por el jurado como la mejor entre las 1320 presentadas, haci\u00e9ndose  &#8230; con el mill\u00f3n de euros de dotaci\u00f3n. \u00abEsto es tan asombroso, tan fant\u00e1stico, son de esas cosas que parece que solo les pasa a los dem\u00e1s. Verme aqu\u00ed me parece un milagro, y me hace recordar los momentos dif\u00edciles cuando mi vida parec\u00eda destinada al fracaso. Es lo mejor que tiene la vida, que nunca se sabe\u00bb, se\u00f1al\u00f3 del Val tras recibir el premio. <\/p>\n<p class=\"voc-p\" style=\"\">Esta semana su mujer, <strong>Nuria Roca<\/strong> (53) ha acudido como invitada al p\u00f3dcast &#8216;Zodiac&#8217; de Vanitatis, donde se ha sincerado sobre temas como el dinero, la fama, o<a href=\"https:\/\/www.abc.es\/gente\/vida-personal-juan-val-dedicaba-famoso-faceta-escritor-mujer-nuria-roca-20251106112009-nt.html\" target=\"_self\" data-voc-vtm-id=\"in-text-traffic\" title=\" los secretos en su matrimonio\" data-mrf-link=\"www.abc.es\" rel=\"nofollow noopener\"> los secretos en su matrimonio<\/a>. \u00ab\u00bfQui\u00e9n se lleva la mitad? Hacienda\u00bb, brome\u00f3 con respecto al premio recibido por su marido. \u00abYa est\u00e1 todo gastado. No ha entrado y ya est\u00e1 gastado antes de llegar a la cuenta. Hombre, por supuesto, tengo hipoteca como todo el mundo, con lo cual est\u00e1 todo m\u00e1s que gastado\u00bb, confes\u00f3. Pese a todo, la pareja tiene pensado hacer una celebraci\u00f3n especial y a la televisiva le gustar\u00eda \u00abirme a Nueva York con \u00e9l, con tres d\u00edas me vale\u00bb. <\/p>\n<p class=\"voc-p\" style=\"\">Y es que a pesar de ser una de las caras m\u00e1s reconocidas de la televisi\u00f3n de nuestro pa\u00eds, la periodista cont\u00f3 que el \u00e1mbito en el que m\u00e1s dinero ha ganado ha sido a trav\u00e9s de la publicidad y no de la televisi\u00f3n, como cabr\u00eda pensar debido a su s\u00f3lida carrera en distintos programas. <\/p>\n<p class=\"voc-p\" style=\"\">A esto a\u00f1adi\u00f3 que durante sus a\u00f1os de matrimonio ella hab\u00eda \u00abganado m\u00e1s dinero que \u00e9l\u00bb. Algo que jam\u00e1s ha generado ning\u00fan tipo de conflicto entre ellos:<a href=\"https:\/\/www.abc.es\/gente\/vida-personal-juan-val-dedicaba-famoso-faceta-escritor-mujer-nuria-roca-20251106112009-nt.html\" target=\"_self\" data-voc-vtm-id=\"in-text-traffic\" title=\" \u00abJam\u00e1s se ha sentido disminuido\u00bb\" data-mrf-link=\"www.abc.es\" rel=\"nofollow noopener\"> \u00abJam\u00e1s se ha sentido disminuido\u00bb<\/a>. Es m\u00e1s, por ella siente una \u00ababsoluta admiraci\u00f3n\u00bb. Y que cuando ella tiene que ausentarse de casa por motivos laborales, \u00e9l ejerce sin problema como &#8216;ama de casa&#8217;: \u00abJuan es much\u00edsimo m\u00e1s femenino que yo\u00bb, sentenci\u00f3. <\/p>\n<p>\nArt\u00edculo solo para suscriptores\n<\/p>\n<p>Reportar un error<\/p>\n","protected":false},"excerpt":{"rendered":"El televisivo Juan del Val (55 a\u00f1os) recibi\u00f3 a mediados del pasado mes de octubre el 74 Premio&hellip;\n","protected":false},"author":2,"featured_media":248411,"comment_status":"","ping_status":"","sticky":false,"template":"","format":"standard","meta":{"footnotes":""},"categories":[91],"tags":[146,147,25,24,1557,1487,11229,409,7818,8015,5635,843,1048,57,23,32693],"class_list":{"0":"post-248410","1":"post","2":"type-post","3":"status-publish","4":"format-standard","5":"has-post-thumbnail","7":"category-entretenimiento","8":"tag-entertainment","9":"tag-entretenimiento","10":"tag-es","11":"tag-espana","12":"tag-euros","13":"tag-ganado","14":"tag-gastado","15":"tag-juan","16":"tag-millon","17":"tag-nuria","18":"tag-planeta","19":"tag-premio","20":"tag-roca","21":"tag-sobre","22":"tag-spain","23":"tag-val"},"share_on_mastodon":{"url":"https:\/\/pubeurope.com\/@es\/115588757717583540","error":""},"_links":{"self":[{"href":"https:\/\/www.europesays.com\/es\/wp-json\/wp\/v2\/posts\/248410","targetHints":{"allow":["GET"]}}],"collection":[{"href":"https:\/\/www.europesays.com\/es\/wp-json\/wp\/v2\/posts"}],"about":[{"href":"https:\/\/www.europesays.com\/es\/wp-json\/wp\/v2\/types\/post"}],"author":[{"embeddable":true,"href":"https:\/\/www.europesays.com\/es\/wp-json\/wp\/v2\/users\/2"}],"replies":[{"embeddable":true,"href":"https:\/\/www.europesays.com\/es\/wp-json\/wp\/v2\/comments?post=248410"}],"version-history":[{"count":0,"href":"https:\/\/www.europesays.com\/es\/wp-json\/wp\/v2\/posts\/248410\/revisions"}],"wp:featuredmedia":[{"embeddable":true,"href":"https:\/\/www.europesays.com\/es\/wp-json\/wp\/v2\/media\/248411"}],"wp:attachment":[{"href":"https:\/\/www.europesays.com\/es\/wp-json\/wp\/v2\/media?parent=248410"}],"wp:term":[{"taxonomy":"category","embeddable":true,"href":"https:\/\/www.europesays.com\/es\/wp-json\/wp\/v2\/categories?post=248410"},{"taxonomy":"post_tag","embeddable":true,"href":"https:\/\/www.europesays.com\/es\/wp-json\/wp\/v2\/tags?post=248410"}],"curies":[{"name":"wp","href":"https:\/\/api.w.org\/{rel}","templated":true}]}}