{"id":248420,"date":"2025-11-21T17:04:31","date_gmt":"2025-11-21T17:04:31","guid":{"rendered":"https:\/\/www.europesays.com\/es\/248420\/"},"modified":"2025-11-21T17:04:31","modified_gmt":"2025-11-21T17:04:31","slug":"la-jueza-de-la-dana-estrecha-el-cerco-a-mazon-y-cita-como-testigos-a-sus-escoltas-y-su-conductor","status":"publish","type":"post","link":"https:\/\/www.europesays.com\/es\/248420\/","title":{"rendered":"La jueza de la dana estrecha el cerco a Maz\u00f3n y cita como testigos a sus escoltas y su conductor"},"content":{"rendered":"<p class=\"article-text\">\n        La jueza de la dana ha acordado que se tome declaraci\u00f3n como testigos a los escoltas de Carlos Maz\u00f3n que prestaban sus servicios el 29 de octubre de 2024. La instructora acepta as\u00ed las diligencias propuestas por una acusaci\u00f3n particular y por Comprom\u00eds, que ejerce una de las acusaciones populares en la causa.\n    <\/p>\n<p class=\"article-text\">\n        La magistrada instructora considera necesario si dichos testigos \u201cefectivamente pudieron o\u00edr algunas de las llamadas o los comentarios a ra\u00edz de ellos\u201d, en alusi\u00f3n al jefe del Consell y a la entonces consellera de Justicia e Interior, Salom\u00e9 Pradas, actualmente investigada en la causa.\u00a0\n    <\/p>\n<p>    <a href=\"https:\/\/www.eldiario.es\/comunitat-valenciana\/dueno-ventorro-dice-jueza-mazon-vilaplana-ultimos-dana-18-30-19-00_1_12785864.html\" data-mrf-recirculation=\"saber-mas-abajo\" data-dl-event=\"saber-mas-abajo\" rel=\"nofollow noopener\" target=\"_blank\"><\/p>\n<p class=\"know-more__title\">El due\u00f1o del Ventorro dice a la jueza que Maz\u00f3n y Vilaplana se fueron los \u00faltimos en la dana, entre las 18.30 y las 19.00<\/p>\n<p>            <img decoding=\"async\" class=\"lazy\" loading=\"lazy\" data-src=\"https:\/\/static.eldiario.es\/clip\/bd6f9e3f-528e-4bfe-8443-ba6888a65798_16-9-aspect-ratio_default_0_x1535y423.jpg\" src=\"data:image\/svg+xml,%3Csvg xmlns=\" http:=\"\" viewbox=\"0 0 880 495\" alt=\"El due\u00f1o del Ventorro dice a la jueza que Maz\u00f3n y Vilaplana se fueron los \u00faltimos en la dana, entre las 18.30 y las 19.00\"\/><\/p>\n<p>                        <\/a><\/p>\n<p class=\"article-text\">\n        La resoluci\u00f3n entiende que es extrapolable a estos testigos los argumentos recogidos en el auto de la Audiencia Provincial de Valencia que orden\u00f3 la pr\u00e1ctica de la testifical de la periodista que comi\u00f3 el d\u00eda de la dana con el presidente de la Generalitat.\n    <\/p>\n","protected":false},"excerpt":{"rendered":"La jueza de la dana ha acordado que se tome declaraci\u00f3n como testigos a los escoltas de Carlos&hellip;\n","protected":false},"author":2,"featured_media":248421,"comment_status":"","ping_status":"","sticky":false,"template":"","format":"standard","meta":{"footnotes":""},"categories":[5],"tags":[517,2206,1705,17,18,3965,242,25,24,13,14,11,1667,19,20,9,10,15,16,1925,23,12,21,22,235],"class_list":{"0":"post-248420","1":"post","2":"type-post","3":"status-publish","4":"format-standard","5":"has-post-thumbnail","7":"category-titulares","8":"tag-actualidad","9":"tag-alicante","10":"tag-analisis","11":"tag-breaking-news","12":"tag-breakingnews","13":"tag-castellon","14":"tag-comunidad-valenciana","15":"tag-es","16":"tag-espana","17":"tag-featured-news","18":"tag-featurednews","19":"tag-headlines","20":"tag-informacion","21":"tag-latest-news","22":"tag-latestnews","23":"tag-news","24":"tag-noticias","25":"tag-noticias-destacadas","26":"tag-noticiasdestacadas","27":"tag-opinion","28":"tag-spain","29":"tag-titulares","30":"tag-ultimas-noticias","31":"tag-ultimasnoticias","32":"tag-valencia"},"share_on_mastodon":{"url":"https:\/\/pubeurope.com\/@es\/115588776719963924","error":""},"_links":{"self":[{"href":"https:\/\/www.europesays.com\/es\/wp-json\/wp\/v2\/posts\/248420","targetHints":{"allow":["GET"]}}],"collection":[{"href":"https:\/\/www.europesays.com\/es\/wp-json\/wp\/v2\/posts"}],"about":[{"href":"https:\/\/www.europesays.com\/es\/wp-json\/wp\/v2\/types\/post"}],"author":[{"embeddable":true,"href":"https:\/\/www.europesays.com\/es\/wp-json\/wp\/v2\/users\/2"}],"replies":[{"embeddable":true,"href":"https:\/\/www.europesays.com\/es\/wp-json\/wp\/v2\/comments?post=248420"}],"version-history":[{"count":0,"href":"https:\/\/www.europesays.com\/es\/wp-json\/wp\/v2\/posts\/248420\/revisions"}],"wp:featuredmedia":[{"embeddable":true,"href":"https:\/\/www.europesays.com\/es\/wp-json\/wp\/v2\/media\/248421"}],"wp:attachment":[{"href":"https:\/\/www.europesays.com\/es\/wp-json\/wp\/v2\/media?parent=248420"}],"wp:term":[{"taxonomy":"category","embeddable":true,"href":"https:\/\/www.europesays.com\/es\/wp-json\/wp\/v2\/categories?post=248420"},{"taxonomy":"post_tag","embeddable":true,"href":"https:\/\/www.europesays.com\/es\/wp-json\/wp\/v2\/tags?post=248420"}],"curies":[{"name":"wp","href":"https:\/\/api.w.org\/{rel}","templated":true}]}}