{"id":248424,"date":"2025-11-21T17:10:16","date_gmt":"2025-11-21T17:10:16","guid":{"rendered":"https:\/\/www.europesays.com\/es\/248424\/"},"modified":"2025-11-21T17:10:16","modified_gmt":"2025-11-21T17:10:16","slug":"la-empresa-de-andres-iniesta-nsn-se-abre-paso-en-el-ciclismo-tomando-las-riendas-del-extinto-israel-premier-tech-cadena-ser","status":"publish","type":"post","link":"https:\/\/www.europesays.com\/es\/248424\/","title":{"rendered":"La empresa de Andr\u00e9s Iniesta NSN se abre paso en el ciclismo tomando las riendas del extinto Israel-Premier Tech &#8211; Cadena SER"},"content":{"rendered":"<ol>\n<li><a href=\"https:\/\/news.google.com\/rss\/articles\/CBMi-gFBVV95cUxPYjY3dFJ4QVNiUUNSZUNnNUhkX2pyV01BVXpHUU9ocUVwbHVLYm52N2NkaE1wYktzdE5XSzFGeDEwSDgxd2pzR1huYnNqNGt6dXRHdUFHNklJUTVKNS1Ma1loNTFkeDhKbXBDVE42TzVfVmRaZ3dxNUlWSHB4MElJamJ5OG9uMHlLbVVBa0gwdDhJeTBLLTF0aFk1OFBCbGpscXNrTHVZM2cyT0xsUGxsdF9PN0FaU2lKbnVXVWxoUlZLZGpOZXc1ZTlvQzJIak54VXFFUWpCc1VfdUdCbVhwY1VCR2JfaDVHbXd3czVYWVZPdkxQcmc3VXJ30gGOAkFVX3lxTE82V0RDcE1id0tHU240MVZsUGlOX3dPUHNUWXVXYXlOTmdXUm51d09fVHQ1UFBnX3ZWSmE3S1hkdGwyWVAxQVF5QWVaV1BzcUpnYkF5QWU4SklBaV9UbjVlM3FkbVlHU0NJWGhOUnFGVGk5ZGx5cUlwcVJPSUJBRHF3b1BlTG5uR2tyeVBDSkVFT3psNmIya3lNc2Rpc2ZNRnhBS3dvd0EzOW1PSDZ4TnhjWFMzUG9FdFNqckc1N21SelFrTTU0STlGSzNaODE0QklJbFB1RVF4UnlxQ0pLMkVVQmtzVXVkZTBVRjI4bkdrS3NOX3VjRmtuNGlqRFdkZ2pkY2swNEtSMDYweVlNZw?oc=5\" target=\"_blank\" rel=\"nofollow noopener\">La empresa de Andr\u00e9s Iniesta NSN se abre paso en el ciclismo tomando las riendas del extinto Israel-Premier Tech<\/a>&nbsp;&nbsp;Cadena SER<\/li>\n<li><a href=\"https:\/\/news.google.com\/rss\/articles\/CBMiiAFBVV95cUxONXNoQkl6am5KbGV1SmRYNE5vaGduZHl6LVItY1RSR0xBZkN1SUc4Wm5EY2Fnd0w2Z0JleVdwS1p4NElDRUEwOTlKdFVnZzE1dWFZdnl4aHpNbGpOdWJPMkV1eUg4U0laSDl5UktmUWNrd0p0S3U5ZnFrMVNlZ1UwdkNPZmpmSnVa0gGIAUFVX3lxTE5BVHJPZjdHSFByeHptX2I0UkNENFNXRVNaYlJnRVhrbVRKaVc4WWZ3Ymw2VDM1TXdFNDJKWVZnRlBkeUZfSmp1NURybWl6dnlMVjRlN0otRlAwbVpQQkdHT1ZvbVJjQzYxRXZuR0wxbU5EbGxDSzhkU2dqRFNhOHJmWkFiLVpsblM?oc=5\" target=\"_blank\" rel=\"nofollow noopener\">Andr\u00e9s Iniesta rescata al equipo ciclista Israel: se llamar\u00e1 NSN, correr\u00e1 bajo bandera suiza y tendr\u00e1 a una de las estrellas del pelot\u00f3n<\/a>&nbsp;&nbsp;El Mundo<\/li>\n<li><a href=\"https:\/\/news.google.com\/rss\/articles\/CBMisgFBVV95cUxOMEdBVEhzT3U2TnpEQzhXbEl4WlJGenRnajF3Y19DZmxUTnBYNXFDc19jWmJKNVI1aEh3LTFiYU1rNDZtRjIzNS1NYWlvQkFWTHZBZnhGOGg5NEk1U0pQaHJIanR5VWFZUkI2dTVjSTBGZUx2dGZ4V1RUNHZLaUJaR3RQYVBQVGp1S0hWSENwR2hLUklCWmJURzdlYnNQeWxWcGJLaGpOMktzRkE2WjRZTEZ3?oc=5\" target=\"_blank\" rel=\"nofollow noopener\">Sorpresa en el ciclismo: el pol\u00e9mico equipo Israel acaba en manos de Andr\u00e9s Iniesta<\/a>&nbsp;&nbsp;ABC<\/li>\n<li><a href=\"https:\/\/news.google.com\/rss\/articles\/CBMi8gFBVV95cUxPS2M2QnZkYmE2cF9STDRtZHlTZlBFLWZXRTg1cFFGMUVQTkpRb2VKY2RhSi1HYmhFeVZERGpDb0VidHUzTUczLWlsMUg2Zmk1UzlpMDF6UV9pdWRpLUJMOXdhZUo4RXhGcF8zdFNGZVhWUWVJeGdiZkdyVnRYaGJKcTcwZ09ZM0Zkc0xCS210bV9OUEVoQ2dSRGMtVXJmdU9MaGpJenplLUVPbkVaVlp1ekVqVnQ4bU9xcURmTm0wd2x3WFlqcnpaSDdfeWI4YWhtMzZSNkYxV3A2MHNrRVF0S0xPbjdmbGFxeWdOYjVtcWExQQ?oc=5\" target=\"_blank\" rel=\"nofollow noopener\">La empresa de eventos fundada por Andr\u00e9s Iniesta compra la licencia del equipo ciclista Israel Premier Tech<\/a>&nbsp;&nbsp;EL PA\u00cdS<\/li>\n<li><a href=\"https:\/\/news.google.com\/rss\/articles\/CBMiogJBVV95cUxQWE5qaUdNV3VtaGl0YjFvaXh0V295UjFiWndfY2NNNC1tTXkycGtRek4tTzhNakJ4cEpfSnhxbXNMeGVTN3Z6emJrSFJNWDNEaWJxVzR3cXNQSEtXaENRNjhDN0VhX3NqSXI0NWZFQXVTQkJ2cl9rMHVMWnJOSE5nUmUtUk1nTFZCb0dvXzc1WFdKY2dwb2VjNzlpdFUzVlNTbzdvYlNNbFl5amJ6NEFjd3ZXdjNMQWNjd3czVDB2LVJFY25kWl9VSEdQOFRFM1FBWkF4d3o2c0hNUkhSa1VSa2oycHZ1R3ZMaXJTQl9vRHVER1lrT3F3ZzNwa1VfZ3lzNHlJNjkyTENlY2xWdFNpZVJxUDQwWkFmQ3BGZi1Xbl9OQQ?oc=5\" target=\"_blank\" rel=\"nofollow noopener\">Otro sponsor m\u00e1s abandona a Israel: Su marca de bicicletas se marcha en una &#8216;venganza&#8217; de Froome<\/a>&nbsp;&nbsp;Eurosport<\/li>\n<\/ol>\n","protected":false},"excerpt":{"rendered":"La empresa de Andr\u00e9s Iniesta NSN se abre paso en el ciclismo tomando las riendas del extinto Israel-Premier&hellip;\n","protected":false},"author":2,"featured_media":248356,"comment_status":"","ping_status":"","sticky":false,"template":"","format":"standard","meta":{"footnotes":""},"categories":[273],"tags":[313,312,168,25,24,23,167],"class_list":{"0":"post-248424","1":"post","2":"type-post","3":"status-publish","4":"format-standard","5":"has-post-thumbnail","7":"category-ciclismo","8":"tag-ciclismo","9":"tag-cycling","10":"tag-deportes","11":"tag-es","12":"tag-espana","13":"tag-spain","14":"tag-sports"},"share_on_mastodon":{"url":"https:\/\/pubeurope.com\/@es\/115588800441461382","error":""},"_links":{"self":[{"href":"https:\/\/www.europesays.com\/es\/wp-json\/wp\/v2\/posts\/248424","targetHints":{"allow":["GET"]}}],"collection":[{"href":"https:\/\/www.europesays.com\/es\/wp-json\/wp\/v2\/posts"}],"about":[{"href":"https:\/\/www.europesays.com\/es\/wp-json\/wp\/v2\/types\/post"}],"author":[{"embeddable":true,"href":"https:\/\/www.europesays.com\/es\/wp-json\/wp\/v2\/users\/2"}],"replies":[{"embeddable":true,"href":"https:\/\/www.europesays.com\/es\/wp-json\/wp\/v2\/comments?post=248424"}],"version-history":[{"count":0,"href":"https:\/\/www.europesays.com\/es\/wp-json\/wp\/v2\/posts\/248424\/revisions"}],"wp:featuredmedia":[{"embeddable":true,"href":"https:\/\/www.europesays.com\/es\/wp-json\/wp\/v2\/media\/248356"}],"wp:attachment":[{"href":"https:\/\/www.europesays.com\/es\/wp-json\/wp\/v2\/media?parent=248424"}],"wp:term":[{"taxonomy":"category","embeddable":true,"href":"https:\/\/www.europesays.com\/es\/wp-json\/wp\/v2\/categories?post=248424"},{"taxonomy":"post_tag","embeddable":true,"href":"https:\/\/www.europesays.com\/es\/wp-json\/wp\/v2\/tags?post=248424"}],"curies":[{"name":"wp","href":"https:\/\/api.w.org\/{rel}","templated":true}]}}