{"id":248427,"date":"2025-11-21T17:13:16","date_gmt":"2025-11-21T17:13:16","guid":{"rendered":"https:\/\/www.europesays.com\/es\/248427\/"},"modified":"2025-11-21T17:13:16","modified_gmt":"2025-11-21T17:13:16","slug":"antiviolencia-propone-el-cierre-de-mendizorroza-durante-un-mes","status":"publish","type":"post","link":"https:\/\/www.europesays.com\/es\/248427\/","title":{"rendered":"Antiviolencia propone el cierre de Mendizorroza durante un mes"},"content":{"rendered":"<p>\n        La <a href=\"https:\/\/www.noticiasdealava.eus\/deportes\/2020\/07\/22\/antiviolencia-apela-responsabilidad-individual-colectiva-1184244.html\" title=\"Comisi\u00f3n Antiviolencia\" target=\"_blank\" class=\"link copy\" rel=\"nofollow noopener\">Comisi\u00f3n Antiviolencia<\/a> <strong>ha propuesto sancionar al Deportivo Alav\u00e9s con una multa de 60.001 euros y la clausura del estadio Mendizorroza durante un mes <\/strong>por el apoyo del club a aficionados radicales.\n<\/p>\n<p class=\"article-body__text \">\n        Seg\u00fan informa la Comisi\u00f3n este viernes,<strong> el estadio alavesista \u00abcuenta con murales, grafitis y pegatinas de promoci\u00f3n del grupo ultra Iraultza 1921 en su fachada exterior\u00bb <\/strong>y recuerda que este organismo \u00abrecab\u00f3 informes de seguridad y, en su <a href=\"https:\/\/www.noticiasdealava.eus\/alaves\/2025\/10\/15\/antiviolencia-propone-multa-40-000-alaves-murales-iraultza-10218246.html\" title=\"reuni\u00f3n del pasado 28 de octubre\" target=\"_blank\" class=\"link copy\" rel=\"nofollow noopener\">reuni\u00f3n del pasado 28 de octubre<\/a>, propuso una multa de 40.000 euros por la exhibici\u00f3n de estos dibujos\u00bb.\n<\/p>\n<p>            <a href=\"https:\/\/www.noticiasdealava.eus\/alaves\/2025\/10\/15\/antiviolencia-propone-multa-40-000-alaves-murales-iraultza-10218246.html\" title=\"Antiviolencia propone una multa de 40.000 euros al Alav\u00e9s por los murales de Iraultza\" class=\"new__media\" rel=\"nofollow noopener\" target=\"_blank\"><\/p>\n<p>                <img alt=\"Antiviolencia propone una multa de 40.000 euros al Alav\u00e9s por los murales de Iraultza\" data-src=\"https:\/\/www.europesays.com\/es\/wp-content\/uploads\/2025\/11\/dfec813b-189e-43d0-84e6-14d9df74a76b_16-9-aspect-ratio_default_0.jpg\" class=\"lozad\"\/><\/p>\n<p>        <\/a><\/p>\n<p>        <a href=\"https:\/\/www.noticiasdealava.eus\/alaves\/2025\/10\/15\/antiviolencia-propone-multa-40-000-alaves-murales-iraultza-10218246.html\" title=\"Antiviolencia propone una multa de 40.000 euros al Alav\u00e9s por los murales de Iraultza\" class=\"new__headline\" rel=\"nofollow noopener\" target=\"_blank\"><br \/>\n            Antiviolencia propone una multa de 40.000 euros al Alav\u00e9s por los murales de Iraultza<br \/>\n        <\/a><\/p>\n<p>        Iraultza 1921 anuncia haber borrado su presencia en los murales \u00aben un acto de responsabilidad por no perjudicar al alavesismo\u00bb<\/p>\n<p class=\"article-body__text \">\n        \u00abSin embargo,<strong> los murales no fueron retirados. Sobre ellos se colocaron unos folios de color rojo<\/strong> formando un aspa y unos carteles con la leyenda: &#8216;Censurado por el coordinador de la Ertzaintza\u00bb, a\u00f1ade Antiviolencia, que resalta que La Ley 19\/2007, de 11 de julio, contra la violencia, el racismo, la xenofobia y la intolerancia en el deporte<strong> proh\u00edbe expresamente dar \u00abpromoci\u00f3n o apoyo\u00bb a grupos de seguidores radicales<\/strong>.<strong> \u00abLa Comisi\u00f3n considera que las medidas adoptadas no tapan los murales\u00bb<\/strong>, precisa.\n<\/p>\n<p>    <a href=\"https:\/\/www.noticiasdealava.eus\/fotos\/general\/2024\/01\/18\/imagenes-historia-glorioso-murales-iraultza-7756673.html\" rel=\"nofollow noopener\" target=\"_blank\"><\/p>\n<p>    <img loading=\"lazy\" decoding=\"async\" class=\"lazy-place\" src=\"data:image\/svg+xml,%3Csvg xmlns=&quot;http:\/\/www.w3.org\/2000\/svg&quot; viewBox=&quot;0 0 880 495&quot;%3E%3C\/svg%3E\" height=\"495\" width=\"880\" alt=\"\" style=\"width:100%; height:auto; max-width:100%;\"\/><\/p>\n<p>    <\/a><\/p>\n<p>    <a href=\"https:\/\/www.noticiasdealava.eus\/fotos\/general\/2024\/01\/18\/imagenes-historia-glorioso-murales-iraultza-7756673.html\" class=\"article-photo__multimedia\" rel=\"nofollow noopener\" target=\"_blank\"><\/p>\n<p>        21<br \/>\n    <\/a><\/p>\n<p class=\"article-photo__footer\">\n        En im\u00e1genes: La historia del Glorioso en los murales de Iraultza<br \/>\n                    Alex Larretxi\n            <\/p>\n<p>  Respuesta de Iraultza<\/p>\n<p class=\"article-body__text \">\n        Por su parte, <strong>Iraultza 1921 anuncia haber borrado su presencia en los murales<\/strong> \u00aben un acto de responsabilidad por no perjudicar al alavesismo\u00bb.\n<\/p>\n<p class=\"article-body__text \">\n        \u00abAnte las sanciones, amenazas y mentiras, <strong>en un acto de responsabilidad por no perjudicar al alavesism<\/strong>o, ayer borramos los murales denunciados por el Coordinador de Seguridad. IRAULTZA 1921 volvera a lucir en Mendi, aunque alguno se empe\u00f1e nunca podr\u00e1n borrar nuestra historia\u00bb.\n<\/p>\n<p>  Propuestas sin cierre <\/p>\n<p class=\"article-body__text \">\n        El Alav\u00e9s acumula\u00a0<strong>desde la temporada 2015-2016 una treintena de propuestas de sanci\u00f3n<\/strong>\u00a0por vulnerar la Ley contra la violencia, el racismo, la xenofobia y la intolerancia en el deporte de 2007,\u00a0<strong>en su mayor\u00eda por el \u00abapoyo y promoci\u00f3n\u00bb de este grupo radical, seg\u00fan informaba el Ministerio del Interior<\/strong>\u00a0en un comunicado coincidiendo con la pro\u00f9esta de multa econ\u00f3mica de 40.000 euros anunciada a mediados de octubre.\n<\/p>\n<p>        Hasta el momento ninguna de las propuestas de cierre efectuadas por la Comisi\u00f3n Antioviolencia a deparado el cierre efectivo de un estadio de f\u00fatbol en La Liga<\/p>\n<p class=\"article-body__text \">\n        La comisi\u00f3n antiviolencia en Espa\u00f1a\u00a0depende del\u00a0<a href=\"https:\/\/www.csd.gob.es\/es\" title=\"Consejo Superior de Deportes\" rel=\"nofollow noopener\" class=\"link copy\" target=\"_blank\"><strong>Consejo Superior de Deportes<\/strong><\/a><strong>\u00a0(CSD)<\/strong>. Formalmente se trata de la\u00a0<strong>Comisi\u00f3n Estatal contra la Violencia, el Racismo, la Xenofobia y la Intolerancia en el Deporte<\/strong>, y sus miembros incluyen representantes del CSD, la Fiscal\u00eda, LaLiga, la Guardia Civil y la Polic\u00eda Nacional.\u00a0\n<\/p>\n<p class=\"article-body__text \">\n        Las propuestas de Antiviolencia<strong> son recomendaciones sancionadoras <\/strong>que luego deben tramitarse por las v\u00edas administrativas o deportivas correspondientes.\n<\/p>\n<p class=\"article-body__text \">\n        Hasta el momento<strong> ninguna de las propuestas de cierre efectuadas por la Comisi\u00f3n Antioviolencia a deparado el cierre efectivo <\/strong>de un estadio de f\u00fatbol en La Liga.\n<\/p>\n<p class=\"article-body__text \">\n        Adem\u00e1s, en algunos casos, <strong>los clubes recurren o solicitan medidas cautelares a organismos como el TAD, l<\/strong>o que puede paralizar la aplicaci\u00f3n mientras se resuelve el litigio.\n<\/p>\n<p class=\"article-photo__footer\">\n            Imagen de una protesta de Iraultza 1921 contra los horarios de &#8216;LaLiga&#8217;            Alex Larretxi        <\/p>\n<p>  <strong>Osasuna<\/strong><\/p>\n<p class=\"article-body__text \">\n        Asimismo, <strong>se ha propuesto una multa de 75.000 euros a Osasuna por una \u00abinfracci\u00f3n muy grave\u00bb<\/strong> durante el encuentro contra el Oviedo disputado en el Carlos Tartiere el pasado 3 de noviembre.\n<\/p>\n<p>            <a href=\"https:\/\/www.noticiasdealava.eus\/alaves\/2025\/09\/10\/antiviolencia-resuelve-incidentes-ultimo-valladolid-10067249.html\" title=\"Antiviolencia resuelve sobre los incidentes en el \u00faltimo Valladolid-Alav\u00e9s\" class=\"new__media\" rel=\"nofollow noopener\" target=\"_blank\"><\/p>\n<p>                <img alt=\"Antiviolencia resuelve sobre los incidentes en el \u00faltimo Valladolid-Alav\u00e9s\" data-src=\"https:\/\/estaticosgn-cdn.deia.eus\/clip\/72ff6e2e-c4ca-45bc-a9fd-62573f0f065f_16-9-aspect-ratio_default_0.\" class=\"lozad\"\/><\/p>\n<p>        <\/a><\/p>\n<p>        <a href=\"https:\/\/www.noticiasdealava.eus\/alaves\/2025\/09\/10\/antiviolencia-resuelve-incidentes-ultimo-valladolid-10067249.html\" title=\"Antiviolencia resuelve sobre los incidentes en el \u00faltimo Valladolid-Alav\u00e9s\" class=\"new__headline\" rel=\"nofollow noopener\" target=\"_blank\"><br \/>\n            Antiviolencia resuelve sobre los incidentes en el \u00faltimo Valladolid-Alav\u00e9s<br \/>\n        <\/a><\/p>\n<p>            <a href=\"https:\/\/www.noticiasdealava.eus\/alaves\/2023\/12\/05\/antiviolencia-propone-sancion-41-ultras-7605851.html\" title=\"Antiviolencia propone para sanci\u00f3n a 41 ultras del Alav\u00e9s y del Betis por participar en una reyerta en Vitoria\" class=\"new__media\" rel=\"nofollow noopener\" target=\"_blank\"><\/p>\n<p>                <img alt=\"Antiviolencia propone para sanci\u00f3n a 41 ultras del Alav\u00e9s y del Betis por participar en una reyerta en Vitoria\" data-src=\"https:\/\/www.europesays.com\/es\/wp-content\/uploads\/2025\/11\/7a2e9dd0-47cf-44b7-b2e1-6578df119a72_16-9-aspect-ratio_default_0.jpg\" class=\"lozad\"\/><\/p>\n<p>        <\/a><\/p>\n<p>        <a href=\"https:\/\/www.noticiasdealava.eus\/alaves\/2023\/12\/05\/antiviolencia-propone-sancion-41-ultras-7605851.html\" title=\"Antiviolencia propone para sanci\u00f3n a 41 ultras del Alav\u00e9s y del Betis por participar en una reyerta en Vitoria\" class=\"new__headline\" rel=\"nofollow noopener\" target=\"_blank\"><br \/>\n            Antiviolencia propone para sanci\u00f3n a 41 ultras del Alav\u00e9s y del Betis por participar en una reyerta en Vitoria<br \/>\n        <\/a><\/p>\n<p class=\"article-body__text \">\n        \u00abEl equipo navarro env\u00edo al club local un listado con aficionados que se desplazar\u00edan hasta Oviedo para asistir al encuentro.<strong> Entre ellos, hab\u00eda un seguidor sobre el que pesaba una prohibici\u00f3n de acceso a recintos deportivos<\/strong>\u00ab, explica Antiviolencia, que apunta que la Polic\u00eda Nacional comprob\u00f3 que el aficionado \u00absegu\u00eda constando como abonado del Osasuna\u00bb.\n<\/p>\n<p class=\"article-body__text \">\n        Por otro lado, se ha propuesto para sanci\u00f3n a un grupo de manifestantes identificados por la Guardia Civil <strong>durante las \u00faltimas etapas de la pasada Vuelta a Espa\u00f1a con multas de 3.000 euros.<\/strong>\n<\/p>\n<p class=\"article-body__text \">\n        Adem\u00e1s, ha acordado declarar partidos de alto riesgo al Betis-Utrecht, de la Liga Europa, fijado para el pr\u00f3ximo jueves, y el derbi Sevilla-Betis de LaLiga EA Sports del domingo 30.<\/p>\n","protected":false},"excerpt":{"rendered":"La Comisi\u00f3n Antiviolencia ha propuesto sancionar al Deportivo Alav\u00e9s con una multa de 60.001 euros y la clausura&hellip;\n","protected":false},"author":2,"featured_media":248428,"comment_status":"","ping_status":"","sticky":false,"template":"","format":"standard","meta":{"footnotes":""},"categories":[268],"tags":[40024,1565,7553,168,25,24,280,282,63196,57357,918,281,23,167],"class_list":{"0":"post-248427","1":"post","2":"type-post","3":"status-publish","4":"format-standard","5":"has-post-thumbnail","7":"category-futbol","8":"tag-antiviolencia","9":"tag-cierre","10":"tag-comision","11":"tag-deportes","12":"tag-es","13":"tag-espana","14":"tag-football","15":"tag-futbol","16":"tag-iraultza-alaves","17":"tag-mendizorroza","18":"tag-propone","19":"tag-soccer","20":"tag-spain","21":"tag-sports"},"share_on_mastodon":{"url":"https:\/\/pubeurope.com\/@es\/115588812402774601","error":""},"_links":{"self":[{"href":"https:\/\/www.europesays.com\/es\/wp-json\/wp\/v2\/posts\/248427","targetHints":{"allow":["GET"]}}],"collection":[{"href":"https:\/\/www.europesays.com\/es\/wp-json\/wp\/v2\/posts"}],"about":[{"href":"https:\/\/www.europesays.com\/es\/wp-json\/wp\/v2\/types\/post"}],"author":[{"embeddable":true,"href":"https:\/\/www.europesays.com\/es\/wp-json\/wp\/v2\/users\/2"}],"replies":[{"embeddable":true,"href":"https:\/\/www.europesays.com\/es\/wp-json\/wp\/v2\/comments?post=248427"}],"version-history":[{"count":0,"href":"https:\/\/www.europesays.com\/es\/wp-json\/wp\/v2\/posts\/248427\/revisions"}],"wp:featuredmedia":[{"embeddable":true,"href":"https:\/\/www.europesays.com\/es\/wp-json\/wp\/v2\/media\/248428"}],"wp:attachment":[{"href":"https:\/\/www.europesays.com\/es\/wp-json\/wp\/v2\/media?parent=248427"}],"wp:term":[{"taxonomy":"category","embeddable":true,"href":"https:\/\/www.europesays.com\/es\/wp-json\/wp\/v2\/categories?post=248427"},{"taxonomy":"post_tag","embeddable":true,"href":"https:\/\/www.europesays.com\/es\/wp-json\/wp\/v2\/tags?post=248427"}],"curies":[{"name":"wp","href":"https:\/\/api.w.org\/{rel}","templated":true}]}}