{"id":248441,"date":"2025-11-21T17:23:28","date_gmt":"2025-11-21T17:23:28","guid":{"rendered":"https:\/\/www.europesays.com\/es\/248441\/"},"modified":"2025-11-21T17:23:28","modified_gmt":"2025-11-21T17:23:28","slug":"programacion-dia-mundial-del-sida-2025-del-24-de-noviembre-al-5-de-diciembre-de-2025","status":"publish","type":"post","link":"https:\/\/www.europesays.com\/es\/248441\/","title":{"rendered":"Programaci\u00f3n D\u00eda Mundial del Sida 2025 &#8211; Del 24 de noviembre al 5 de diciembre de 2025"},"content":{"rendered":"<p> El d\u00eda <strong>1 de diciembre<\/strong> a las <strong>19:00 horas<\/strong> se proceder\u00e1 al encendido de los edificios institucionales en rojo, en conmemoraci\u00f3n del D\u00eda Mundial del Sida. Este acto se acompa\u00f1ar\u00e1 de la presencia de representantes municipales y de las asociaciones juveniles de Fuenlabrada, adem\u00e1s de otras entidades de la ciudad que trabajan en salud joven.<\/p>\n<p>Adem\u00e1s, a partir de las <strong>19:30 horas<\/strong>, el Consejo de la Juventud de Fuenlabrada, junto con las entidades juveniles de la ciudad, estar\u00e1 proporcionando informaci\u00f3n y promoviendo la participaci\u00f3n en la actividad del D\u00eda Mundial del Sida con juegos interactivos y kits preventivos. <\/p>\n<p><strong>M\u00e1s informaci\u00f3n:<\/strong><\/p>\n<p><strong><\/strong>Lugar del iluminado:<br \/>\u2013 Espacio Joven \u201cLa Plaza\u201d, Plaza de Espa\u00f1a, 1.<br \/>\u2013 Centro para la Igualdad 8 de marzo.<br \/>\u2013 Junta Municipal de Distrito de Loranca, Nuevo Versalles y Parque Miraflores.<\/p>\n<p><strong><\/strong>Lugar de de la actividad de sensibilizaci\u00f3n:<br \/>\u2013 Pl. de la Constituci\u00f3n (frente al Ayto. de Fuenlabrada).<\/p>\n<p><strong>#D\u00edaMundialDelSida2025<\/strong><br \/><strong>#ElValordeloP\u00fablico<\/strong><br \/><strong>#Onusida<\/strong><\/p>\n","protected":false},"excerpt":{"rendered":"El d\u00eda 1 de diciembre a las 19:00 horas se proceder\u00e1 al encendido de los edificios institucionales en&hellip;\n","protected":false},"author":2,"featured_media":248442,"comment_status":"","ping_status":"","sticky":false,"template":"","format":"standard","meta":{"footnotes":""},"categories":[92],"tags":[25,24,165,166,23],"class_list":{"0":"post-248441","1":"post","2":"type-post","3":"status-publish","4":"format-standard","5":"has-post-thumbnail","7":"category-salud","8":"tag-es","9":"tag-espana","10":"tag-health","11":"tag-salud","12":"tag-spain"},"share_on_mastodon":{"url":"https:\/\/pubeurope.com\/@es\/115588851559906865","error":""},"_links":{"self":[{"href":"https:\/\/www.europesays.com\/es\/wp-json\/wp\/v2\/posts\/248441","targetHints":{"allow":["GET"]}}],"collection":[{"href":"https:\/\/www.europesays.com\/es\/wp-json\/wp\/v2\/posts"}],"about":[{"href":"https:\/\/www.europesays.com\/es\/wp-json\/wp\/v2\/types\/post"}],"author":[{"embeddable":true,"href":"https:\/\/www.europesays.com\/es\/wp-json\/wp\/v2\/users\/2"}],"replies":[{"embeddable":true,"href":"https:\/\/www.europesays.com\/es\/wp-json\/wp\/v2\/comments?post=248441"}],"version-history":[{"count":0,"href":"https:\/\/www.europesays.com\/es\/wp-json\/wp\/v2\/posts\/248441\/revisions"}],"wp:featuredmedia":[{"embeddable":true,"href":"https:\/\/www.europesays.com\/es\/wp-json\/wp\/v2\/media\/248442"}],"wp:attachment":[{"href":"https:\/\/www.europesays.com\/es\/wp-json\/wp\/v2\/media?parent=248441"}],"wp:term":[{"taxonomy":"category","embeddable":true,"href":"https:\/\/www.europesays.com\/es\/wp-json\/wp\/v2\/categories?post=248441"},{"taxonomy":"post_tag","embeddable":true,"href":"https:\/\/www.europesays.com\/es\/wp-json\/wp\/v2\/tags?post=248441"}],"curies":[{"name":"wp","href":"https:\/\/api.w.org\/{rel}","templated":true}]}}