{"id":248452,"date":"2025-11-21T17:30:08","date_gmt":"2025-11-21T17:30:08","guid":{"rendered":"https:\/\/www.europesays.com\/es\/248452\/"},"modified":"2025-11-21T17:30:08","modified_gmt":"2025-11-21T17:30:08","slug":"gaza-dos-ninos-palestinos-son-asesinados-cada-dia-desde-que-israel-firmo-el-alto-el-fuego","status":"publish","type":"post","link":"https:\/\/www.europesays.com\/es\/248452\/","title":{"rendered":"Gaza: Dos ni\u00f1os palestinos son asesinados cada d\u00eda desde que Israel firm\u00f3 el alto el fuego"},"content":{"rendered":"<p>Los ataques continuos y los bombardeos atribuidos a las fuerzas israel\u00edes en <a href=\"https:\/\/news.un.org\/es\/events\/israel-palestina\" rel=\"nofollow noopener\" target=\"_blank\">Gaza<\/a> siguen matando y mutilando a personas de todas las edades a pesar de un alto el fuego acordado, dijeron agencias de la ONU este viernes.<\/p>\n<p>\u201cAyer por la ma\u00f1ana, una beb\u00e9 fue supuestamente asesinada en Jan Yunis por un bombardeo a\u00e9reo, mientras que el d\u00eda anterior, siete ni\u00f1os fueron asesinados en la Ciudad de Gaza y en el sur\u201d, declar\u00f3 el portavoz del <a href=\"https:\/\/www.unicef.org\/es\" rel=\"nofollow noopener\" target=\"_blank\">Fondo de las Naciones Unidas para la Infancia<\/a> (<a href=\"https:\/\/www.unicef.org\/es\" rel=\"nofollow noopener\" target=\"_blank\">UNICEF<\/a>), Ricardo Pires, durante una rueda de prensa en Ginebra.<\/p>\n<p>Principales datos<\/p>\n<ul>\n<li>UNICEF dice que 67 ni\u00f1os han sido asesinados durante el alto el fuego<\/li>\n<li>280 palestinos han muerto y 672 han resultado heridos desde que comenz\u00f3 la pausa<\/li>\n<li>Las familias enfrentan escasez extrema de alimentos a pesar de algo de actividad en los mercados<\/li>\n<li>El sistema de salud est\u00e1 devastado, dejando a los ni\u00f1os sin atenci\u00f3n<\/li>\n<li>Unos 4000 ni\u00f1os necesitan evacuaci\u00f3n m\u00e9dica urgente<\/li>\n<\/ul>\n<p>Cientos de muertos y heridos<\/p>\n<p>En la actualizaci\u00f3n sobre la situaci\u00f3n sobre el terreno, Pires fue claro: \u201c<strong>Solo hay una de las partes del conflicto en Gaza con el poder de fuego para realizar ataques a\u00e9reos<\/strong>\u201d.<\/p>\n<p>Desde el 11 de octubre, el primer d\u00eda completo de la pausa en las hostilidades entre el Ej\u00e9rcito israel\u00ed y los combatientes de Ham\u00e1s, al menos 67 ni\u00f1os han sido asesinados en \u201cincidentes relacionados con el conflicto\u201d, se\u00f1al\u00f3 el portavoz de UNICEF, lo que supone dos ni\u00f1os al d\u00eda.<\/p>\n<p>Sus comentarios se produjeron despu\u00e9s de que la ONG M\u00e9dicos Sin Fronteras informara que una ni\u00f1a de nueve a\u00f1os est\u00e1 recibiendo tratamiento por heridas faciales despu\u00e9s de que se reportaran disparos desde drones el mi\u00e9rcoles.<\/p>\n<p>Por su parte, Rik Peeperkorn, de la <a href=\"http:\/\/www.who.int\/es\/\" rel=\"nofollow noopener\" target=\"_blank\">Organizaci\u00f3n Mundial de la Salud<\/a> (<a href=\"http:\/\/www.who.int\/es\/\" rel=\"nofollow noopener\" target=\"_blank\">OMS<\/a>), se hizo eco de esas preocupaciones, a\u00f1adiendo que \u201c<strong>aunque hay un alto el fuego, la gente sigue siendo asesinada<\/strong>\u201d.<\/p>\n<p>Los datos m\u00e1s recientes del Ministerio de Salud de Gaza indican que 280 gazat\u00edes han sido asesinados y 672 heridos desde el alto el fuego, adem\u00e1s de 571 cuerpos recuperados de los escombros.<\/p>\n<p>Junto con la inseguridad continua, los equipos de ayuda de la ONU, incluyendo el <a href=\"http:\/\/es.wfp.org\/\" rel=\"nofollow noopener\" target=\"_blank\">Programa Mundial de Alimentos<\/a> (<a href=\"http:\/\/es.wfp.org\/\" rel=\"nofollow noopener\" target=\"_blank\">PMA<\/a>), <strong>siguen presionando para tener mayor acceso a los civiles<\/strong>, incluyendo a cientos de miles de familias desplazadas y extremadamente vulnerables.<\/p>\n<p>Entrada de camiones, \u2018un paso en la direcci\u00f3n correcta\u2019<\/p>\n<p>La agencia ahora est\u00e1 enviando aproximadamente 100 camiones por d\u00eda a la Franja cargados con suministros de ayuda, lo que es casi dos tercios de la cantidad diaria que tiene como objetivo. \u201cUn paso en la direcci\u00f3n correcta\u201d, dijo la portavoz principal del PMA para Oriente Medio, Norte de \u00c1frica y Europa Oriental, Abeer Etefa.<\/p>\n<p>La portavoz se\u00f1al\u00f3 que, aunque las entregas del sector comercial tambi\u00e9n est\u00e1n cruzando hacia Gaza, el principal problema para actores de la ONU y otros \u201ces el hecho de que muchos de estos suministros de alimentos <strong>permanecen en los puntos de cruce fronterizos durante muchos d\u00edas\u00a0<\/strong>y, por lo tanto, ya sabes, la posibilidad de que se echen a perder es alta\u201d.<\/p>\n<p>Desde dentro de Gaza, el responsable de comunicaci\u00f3n del PMA en Palestina, Martin Penner, describi\u00f3 la situaci\u00f3n desesperante que enfrenta la exhausta poblaci\u00f3n de la Franja, despu\u00e9s de m\u00e1s de dos a\u00f1os de guerra.<\/p>\n<p>\u201cUna mujer nos dijo que siente que todo su cuerpo clama por diferentes tipos de comida, diferente de los alimentos enlatados y las raciones secas con las que la gente ha estado viviendo durante dos a\u00f1os\u201d, dijo.<\/p>\n<p>Precios \u2018fuera del alcance\u2019<\/p>\n<p>Los mercados tambi\u00e9n est\u00e1n regresando a Gaza abastecidos con comida, \u201cpero los precios siguen fuera del alcance para la mayor\u00eda de la gente\u201d, insisti\u00f3 Penner. \u201c<strong>Un pollo cuesta 25 d\u00f3lares, un kilo de carne 20 d\u00f3lares<\/strong>. As\u00ed que mucha gente todav\u00eda depende de la ayuda alimentaria, los paquetes de comida, el pan de las panader\u00edas\u201d.<\/p>\n<p>Una madre le dijo que no llevaba a sus hijos al mercado \u201cpara que no vean toda la comida que est\u00e1 disponible (\u2026) Si se acercan al mercado, les dice que se cubran los ojos\u201d.<\/p>\n<p>Otra mujer en la misma ciudad dijo que compra una manzana y la divide entre sus cuatro hijos.<\/p>\n<p>Mientras tanto, <strong>la provisi\u00f3n de atenci\u00f3n m\u00e9dica sigue devastada e insuficiente<\/strong> para tratar a las v\u00edctimas de trauma y a quienes requieren atenci\u00f3n especializada.<\/p>\n<p>\u201cLos m\u00e9dicos de Gaza nos cuentan de ni\u00f1os que saben c\u00f3mo salvar, pero no pueden\u201d, dijo Pires, de UNICEF, quien enumer\u00f3 ante los periodistas a peque\u00f1os \u201ccon quemaduras severas, heridas de metralla, lesiones de columna, traumatismos craneoencef\u00e1licos, ni\u00f1os con c\u00e1ncer que han perdido meses de tratamiento. Beb\u00e9s prematuros que necesitan cuidados intensivos. Ni\u00f1os que necesitan cirug\u00edas que simplemente no pueden hacerse dentro de Gaza hoy\u201d.<\/p>\n<p>Alrededor de 4000 ni\u00f1os siguen esperando ser evacuados, incluyendo la peque\u00f1a Omyma, de dos a\u00f1os, \u201ccuyo coraz\u00f3n est\u00e1 fallando debido a un problema cong\u00e9nito que los m\u00e9dicos en Gaza no pueden tratar. Necesita cirug\u00eda urgentemente para salvar su vida\u201d, se\u00f1al\u00f3 Pires.<\/p>\n","protected":false},"excerpt":{"rendered":"Los ataques continuos y los bombardeos atribuidos a las fuerzas israel\u00edes en Gaza siguen matando y mutilando a&hellip;\n","protected":false},"author":2,"featured_media":248453,"comment_status":"","ping_status":"","sticky":false,"template":"","format":"standard","meta":{"footnotes":""},"categories":[5],"tags":[17,18,25,24,13,14,11,19,20,9,10,15,16,23,12,21,22],"class_list":{"0":"post-248452","1":"post","2":"type-post","3":"status-publish","4":"format-standard","5":"has-post-thumbnail","7":"category-titulares","8":"tag-breaking-news","9":"tag-breakingnews","10":"tag-es","11":"tag-espana","12":"tag-featured-news","13":"tag-featurednews","14":"tag-headlines","15":"tag-latest-news","16":"tag-latestnews","17":"tag-news","18":"tag-noticias","19":"tag-noticias-destacadas","20":"tag-noticiasdestacadas","21":"tag-spain","22":"tag-titulares","23":"tag-ultimas-noticias","24":"tag-ultimasnoticias"},"share_on_mastodon":{"url":"https:\/\/pubeurope.com\/@es\/115588879029638655","error":""},"_links":{"self":[{"href":"https:\/\/www.europesays.com\/es\/wp-json\/wp\/v2\/posts\/248452","targetHints":{"allow":["GET"]}}],"collection":[{"href":"https:\/\/www.europesays.com\/es\/wp-json\/wp\/v2\/posts"}],"about":[{"href":"https:\/\/www.europesays.com\/es\/wp-json\/wp\/v2\/types\/post"}],"author":[{"embeddable":true,"href":"https:\/\/www.europesays.com\/es\/wp-json\/wp\/v2\/users\/2"}],"replies":[{"embeddable":true,"href":"https:\/\/www.europesays.com\/es\/wp-json\/wp\/v2\/comments?post=248452"}],"version-history":[{"count":0,"href":"https:\/\/www.europesays.com\/es\/wp-json\/wp\/v2\/posts\/248452\/revisions"}],"wp:featuredmedia":[{"embeddable":true,"href":"https:\/\/www.europesays.com\/es\/wp-json\/wp\/v2\/media\/248453"}],"wp:attachment":[{"href":"https:\/\/www.europesays.com\/es\/wp-json\/wp\/v2\/media?parent=248452"}],"wp:term":[{"taxonomy":"category","embeddable":true,"href":"https:\/\/www.europesays.com\/es\/wp-json\/wp\/v2\/categories?post=248452"},{"taxonomy":"post_tag","embeddable":true,"href":"https:\/\/www.europesays.com\/es\/wp-json\/wp\/v2\/tags?post=248452"}],"curies":[{"name":"wp","href":"https:\/\/api.w.org\/{rel}","templated":true}]}}