{"id":248454,"date":"2025-11-21T17:35:10","date_gmt":"2025-11-21T17:35:10","guid":{"rendered":"https:\/\/www.europesays.com\/es\/248454\/"},"modified":"2025-11-21T17:35:10","modified_gmt":"2025-11-21T17:35:10","slug":"berrettini-no-le-falla-a-italia-y-situa-la-final-de-la-copa-davis-a-una-victoria","status":"publish","type":"post","link":"https:\/\/www.europesays.com\/es\/248454\/","title":{"rendered":"Berrettini no le falla a Italia y sit\u00faa la final de la Copa Davis a una victoria"},"content":{"rendered":"<p data-mrf-recirculation=\"Links P\u00e1rrafos\" class=\"ue-c-article__paragraph paragraph ue-c-article--first-letter-highlighted\">La exitosa aventura de <strong>Raphael Collignon en la Copa Davis 2025<\/strong> ha sufrido un frenazo en seco por culpa de <strong>Matteo Berrettini<\/strong>. El n\u00famero dos del equipo italiano <strong>ha logrado este viernes la primera victoria del conjunto local tras derrotar a Collignon, por 6-3 y 6-4<\/strong>.\u00a0<\/p>\n<p data-mrf-recirculation=\"Links P\u00e1rrafos\" class=\"ue-c-article__paragraph paragraph\">Eso significa que los vigentes campeones de la m\u00e1xima competici\u00f3n volver\u00e1n a la final (ser\u00eda la tercera seguida) si <strong>Flavio Cobolli derrota en el segundo partido de la jornada al belga Zizou Bergs<\/strong>.\u00a0<\/p>\n<p data-mrf-recirculation=\"Links P\u00e1rrafos\" class=\"ue-c-article__paragraph paragraph\">Berrettini, el 56 de la ATP a sus 29 a\u00f1os, <strong>siempre da un paso delante en el momento de la defensa del pa\u00eds<\/strong>. Lo hizo en el Mart\u00edn Carpena de M\u00e1laga y lo ha vuelto a hacer en el Tennis Arena de Bolonia.\u00a0<\/p>\n<p data-mrf-recirculation=\"Links P\u00e1rrafos\" class=\"ue-c-article__paragraph paragraph\">La estad\u00edstica no mientre: <strong>de sus 14 partidos individuales en la Copa Davis ha decantado 12 a su favor<\/strong>. El mi\u00e9rcoles hab\u00eda dado ya cuenta del austriaco Jurij Rodionov.\u00a0<\/p>\n<p>Duda por la espalda<\/p>\n<p data-mrf-recirculation=\"Links P\u00e1rrafos\" class=\"ue-c-article__paragraph paragraph\">Matteo es, sin duda, el mejor segundo espada presente en la Final a 8. Impone respeto y nadie quiere enfrentarse a \u00e9l en unas condiciones de juego que le favorecen. Con su presencia, las sensibles bajas de los &#8216;top10&#8217; Jannik Sinner y Lorenzo Musetti se notan menos.<strong>\u00a0<\/strong><\/p>\n<p data-mrf-recirculation=\"Links P\u00e1rrafos\" class=\"ue-c-article__paragraph paragraph\"><strong>El romano fue duda hasta \u00faltima hora en la serie de cuartos con Austria por unas molestias en la espalda<\/strong>. La prensa italiana lleg\u00f3 a especular sobre la posibilidad de que fuera sustituido por Lorenzo Sonego.\u00a0<\/p>\n","protected":false},"excerpt":{"rendered":"La exitosa aventura de Raphael Collignon en la Copa Davis 2025 ha sufrido un frenazo en seco por&hellip;\n","protected":false},"author":2,"featured_media":248455,"comment_status":"","ping_status":"","sticky":false,"template":"","format":"standard","meta":{"footnotes":""},"categories":[274],"tags":[168,25,24,23,167,327,326],"class_list":{"0":"post-248454","1":"post","2":"type-post","3":"status-publish","4":"format-standard","5":"has-post-thumbnail","7":"category-tenis","8":"tag-deportes","9":"tag-es","10":"tag-espana","11":"tag-spain","12":"tag-sports","13":"tag-tenis","14":"tag-tennis"},"share_on_mastodon":{"url":"https:\/\/pubeurope.com\/@es\/115588898940279725","error":""},"_links":{"self":[{"href":"https:\/\/www.europesays.com\/es\/wp-json\/wp\/v2\/posts\/248454","targetHints":{"allow":["GET"]}}],"collection":[{"href":"https:\/\/www.europesays.com\/es\/wp-json\/wp\/v2\/posts"}],"about":[{"href":"https:\/\/www.europesays.com\/es\/wp-json\/wp\/v2\/types\/post"}],"author":[{"embeddable":true,"href":"https:\/\/www.europesays.com\/es\/wp-json\/wp\/v2\/users\/2"}],"replies":[{"embeddable":true,"href":"https:\/\/www.europesays.com\/es\/wp-json\/wp\/v2\/comments?post=248454"}],"version-history":[{"count":0,"href":"https:\/\/www.europesays.com\/es\/wp-json\/wp\/v2\/posts\/248454\/revisions"}],"wp:featuredmedia":[{"embeddable":true,"href":"https:\/\/www.europesays.com\/es\/wp-json\/wp\/v2\/media\/248455"}],"wp:attachment":[{"href":"https:\/\/www.europesays.com\/es\/wp-json\/wp\/v2\/media?parent=248454"}],"wp:term":[{"taxonomy":"category","embeddable":true,"href":"https:\/\/www.europesays.com\/es\/wp-json\/wp\/v2\/categories?post=248454"},{"taxonomy":"post_tag","embeddable":true,"href":"https:\/\/www.europesays.com\/es\/wp-json\/wp\/v2\/tags?post=248454"}],"curies":[{"name":"wp","href":"https:\/\/api.w.org\/{rel}","templated":true}]}}