{"id":248456,"date":"2025-11-21T17:36:08","date_gmt":"2025-11-21T17:36:08","guid":{"rendered":"https:\/\/www.europesays.com\/es\/248456\/"},"modified":"2025-11-21T17:36:08","modified_gmt":"2025-11-21T17:36:08","slug":"polemica-en-el-congreso-con-la-contratacion-de-perico-delgado","status":"publish","type":"post","link":"https:\/\/www.europesays.com\/es\/248456\/","title":{"rendered":"Pol\u00e9mica en el Congreso con la contrataci\u00f3n de Perico Delgado"},"content":{"rendered":"<p class=\"\"><b>RTVE<\/b> valorar\u00e1, \u201cllegado el momento\u201d, la contrataci\u00f3n como comentarista del exciclista<b> Pedro Delgado<\/b>, ganador del <b>Tour de Francia<\/b> de 1988 y de dos <a href=\"https:\/\/as.com\/ciclismo\/\" target=\"_self\" rel=\"nofollow noopener\" title=\"https:\/\/as.com\/ciclismo\/\"><b>Vueltas a Espa\u00f1a<\/b><\/a> (1985 y 1989), tras la pol\u00e9mica de la \u00faltima edici\u00f3n, que fue boicoteada por la participaci\u00f3n del equipo israel\u00ed<b> Israel-Premier Tech<\/b> y en apoyo del pueblo palestino.<\/p>\n<p class=\"\">As\u00ed lo asegura el presidente de la Corporaci\u00f3n p\u00fablica, <b>Jos\u00e9 Pablo L\u00f3pez<\/b>, en una respuesta por escrito, a la que ha tenido acceso <b>Europa Press<\/b>, en respuesta a una pregunta registrada en el <b>Congreso<\/b> por <b>Vox<\/b> sobre si est\u00e1 valorando no renovar del exciclista en la Vuelta a Espa\u00f1a del pr\u00f3ximo a\u00f1o por sus cr\u00edticas contra la gesti\u00f3n de los altercados causados en la reciente edici\u00f3n.<\/p>\n<p class=\"\">Preguntado sobre si RTVE est\u00e1 molesta por los comentarios de Pedro Delgado, el m\u00e1ximo responsable de la <b>Corporaci\u00f3n<\/b> explica que \u201cpor razones de todos conocidas, este a\u00f1o la prueba ha estado marcada por otro tipo de situaciones alejadas del deporte\u201d. \u201cAnte ellas, RTVE siempre ha optado por mostrar todas las im\u00e1genes de las protestas que haya podido recoger, como no pod\u00eda ser de otro modo. <b>Nuestros comentaristas se han referido a ellas con plena y absoluta libertad<\/b>\u201d, recuerda Jos\u00e9 Pablo L\u00f3pez.<\/p>\n<p class=\"\">En este sentido, el presidente detalla que Pedro Delgado es comentarista de las principales pruebas ciclistas en las que RTVE tiene derechos pr\u00e1cticamente desde su retirada como ciclista. \u201c<b>Se retir\u00f3 en 1994 como ciclista profesional y en 1995 ya particip\u00f3 en sus primeras narraciones<\/b>\u201d, afirma.<\/p>\n<p class=\"\">\u201cLo ha venido haciendo, de manera ininterrumpida, en las ediciones de La Vuelta a Espa\u00f1a y el Tour de Francia desde entonces. A partir del a\u00f1o 2000 ya haciendo t\u00e1ndem con Carlos de Andr\u00e9s\u201d, declara el presidente, para despu\u00e9s agregar que se valora de \u00e9l <b>\u201csu conocimiento del mundo del ciclismo y su carisma y capacidad de comunicar de una manera cercana<\/b>\u201d.<\/p>\n<p class=\"\">En este contexto, Jos\u00e9 Pablo L\u00f3pez aclara a Vox que la contrataci\u00f3n de Pedro Delgado para La Vuelta y otros eventos se hace, \u201cde modo particular, para cada uno de ellos\u201d. \u201cNo existe un contrato general y, por lo tanto, como cada a\u00f1o, <b>se valorar\u00e1 llegado el momento, teniendo en cuenta la disponibilidad del propio Pedro Delgado <\/b>y las necesidades de RTVE\u201d, concluye.<\/p>\n<p>Noticias relacionadas<\/p>\n<p class=\"\"><b>\u00a1Tus opiniones importan!<\/b> Comenta en los art\u00edculos y suscr\u00edbete gratis a nuestra <a href=\"https:\/\/asfan.as.com\/newsletters\/\" target=\"_blank\" rel=\"nofollow noopener\" title=\"https:\/\/asfan.as.com\/newsletters\/\">newsletter<\/a> y a las alertas informativas en la <a href=\"https:\/\/as.com\/aplicacion-de-as-n\/\" target=\"_blank\" rel=\"nofollow noopener\" title=\"https:\/\/as.com\/aplicacion-de-as-n\/\">App<\/a> o el canal de <a href=\"https:\/\/www.whatsapp.com\/channel\/0029VaAasdA7j6g745nz9M10\" target=\"_blank\" rel=\"nofollow noopener\" title=\"https:\/\/www.whatsapp.com\/channel\/0029VaAasdA7j6g745nz9M10\">WhatsApp<\/a>.<\/p>\n<p class=\"\">\u00bfBuscas licenciar contenido? Haz clic <a href=\"https:\/\/profesional.elpais.com\/soluciones-sindicacion?utm_medium=interno&amp;utm_source=crosslinking&amp;utm_campaign=sindicacion_as_pie_articulos\" target=\"_blank\" rel=\"nofollow noopener\" title=\"https:\/\/profesional.elpais.com\/soluciones-sindicacion?utm_medium=interno&amp;utm_source=crosslinking&amp;utm_campaign=sindicacion_as_pie_articulos\">aqu\u00ed<\/a><\/p>\n","protected":false},"excerpt":{"rendered":"RTVE valorar\u00e1, \u201cllegado el momento\u201d, la contrataci\u00f3n como comentarista del exciclista Pedro Delgado, ganador del Tour de Francia&hellip;\n","protected":false},"author":2,"featured_media":248457,"comment_status":"","ping_status":"","sticky":false,"template":"","format":"standard","meta":{"footnotes":""},"categories":[273],"tags":[313,312,168,25,24,23,167],"class_list":{"0":"post-248456","1":"post","2":"type-post","3":"status-publish","4":"format-standard","5":"has-post-thumbnail","7":"category-ciclismo","8":"tag-ciclismo","9":"tag-cycling","10":"tag-deportes","11":"tag-es","12":"tag-espana","13":"tag-spain","14":"tag-sports"},"share_on_mastodon":{"url":"https:\/\/pubeurope.com\/@es\/115588902673798463","error":""},"_links":{"self":[{"href":"https:\/\/www.europesays.com\/es\/wp-json\/wp\/v2\/posts\/248456","targetHints":{"allow":["GET"]}}],"collection":[{"href":"https:\/\/www.europesays.com\/es\/wp-json\/wp\/v2\/posts"}],"about":[{"href":"https:\/\/www.europesays.com\/es\/wp-json\/wp\/v2\/types\/post"}],"author":[{"embeddable":true,"href":"https:\/\/www.europesays.com\/es\/wp-json\/wp\/v2\/users\/2"}],"replies":[{"embeddable":true,"href":"https:\/\/www.europesays.com\/es\/wp-json\/wp\/v2\/comments?post=248456"}],"version-history":[{"count":0,"href":"https:\/\/www.europesays.com\/es\/wp-json\/wp\/v2\/posts\/248456\/revisions"}],"wp:featuredmedia":[{"embeddable":true,"href":"https:\/\/www.europesays.com\/es\/wp-json\/wp\/v2\/media\/248457"}],"wp:attachment":[{"href":"https:\/\/www.europesays.com\/es\/wp-json\/wp\/v2\/media?parent=248456"}],"wp:term":[{"taxonomy":"category","embeddable":true,"href":"https:\/\/www.europesays.com\/es\/wp-json\/wp\/v2\/categories?post=248456"},{"taxonomy":"post_tag","embeddable":true,"href":"https:\/\/www.europesays.com\/es\/wp-json\/wp\/v2\/tags?post=248456"}],"curies":[{"name":"wp","href":"https:\/\/api.w.org\/{rel}","templated":true}]}}