{"id":248462,"date":"2025-11-21T17:40:09","date_gmt":"2025-11-21T17:40:09","guid":{"rendered":"https:\/\/www.europesays.com\/es\/248462\/"},"modified":"2025-11-21T17:40:09","modified_gmt":"2025-11-21T17:40:09","slug":"andreu-buenafuente-hace-un-paron-temporal-en-su-agenda-para-descansar-y-recuperarse","status":"publish","type":"post","link":"https:\/\/www.europesays.com\/es\/248462\/","title":{"rendered":"Andreu Buenafuente hace un par\u00f3n \u00abtemporal\u00bb en su agenda para descansar y recuperarse"},"content":{"rendered":"<p>El presentador y c\u00f3mico <strong><a href=\"https:\/\/theobjective.com\/etiqueta\/andreu-buenafuente\/\" rel=\"nofollow noopener\" target=\"_blank\">Andreu Buenafuente<\/a> se ha visto \u00abobligado a hacer un par\u00f3n temporal en su agenda profesional para descansar y recuperarse\u00bb<\/strong> por motivos de \u00abexceso de carga laboral\u00bb y por \u00abprescripci\u00f3n m\u00e9dica\u00bb.<\/p>\n<p>As\u00ed lo ha anunciado este viernes la Direcci\u00f3n de Comunicaci\u00f3n y Participaci\u00f3n de <a href=\"https:\/\/theobjective.com\/etiqueta\/rtve\/\" rel=\"nofollow noopener\" target=\"_blank\">RTVE<\/a> en un comentario publicado en X, recogido por Europa Press.<\/p>\n<p>\u00abTengo que <strong>parar un poco para recuperarme y volver con la energ\u00eda que se merece todo lo que hago<\/strong>. Gracias por la comprensi\u00f3n, el apoyo y el cari\u00f1o\u00bb, explica el propio Andreu Buenafuente en un comunicado difundido por RTVE en redes sociales.<\/p>\n<blockquote class=\"twitter-tweet\" data-width=\"550\" data-dnt=\"true\">\n<p lang=\"es\" dir=\"ltr\">Comunicado RTVE<\/p>\n<p>Por motivos de exceso de carga laboral y por prescripci\u00f3n m\u00e9dica, Andreu Buenafuente se ve obligado a hacer un par\u00f3n temporal en su agenda profesional para descansar y recuperarse. <\/p>\n<p>\u00abTengo que parar un poco para recuperarme y volver con la energ\u00eda que se merece\u2026 <a href=\"https:\/\/t.co\/hsIdIYtrmS\" rel=\"nofollow\">pic.twitter.com\/hsIdIYtrmS<\/a><\/p>\n<p>\u2014 RTVE Comunicaci\u00f3n y Participaci\u00f3n (@RTVE_Com) <a href=\"https:\/\/twitter.com\/RTVE_Com\/status\/1991864415143043104?ref_src=twsrc%5Etfw\" rel=\"nofollow noopener\" target=\"_blank\">November 21, 2025<\/a><\/p><\/blockquote>\n<p>El anuncio llega d\u00edas despu\u00e9s de conocerse que el presentador de \u2018Futuro Imperfecto\u2019 en La 1 era el elegido por la Corporaci\u00f3n para presentar las Campanadas de fin de a\u00f1o, junto a su pareja, la actriz y humorista Silvia Abril. Fuentes de RTVE, consultadas por Europa Press, han confirmado que Andreu Buenafuente conducir\u00e1 el programa el pr\u00f3ximo 31 de diciembre.<\/p>\n<p>                                                    <script async src=\"https:\/\/platform.twitter.com\/widgets.js\" charset=\"utf-8\"><\/script><\/p>\n","protected":false},"excerpt":{"rendered":"El presentador y c\u00f3mico Andreu Buenafuente se ha visto \u00abobligado a hacer un par\u00f3n temporal en su agenda&hellip;\n","protected":false},"author":2,"featured_media":248463,"comment_status":"","ping_status":"","sticky":false,"template":"","format":"standard","meta":{"footnotes":""},"categories":[174],"tags":[2058,48603,255,146,147,25,24,256,518,23],"class_list":{"0":"post-248462","1":"post","2":"type-post","3":"status-publish","4":"format-standard","5":"has-post-thumbnail","7":"category-famosos","8":"tag-andreu-buenafuente","9":"tag-campanadas","10":"tag-celebrities","11":"tag-entertainment","12":"tag-entretenimiento","13":"tag-es","14":"tag-espana","15":"tag-famosos","16":"tag-rtve","17":"tag-spain"},"share_on_mastodon":{"url":"https:\/\/pubeurope.com\/@es\/115588918711842604","error":""},"_links":{"self":[{"href":"https:\/\/www.europesays.com\/es\/wp-json\/wp\/v2\/posts\/248462","targetHints":{"allow":["GET"]}}],"collection":[{"href":"https:\/\/www.europesays.com\/es\/wp-json\/wp\/v2\/posts"}],"about":[{"href":"https:\/\/www.europesays.com\/es\/wp-json\/wp\/v2\/types\/post"}],"author":[{"embeddable":true,"href":"https:\/\/www.europesays.com\/es\/wp-json\/wp\/v2\/users\/2"}],"replies":[{"embeddable":true,"href":"https:\/\/www.europesays.com\/es\/wp-json\/wp\/v2\/comments?post=248462"}],"version-history":[{"count":0,"href":"https:\/\/www.europesays.com\/es\/wp-json\/wp\/v2\/posts\/248462\/revisions"}],"wp:featuredmedia":[{"embeddable":true,"href":"https:\/\/www.europesays.com\/es\/wp-json\/wp\/v2\/media\/248463"}],"wp:attachment":[{"href":"https:\/\/www.europesays.com\/es\/wp-json\/wp\/v2\/media?parent=248462"}],"wp:term":[{"taxonomy":"category","embeddable":true,"href":"https:\/\/www.europesays.com\/es\/wp-json\/wp\/v2\/categories?post=248462"},{"taxonomy":"post_tag","embeddable":true,"href":"https:\/\/www.europesays.com\/es\/wp-json\/wp\/v2\/tags?post=248462"}],"curies":[{"name":"wp","href":"https:\/\/api.w.org\/{rel}","templated":true}]}}