{"id":248471,"date":"2025-11-21T17:46:11","date_gmt":"2025-11-21T17:46:11","guid":{"rendered":"https:\/\/www.europesays.com\/es\/248471\/"},"modified":"2025-11-21T17:46:11","modified_gmt":"2025-11-21T17:46:11","slug":"alemania-lidera-el-cara-a-cara-ante-espana-en-la-copa-davis","status":"publish","type":"post","link":"https:\/\/www.europesays.com\/es\/248471\/","title":{"rendered":"Alemania lidera el cara a cara ante Espa\u00f1a en la Copa Davis"},"content":{"rendered":"<p class=\"mb-4 text-lg md:leading-8 break-words\">Bolonia (Italia), 21 nov (EFE).- La selecci\u00f3n espa\u00f1ola, capitaneada por David Ferrer, se medir\u00e1 este s\u00e1bado ante la Alemania de Alexander Zverev en la semifinal de la Copa Davis, en un duelo cuyo cara a cara dominan los germanos con 10 victorias en 17 enfrentamientos.<\/p>\n<p class=\"mb-4 text-lg md:leading-8 break-words\">La rivalidad entre Alemania y Espa\u00f1a comenz\u00f3 con un primer duelo en 1928. Se impusieron los germanos por la m\u00ednima (3-2). La \u00faltima vez que se vieron las caras fue en los cuartos de final de 2018, con victoria para la &#8216;Armada&#8217; en Valencia.<\/p>\n<p class=\"mb-4 text-lg md:leading-8 break-words\">Entre medias, tres &#8216;Ensaladeras&#8217; para Alemania (1988, 1989 y 1993). Las tres bajo la capitan\u00eda de Niki Pilic, recientemente homenajeado en Bolonia tras su fallecimiento en septiembre de este a\u00f1o. Boris Becker fue el l\u00edder en las dos primeras, mientras que Michael Stich fue la figura de la tercera.<\/p>\n<p class=\"mb-4 text-lg md:leading-8 break-words\">Han pasado 32 a\u00f1os desde que Alemania gan\u00f3 el t\u00edtulo, aunque ha llegado a semifinales en 2021 y 2024.<\/p>\n<p class=\"mb-4 text-lg md:leading-8 break-words\">Espa\u00f1a, en cambio, no llegaba a semifinales desde 2019, a\u00f1o en el que levant\u00f3 su sexta y \u00faltima &#8216;Ensaladera&#8217;. Las cinco anteriores fueron en el 2000, 2004, 2008, 2009, 2011. David Ferrer, capit\u00e1n espa\u00f1ol, elimin\u00f3 como jugador a Alemania siempre que se enfrent\u00f3 a ella, tanto en 2008 como en 2018.<\/p>\n<p class=\"mb-4 text-lg md:leading-8 break-words\">En total, 17 encuentros entre ambos combinados. Victoria espa\u00f1ola en 7 de ellos (1963, 1965, 1987, 1997, 2008, 2009 y 2018). En este siglo XXI, han sido cuatro enfrentamientos, con tres victorias de la &#8216;Armada&#8217; por solo una germana (2018).<\/p>\n<p class=\"mb-4 text-lg md:leading-8 break-words\">En concreto, han disputado un total de 67 partidos individuales. En este sentido, Espa\u00f1a domina ligeramente con 34 victorias y 33 derrotas. En dobles, en cambio, domina Alemania, con 12 victorias en los 17 encuentros por parejas disputados.<\/p>\n<p class=\"mb-4 text-lg md:leading-8 break-words\">David Ferrer se enfrent\u00f3 a Zverev en la eliminatoria de cuartos de final de 2018. Perdi\u00f3 ante el actual n\u00famero 3, pero consigui\u00f3 despu\u00e9s el pase a semifinales con una gran victoria ante Philipp Kohlschreiber en el quinto y decisivo duelo. EFE<\/p>\n<p class=\"mb-4 text-lg md:leading-8 break-words\">(c) Agencia EFE<\/p>\n","protected":false},"excerpt":{"rendered":"Bolonia (Italia), 21 nov (EFE).- La selecci\u00f3n espa\u00f1ola, capitaneada por David Ferrer, se medir\u00e1 este s\u00e1bado ante la&hellip;\n","protected":false},"author":2,"featured_media":248472,"comment_status":"","ping_status":"","sticky":false,"template":"","format":"standard","meta":{"footnotes":""},"categories":[93],"tags":[6896,14526,9482,168,995,25,24,63201,63200,23,167],"class_list":{"0":"post-248471","1":"post","2":"type-post","3":"status-publish","4":"format-standard","5":"has-post-thumbnail","7":"category-deportes","8":"tag-alexander-zverev","9":"tag-boris-becker","10":"tag-david-ferrer","11":"tag-deportes","12":"tag-efe","13":"tag-es","14":"tag-espana","15":"tag-michael-stich","16":"tag-niki-pilic","17":"tag-spain","18":"tag-sports"},"share_on_mastodon":{"url":"https:\/\/pubeurope.com\/@es\/115588942108378060","error":""},"_links":{"self":[{"href":"https:\/\/www.europesays.com\/es\/wp-json\/wp\/v2\/posts\/248471","targetHints":{"allow":["GET"]}}],"collection":[{"href":"https:\/\/www.europesays.com\/es\/wp-json\/wp\/v2\/posts"}],"about":[{"href":"https:\/\/www.europesays.com\/es\/wp-json\/wp\/v2\/types\/post"}],"author":[{"embeddable":true,"href":"https:\/\/www.europesays.com\/es\/wp-json\/wp\/v2\/users\/2"}],"replies":[{"embeddable":true,"href":"https:\/\/www.europesays.com\/es\/wp-json\/wp\/v2\/comments?post=248471"}],"version-history":[{"count":0,"href":"https:\/\/www.europesays.com\/es\/wp-json\/wp\/v2\/posts\/248471\/revisions"}],"wp:featuredmedia":[{"embeddable":true,"href":"https:\/\/www.europesays.com\/es\/wp-json\/wp\/v2\/media\/248472"}],"wp:attachment":[{"href":"https:\/\/www.europesays.com\/es\/wp-json\/wp\/v2\/media?parent=248471"}],"wp:term":[{"taxonomy":"category","embeddable":true,"href":"https:\/\/www.europesays.com\/es\/wp-json\/wp\/v2\/categories?post=248471"},{"taxonomy":"post_tag","embeddable":true,"href":"https:\/\/www.europesays.com\/es\/wp-json\/wp\/v2\/tags?post=248471"}],"curies":[{"name":"wp","href":"https:\/\/api.w.org\/{rel}","templated":true}]}}