{"id":248493,"date":"2025-11-21T18:04:16","date_gmt":"2025-11-21T18:04:16","guid":{"rendered":"https:\/\/www.europesays.com\/es\/248493\/"},"modified":"2025-11-21T18:04:16","modified_gmt":"2025-11-21T18:04:16","slug":"quiero-volver-a-fotografiar-a-rosalia-dilo-en-tu-articulo","status":"publish","type":"post","link":"https:\/\/www.europesays.com\/es\/248493\/","title":{"rendered":"\u00abQuiero volver a fotografiar a Rosal\u00eda, dilo en tu art\u00edculo\u00bb"},"content":{"rendered":"<p style=\"\"><a href=\"https:\/\/www.abc.es\/cultura\/arte\/20130523\/abci-leibovitz-201305221958.html\" target=\"_self\" data-voc-vtm-id=\"in-text-traffic\" title=\"Anni Superstar es una leyenda viva\" data-mrf-link=\"www.abc.es\" rel=\"nofollow noopener\">Anni Superstar es una leyenda viva<\/a>. Y no es una frase hecha sin m\u00e1s. Es el t\u00edtulo que le concedi\u00f3 la Biblioteca del Congreso de Estados Unidos en 2000. No le gusta la palabra &#8216;celebrity&#8217;, pero nadie llega a serlo sin haber posado ante  &#8230; el objetivo de<a href=\"https:\/\/www.abc.es\/espana\/casa-real\/annie-leibovitz-hara-dos-retratos-reyes-banco-20240130143325-nt.html\" target=\"_self\" data-voc-vtm-id=\"in-text-traffic\" title=\" Annie Leibovitz (Waterburg, Connecticut, 1949)\" data-mrf-link=\"www.abc.es\" rel=\"nofollow noopener\"> Annie Leibovitz (Waterburg, Connecticut, 1949)<\/a>, que es tan celebridad o m\u00e1s que la mayor\u00eda de sus retratados. A sus <strong>76 a\u00f1os<\/strong>, y con medio siglo de carrera plagada de \u00e9xitos a sus espaldas, <strong>la fot\u00f3grafa de las estrellas<\/strong> (del arte, la moda, el cine, la m\u00fasica, el deporte, la pol\u00edtica) sigue derrochando energ\u00eda y talento a raudales. <\/p>\n<p class=\"voc-p\" style=\"\"><strong>Vieja conocida de Espa\u00f1a<\/strong>, es un pa\u00eds que le encanta. En 2007 hizo un reportaje, &#8216;Made in Spain&#8217;, para la edici\u00f3n norteamericana de &#8216;Vogue&#8217; con <strong>Pen\u00e9lope Cruz y Cayetano Rivera Ord\u00f3\u00f1ez<\/strong>, coincidiendo con el estreno de la pel\u00edcula &#8216;Manolete&#8217;. Ha fotografiado a <strong>Rosal\u00eda, Rafa Nadal<\/strong> (con Federer en una publicidad para Louis Vuitton; se llev\u00f3 a los dos tenistas hasta la cima de los Dolomitas), y a <strong>Felipe VI y Do\u00f1a Letizia<\/strong>, en el Sal\u00f3n Gasparini del Palacio Real en unos retratos encargados por el Banco de Espa\u00f1a. Estuvo con <strong>Pel\u00e9, Zidane y Maradona<\/strong> de ca\u00f1as (y jugando en unos futbolines) por Malasa\u00f1a. Y la reina Annie fue nombrada en 2013 Pr\u00edncipe de Asturias de Comunicaci\u00f3n y Humanidades. <\/p>\n<p class=\"voc-p\" style=\"\">Lleva unos d\u00edas en <strong>La Coru\u00f1a<\/strong>, invitada por la <strong>Fundaci\u00f3n Marta Ortega P\u00e9rez (MOP)<\/strong>, en cuyo espacio expositivo, situado en el Muelle de Bater\u00eda del puerto, se ha inaugurado una gran exposici\u00f3n, que permanecer\u00e1 abierta <strong>hasta el 1 de mayo de 2026<\/strong>. Este jueves firmaba libros ante un centenar de fans. Tiene legiones de ellos, que <strong>la adoran como si fuera un \u00eddolo del rock<\/strong>. Tiene <strong>alma de rockera<\/strong>. En 1975 sigui\u00f3 durante tres meses la gira de los Stones, &#8216;Tour of the Americas&#8217;&#8230; y sobrevivi\u00f3, que no es poco. Ha retratado a Mick Jagger, Keith Richards, Bruce Springsteen, Bob Dylan, Patti Smith&#8230;<\/p>\n<p class=\"voc-p\" style=\"\">Es la sexta muestra en este espacio. Tras Peter Lindbergh, Steven Meisel, Helmut Newton, Irving Penn y David Bailey, Annie Leibovitz es la<strong> primera mujer en exponer su trabajo all\u00ed<\/strong>. El t\u00edtulo de la muestra, <strong>&#8216;Wonderland<\/strong><strong>&#8216;<\/strong>, est\u00e1 tomado de un m\u00edtico editorial que hizo para &#8216;Vogue&#8217; en 2003, con la modelo <strong>Natalia Vodianova<\/strong> en el papel de la joven que cae en la madriguera del conejo. C\u00e9lebres dise\u00f1adores hicieron vestidos especiales para la ocasi\u00f3n: Karl Lagerfeld, John Galliano, Jean Paul Gaultier, Donatella Versace o Marc Jacobs. Vodianova es una de las invitadas que acudieron el jueves a la <strong>fiesta de inauguraci\u00f3n<\/strong> que ofreci\u00f3 la presidenta no ejecutiva de Inditex, Marta Ortega. Junto a ella, rostros conocidos como Linda Evangelista, Malgosia Bela, Carolyn Murphy, Karen Elson, Eugenia Silva, C. Tangana, Pedro Almod\u00f3var, Luca Guadagnino&#8230;<\/p>\n<p><img decoding=\"async\" loading=\"lazy\" src=\"https:\/\/www.europesays.com\/es\/wp-content\/uploads\/2025\/11\/Zendaya(I)-U67243670575Xfa-760x627@diario_abc.jpg\" class=\"voc-img\" width=\"760\" height=\"627\" alt=\"Annie Leibovitz. Zendaya, Par\u00eds, 2024\" data-voc-vtm-id=\"in-text-traffic\"\/><\/p>\n<p>Annie Leibovitz. Zendaya, Par\u00eds, 2024<\/p>\n<p>\u00a9 Annie Leibovitz<\/p>\n<p class=\"voc-p\" style=\"\">Con motivo de la exposici\u00f3n, la Fundaci\u00f3n MOP ha publicado un libro de homenaje a la fot\u00f3grafa, <strong>&#8216;Annie Leibovitz en el Pa\u00eds de las Maravillas&#8217;,<\/strong> con testimonios de afecto y admiraci\u00f3n que conforman un retrato de esta artista extraordinaria. &#8216;Alicia en el Pa\u00eds de las Maravillas&#8217; es un libro muy especial para ella. <strong>Susan Sontag<\/strong>, la mujer con quien<strong> comparti\u00f3 15 a\u00f1os de su vida<\/strong>, y para la que siempre tiene palabras de amor, se lo ley\u00f3 entero sentadas en un \u00e1rbol, confes\u00f3 en una entrevista. Por cierto, hay algo en la vida de Leibovitz que la une a<strong> la letra &#8216;s&#8217;<\/strong>. Su hermana se llama Susan, la mujer de su vida fue Susan Sontag, sus hijas se llaman Sarah, Susan y Samuelle&#8230;<\/p>\n<p class=\"voc-p\" style=\"\">Su hermana Susan es precisamente una de las personas que escribe en ese libro-homenaje. Dice: \u00abAnnie<strong> siempre va diez pasos por delante<\/strong>. Tiene una intuici\u00f3n maravillosa para la composici\u00f3n. Pero hay una investigaci\u00f3n previa tremenda. Sus im\u00e1genes son atemporales. <strong>Parece muy seria, pero es divertida y bromista<\/strong>\u00bb. Para Marta Ortega, \u00abha sido en su carrera una extraordinaria representante de las mujeres de todas las edades. En particular, sus im\u00e1genes de mujeres mayores son de una grandeza y belleza incomparables\u00bb. Subraya su lealtad incondicional, su genialidad, su poder de persuasi\u00f3n, el desaf\u00edo de lograr lo imposible&#8230; \u00abEs <strong>autocr\u00edtica hasta el extremo<\/strong>. Con un solo fotograma es capaz de contar una gran historia. Annie <strong>ha nacido para contar historias<\/strong>, es una de las m\u00e1s grandes contadoras de historias de todos los tiempos\u00bb. <\/p>\n<p class=\"voc-p\" style=\"\"><strong>Bruce Springsteen<\/strong> dice que Annie es \u00ab<strong>una fot\u00f3grafa muy americana<\/strong>\u00bb. \u00abEs <strong>una t\u00eda muy divertida<\/strong>. Saca lo mejor de ti, capta todo tu ser. La forma en que te retrate ser\u00e1 la forma en que el mundo te ver\u00e1\u00bb. Ella hizo la m\u00edtica portada de su disco &#8216;Born in the USA&#8217;. Dispar\u00f3 al darse la vuelta, con la gorra saliendo del pantal\u00f3n vaquero: \u00abCreo que no le gust\u00f3\u00ab. <strong>Patti Smith<\/strong> apunta que \u00bbtrata siempre de encontrar tu mejor versi\u00f3n\u00bb. En cierta ocasi\u00f3n la retrat\u00f3 con un barril de fuego al fondo. No le acab\u00f3 de gustar. Le pregunt\u00f3 por qu\u00e9 hab\u00eda escogido justo esa foto. Annie le respondi\u00f3: \u00abPorque en las otras apareces como eres, y esta muestra en lo que te est\u00e1s convirtiendo\u00bb. <\/p>\n<p class=\"voc-p\" style=\"\"><strong>Pen\u00e9lope Cruz<\/strong> comparte con Leibovitz su pasi\u00f3n por la fotograf\u00eda. Recuerda que le regal\u00f3 una c\u00e1mara por su cumplea\u00f1os. \u00abEs capaz de hacer una obra maestra en veinte minutos. Consigue captar cosas al instante. Es una mujer excepcional\u00bb. Para <strong>Anna Wintour<\/strong>, \u00abnada se le resiste a Annie. Cada imagen es \u00fanica. Tiene una imaginaci\u00f3n desbordante. Como Alicia, parece viajar con la mirada asombrada de una extra\u00f1a\u00bb.<strong> Tom Ford<\/strong> cree que \u00abnadie sale mal en una foto de Annie Leibovitz. Es una perfeccionista. Como una pintora, compone im\u00e1genes en su mente y luego les da vida. Tiene un estilo \u00fanico, inimitable. Es una artista\u00bb. Para <strong>Gloria Steinem<\/strong>, \u00absus fotos son como esas pinturas que reflejan y dan forma a su tiempo\u00bb. <\/p>\n<p class=\"voc-p\" style=\"\">Sus trabajos para <strong>&#8216;Rolling Stone&#8217;, &#8216;Vanity Fair&#8217; y &#8216;Vogue&#8217;<\/strong> han dado la vuelta al mundo. Demi Moore embarazad\u00edsima y desnud\u00edsima,<strong> John Lennon y Yoko Ono<\/strong> tumbados (\u00e9l, desnudo, en posici\u00f3n fetal, sobre ella, vestida), horas antes de que Mark David Chapman descerrajara cuatro tiros sobre el Beatle a las puertas del edificio Dakota junto a Central Park&#8230; Meti\u00f3 a <strong>Whoopi Goldberg<\/strong> en una ba\u00f1era llena de leche, a<strong> la Reina Isabel de Inglaterra<\/strong> la inmortaliz\u00f3 sin su corona en una sesi\u00f3n en la que, cuentan, hubo sus m\u00e1s y sus menos; a <strong>Gorbachov<\/strong> lo retrat\u00f3 pasando en un coche ante el Muro de Berl\u00edn y saliendo de su bolsa de Vuitton una revista con un enigm\u00e1tico titular: &#8216;Asesinato de Litvinenko: 7.000 d\u00f3lares por la traici\u00f3n&#8217;. A las estrellas de Hollywood las disfraz\u00f3 de pr\u00edncipes y princesas Disney, y a<strong> Donald Trump y su esposa, Melania<\/strong>, mucho antes de pisar la Casa Blanca, los retrat\u00f3 en el aeropuerto de Palm Beach en 2006 como <strong>ep\u00edtomes del lujo kitsch y hortera<\/strong>: ella, embarazada y enfundada en un biquini dorado, con taconazos, en la escalerilla de un jet privado, mientras \u00e9l se halla en la pista dentro de un coche deportivo. En los \u00faltimos tiempos se ha ganado a los Millennials, retratando a las estrellas de la generaci\u00f3n Z: <strong>Zendaya, Timoth\u00e9e Chalamet<\/strong>&#8230; <\/p>\n<p class=\"voc-p\" style=\"\">Pero tambi\u00e9n ha sufrido <strong>duros reveses<\/strong>: las muertes de su padre y de<strong> Susan Sontag<\/strong>, su pareja de vida; <strong>problemas econ\u00f3micos<\/strong> (ha vendido alguna de sus casas) y proyectos que han sido pol\u00e9micos: fotografiar el cad\u00e1ver de Susan Sontag, fallecida de c\u00e1ncer en 2004, la enfrent\u00f3 con su hijo; las fotos de la gimnasta <strong>Simone Biles<\/strong> levantaron una gran polvareda: criticaron que eran descuidadas y con mala iluminaci\u00f3n por ser negra, que hab\u00eda una mirada colonial sobre ella&#8230;<\/p>\n<p class=\"voc-p\" style=\"\">Una legi\u00f3n de periodistas espa\u00f1oles e internacionales visitamos este viernes la exposici\u00f3n con una <strong>cicerone de lujo<\/strong>, la propia Annie Leibovitz. <strong>Muy sorprendente, el montaje. Quien espere lujo y glamour, se decepcionar\u00e1.<\/strong> Es muy austero: fotograf\u00edas pinchadas con chinchetas en planchas de corcho protegidos por metacrilato. Concebida por ella misma, ha querido que sea una ense\u00f1anza para los j\u00f3venes fot\u00f3grafos. Algo as\u00ed como si mostrase su propio estudio. \u00abQuer\u00eda devolverle algo a los j\u00f3venes artistas\u00bb. Arranca con una instalaci\u00f3n inmersiva de <strong>su trabajo con los Stones<\/strong>. Mick Jagger le pidi\u00f3 ser la fot\u00f3grafa de la gira de la banda y no se lo pens\u00f3 dos veces. Los dos siguientes espacios, &#8216;Primeros a\u00f1os&#8217; y &#8216;Flujo de conciencia&#8217;, plasman su proceso creativo. Cuelgan retratos de<strong> lo m\u00e1s granado de la cultura del siglo XX y lo que llevamos del XXI<\/strong>: Salman Rushdie (con el parche en el ojo tras el atentado), Joan Didion, Cate Blanchett, Tarantino, David Hockney, Jasper Johns, Mikhail Baryshnikov, Louise Bourgeois, Scarlett Johansson, Brad Pitt, George Clooney, Tom Cruise, Sarah Jessica Parker, Angelina Jolie&#8230; La exposici\u00f3n acaba con &#8216;Wonderland&#8217;, cien impresiones (muchas de ellas in\u00e9ditas) e instalaciones de v\u00eddeo sobre <strong>su trabajo de moda<\/strong>. \u00abConserv\u00e9 mis fotograf\u00edas de moda a lo largo de los a\u00f1os porque no estaba segura de d\u00f3nde encajaban&#8230; Entonces comprend\u00ed que formaban parte de un todo\u00bb. Ah\u00ed est\u00e1n sus trabajos para &#8216;Vanity Fair&#8217; y &#8216;Vogue&#8217;, donde trabaj\u00f3 durante m\u00e1s de tres d\u00e9cadas con Anna Wintour.<\/p>\n<p class=\"voc-p\" style=\"\">Cual Hamelin, decenas de periodistas segu\u00edamos a Annie Leibovitz, que salud\u00f3 con un \u00ab<strong>\u00bfEst\u00e1is bien? Haced lo que os d\u00e9 la gana<\/strong>\u00bb. Sala a sala, iba hablando de su trabajo y contando curiosidades de las fotograf\u00edas expuestas. Habl\u00f3 maravillas del edificio, que Marta (Ortega) y Carlos (Torretta), han dedicado al arte en La Coru\u00f1a. \u00abEspero ser la primera de muchas fot\u00f3grafas que vengan a La Coru\u00f1a. No estaba segura de hacerla aqu\u00ed. Hace a\u00f1os publiqu\u00e9 un libro sobre mi trabajo en la moda. No es mi trabajo m\u00e1s importante. Con el tiempo ha aprendido que los dise\u00f1adores de moda son grandes artistas. Entre la moda y la comedia nos ayudan a sobrevivir en esta \u00e9poca tan dif\u00edcil. No soy una fot\u00f3grafa de moda y<strong> no me tomaba muy en serio la fotograf\u00eda de moda<\/strong>. Pero Anna Wintour tuvo una visi\u00f3n\u00bb.<\/p>\n<p><img decoding=\"async\" loading=\"lazy\" src=\"https:\/\/www.europesays.com\/es\/wp-content\/uploads\/2025\/11\/leibovitz1_20251121130902-U43107734177puY-758x470@diario_abc.JPG\" class=\"voc-d-c-combo-3__img\" width=\"758\" height=\"470\" alt=\"Imagen principal - Arriba, Annie Leibovitz, en la multitudinaria rueda de prensa de este viernes en su exposici\u00f3n. Sobre estas l\u00edneas, a la izquierda, los retratos que hizo de Felipe VI y Do\u00f1a Letizia, en una pantalla. A la derecha, algunas im\u00e1genes que tom\u00f3 en 1975 durante una gira de los Stones, a los que sigui\u00f3 durante tres meses\"\/><\/p>\n<p><img decoding=\"async\" loading=\"lazy\" src=\"https:\/\/www.europesays.com\/es\/wp-content\/uploads\/2025\/11\/leibovitz4-U45607114364Rbi-464x329@diario_abc.JPG\" class=\"voc-d-c-combo-3__img\" width=\"464\" height=\"329\" alt=\"Imagen secundaria 1 - Arriba, Annie Leibovitz, en la multitudinaria rueda de prensa de este viernes en su exposici\u00f3n. Sobre estas l\u00edneas, a la izquierda, los retratos que hizo de Felipe VI y Do\u00f1a Letizia, en una pantalla. A la derecha, algunas im\u00e1genes que tom\u00f3 en 1975 durante una gira de los Stones, a los que sigui\u00f3 durante tres meses\"\/><\/p>\n<p><img decoding=\"async\" loading=\"lazy\" src=\"https:\/\/www.europesays.com\/es\/wp-content\/uploads\/2025\/11\/leibovitz3-U17857665720eZS-278x329@diario_abc.JPG\" class=\"voc-d-c-combo-3__img\" width=\"278\" height=\"329\" alt=\"Imagen secundaria 2 - Arriba, Annie Leibovitz, en la multitudinaria rueda de prensa de este viernes en su exposici\u00f3n. Sobre estas l\u00edneas, a la izquierda, los retratos que hizo de Felipe VI y Do\u00f1a Letizia, en una pantalla. A la derecha, algunas im\u00e1genes que tom\u00f3 en 1975 durante una gira de los Stones, a los que sigui\u00f3 durante tres meses\"\/><\/p>\n<p>Annie Superstar<br \/>\nArriba, Annie Leibovitz, en la multitudinaria rueda de prensa de este viernes en su exposici\u00f3n. Sobre estas l\u00edneas, a la izquierda, los retratos que hizo de Felipe VI y Do\u00f1a Letizia, en una pantalla. A la derecha, algunas im\u00e1genes que tom\u00f3 en 1975 durante una gira de los Stones, a los que sigui\u00f3 durante tres meses<br \/>\nAgencias<\/p>\n<p class=\"voc-p\" style=\"\">Primera parada, el panel con las fotos de la <strong>gira de los Stones en 1975<\/strong>. \u00abAntes que yo ya lo hizo <strong>Robert Frank, uno de mis h\u00e9roes<\/strong>. Fui a la Escuela de Bellas Artes. Estudi\u00e9 pintura. Mi referente era Robert Frank. Fue un trabajo obsesivo. Me vert\u00ed en esta gira, que <strong>casi me mata. No sab\u00eda d\u00f3nde me met\u00eda\ufeff.<\/strong> No vi la luz del d\u00eda en tres meses. Yo era una joven fot\u00f3grafa obsesionada, con toda la locura y energ\u00eda. <strong>La c\u00e1mara me salv\u00f3 la vida<\/strong>\u00bb. Lleva m\u00e1s de medio siglo en el mundo de la fotograf\u00eda: \u00ab<strong>Amo la fotograf\u00eda<\/strong>. El fotoperiodismo es donde hoy se hace la mejor fotograf\u00eda. Est\u00e1n haciendo historia, me hacen llorar. Algunos pierden sus vidas. <strong>La fotograf\u00eda es fuerte<\/strong>\u00bb. <\/p>\n<p class=\"voc-p\" style=\"\">Recuerda Leibovitz los trece a\u00f1os que trabaj\u00f3 para la revista<strong> &#8216;Rolling Stone<\/strong>&#8216;. Ten\u00eda 20 a\u00f1os cuando entr\u00f3. En plantilla, gente como Truman Capote. \u00abExig\u00eda una mente aguda y ser divertida. De San Francisco iba a Los \u00c1ngeles en coche. Conduc\u00eda un descapotable y me estaban multando todo el tiempo\u00bb. Se detiene en una de las im\u00e1genes y suelta: <strong>\u00abEste era mi camello, me vend\u00eda droga\u00bb<\/strong>. Tambi\u00e9n cuenta que sol\u00eda ir al quiosco a ver las revistas con fotos de <strong>Newton, Penn, Avedon<\/strong>&#8230; \u00abMe interesaba especialmente la t\u00e9cnica. Me gustaba mucho la revista <strong>&#8216;Life&#8217;,<\/strong> pero acab\u00f3 cerrando. Una pena\u00ab. Para esta publicaci\u00f3n hizo una serie sobre poetas a finales de los 70. Tambi\u00e9n tuvo unas palabras para aquella foto que hizo a John Lennon y Yoko Ono, horas antes de que asesinaran al Beatle. <\/p>\n<p class=\"voc-p\" style=\"\">\u00a0<\/p>\n<p><img decoding=\"async\" loading=\"lazy\" src=\"https:\/\/www.europesays.com\/es\/wp-content\/uploads\/2025\/11\/an1-U20724603485KYU-758x470@diario_abc.JPG\" class=\"voc-d-c-combo-3__img\" width=\"758\" height=\"470\" alt=\"Imagen principal - Arriba, una fotograf\u00eda de Natalia Vodianova, en lo alto de la \u00f3pera de Par\u00eds. Sobre estas l\u00edneas, a la izquierda, una vista de la exposici\u00f3n y un retrato de Elon Musk como astronauta\"\/><\/p>\n<p><img decoding=\"async\" loading=\"lazy\" src=\"https:\/\/www.europesays.com\/es\/wp-content\/uploads\/2025\/11\/an3-U58011564582tJd-464x329@diario_abc.JPG\" class=\"voc-d-c-combo-3__img\" width=\"464\" height=\"329\" alt=\"Imagen secundaria 1 - Arriba, una fotograf\u00eda de Natalia Vodianova, en lo alto de la \u00f3pera de Par\u00eds. Sobre estas l\u00edneas, a la izquierda, una vista de la exposici\u00f3n y un retrato de Elon Musk como astronauta\"\/><\/p>\n<p><img decoding=\"async\" loading=\"lazy\" src=\"https:\/\/www.europesays.com\/es\/wp-content\/uploads\/2025\/11\/an2-U34113414666ebT-278x329@diario_abc.JPG\" class=\"voc-d-c-combo-3__img\" width=\"278\" height=\"329\" alt=\"Imagen secundaria 2 - Arriba, una fotograf\u00eda de Natalia Vodianova, en lo alto de la \u00f3pera de Par\u00eds. Sobre estas l\u00edneas, a la izquierda, una vista de la exposici\u00f3n y un retrato de Elon Musk como astronauta\"\/><\/p>\n<p>La fot\u00f3grafa de las estrellas<br \/>\nArriba, una fotograf\u00eda de Natalia Vodianova, en lo alto de la \u00f3pera de Par\u00eds. Sobre estas l\u00edneas, a la izquierda, una vista de la exposici\u00f3n y un retrato de Elon Musk como astronauta<br \/>\nAgencias<\/p>\n<p class=\"voc-p\" style=\"\">Annie fue madre de tres hijas y su fuente de inspiraci\u00f3n fueron los cuentos, como <strong>&#8216;Alicia en el Pa\u00eds de las Maravillas&#8217; y &#8216;El Mago de Oz&#8217;<\/strong>. Para su versi\u00f3n de Alicia, tom\u00f3 a Natalia Vodianova. Como el conejo blanco, Tom Ford y como la reina de corazones a John Galliano. Para la versi\u00f3n de Dorothy, a Keira Knightley. Como espantap\u00e1jaros, a Jeff Koons. Y se para ante unas fotograf\u00edas de <strong>Pen\u00e9lope Cruz<\/strong>. \u00abClaro que ten\u00eda que estar aqu\u00ed. La hab\u00eda fotografiado muchas veces en Estados Unidos. Cuando hice una sesi\u00f3n de fotos en Madrid, descubr\u00ed a una Pen\u00e9lope distinta. Tiene una belleza exterior e interior y una gran seguridad en s\u00ed misma\u00bb. A estas alturas de la visita sugiere a los fot\u00f3grafos que se suban a un banco para hacer su trabajo: \u00abYo ya lo habr\u00eda hecho\u00bb. Pasamos ante la instant\u00e1nea de<strong> Donald Trump y su esposa, Melania. \u00abA ella le encanta esa foto\u00bb<\/strong>, dice. Enfrente, varias de <strong>Rihanna<\/strong>, en una de ellas embarazada de su primer hijo. \u00abEs una mujer impresionante, inteligente. Antes de ella, ya pos\u00f3 as\u00ed Demi Moore, pero Rihanna lo lleva a otro lugar\u00bb. <\/p>\n<p class=\"voc-p\" style=\"\">Y seguimos con las mujeres. En este caso la recientemente fallecida <strong>Diane Keaton<\/strong>. \u00abEra fot\u00f3grafa y ven\u00eda a las sesiones de fotos con sus propias ideas. Ella marcaba el tono. Afortunadamente, hoy las mujeres se visten con lo que quieren, <strong>se encargan de s\u00ed mismas<\/strong>. Nadie les dice lo que se tienen que poner. Se han encontrado a s\u00ed mismas\u00bb. A Leibovitz le gusta ver c\u00f3mo funcionan las fotograf\u00edas juntas, no de forma individual. En una esquina, una foto de <strong>Elon Musk<\/strong>, que estaba trabajando en un prototipo de su programa especial y al que convenci\u00f3n para ponerse el equipo de astronauta. Le gusta retratar a gente a la que admira, como <strong>David Hockney y Jasper Johns<\/strong>. \u00abHe aprendido mucho de ellos\u00bb. \ufeff<\/p>\n<p><img decoding=\"async\" loading=\"lazy\" src=\"https:\/\/www.europesays.com\/es\/wp-content\/uploads\/2025\/11\/annie3-U66838712504PLe-758x470@diario_abc.jpg\" class=\"voc-d-c-combo-3__img\" width=\"758\" height=\"470\" alt=\"Imagen principal - Arriba, de izquierda a derecha, Malgosia Bela, Carolyn Murphy, Annie Leibovitz, Karen Elson, Marta Ortega y Linda Evangelista. Sobre estas l\u00edneas, a la izquierda, Annie Leibovitz con la modelo Natalia Vodianova, que protagoniz\u00f3 su campa\u00f1a 'Alicia en el Pa\u00eds de las Maravillas'. A la derecha, Marta Ortega con C Tangana\"\/><\/p>\n<p><img decoding=\"async\" loading=\"lazy\" src=\"https:\/\/www.europesays.com\/es\/wp-content\/uploads\/2025\/11\/annie10-U72012106878fbb-464x329@diario_abc.jpg\" class=\"voc-d-c-combo-3__img\" width=\"464\" height=\"329\" alt=\"Imagen secundaria 1 - Arriba, de izquierda a derecha, Malgosia Bela, Carolyn Murphy, Annie Leibovitz, Karen Elson, Marta Ortega y Linda Evangelista. Sobre estas l\u00edneas, a la izquierda, Annie Leibovitz con la modelo Natalia Vodianova, que protagoniz\u00f3 su campa\u00f1a 'Alicia en el Pa\u00eds de las Maravillas'. A la derecha, Marta Ortega con C Tangana\"\/><\/p>\n<p><img decoding=\"async\" loading=\"lazy\" src=\"https:\/\/www.europesays.com\/es\/wp-content\/uploads\/2025\/11\/annie13-U14530145185Cec-278x329@diario_abc.jpg\" class=\"voc-d-c-combo-3__img\" width=\"278\" height=\"329\" alt=\"Imagen secundaria 2 - Arriba, de izquierda a derecha, Malgosia Bela, Carolyn Murphy, Annie Leibovitz, Karen Elson, Marta Ortega y Linda Evangelista. Sobre estas l\u00edneas, a la izquierda, Annie Leibovitz con la modelo Natalia Vodianova, que protagoniz\u00f3 su campa\u00f1a 'Alicia en el Pa\u00eds de las Maravillas'. A la derecha, Marta Ortega con C Tangana\"\/><\/p>\n<p>Jueves: fiesta de inauguraci\u00f3n<br \/>\nArriba, de izquierda a derecha, Malgosia Bela, Carolyn Murphy, Annie Leibovitz, Karen Elson, Marta Ortega y Linda Evangelista. Sobre estas l\u00edneas, a la izquierda, Annie Leibovitz con la modelo Natalia Vodianova, que protagoniz\u00f3 su campa\u00f1a &#8216;Alicia en el Pa\u00eds de las Maravillas&#8217;. A la derecha, Marta Ortega con C Tangana<br \/>\nFotos: \u00a9 Saskia Lawaks <\/p>\n<p class=\"voc-p\" style=\"\">Nueva parada: <strong>las fotograf\u00edas de los Reyes<\/strong>. \u00abFue un honor y un privilegio hacerlas. <strong>El Rey estaba m\u00e1s relajado; la Reina, m\u00e1s nerviosa y preocupada<\/strong>. Ella decidi\u00f3 ponerse un vestido precioso de Balenciaga\u00bb. Fue precisamente cuando viaj\u00f3 a Espa\u00f1a para mostrar los retratos a Felipe VI y Do\u00f1a Letizia cuando \ufeff<strong>viaj\u00f3 a La Coru\u00f1a<\/strong> y surgi\u00f3 el proyecto de esta exposici\u00f3n. La ciudad es bell\u00edsima. Visit\u00e9 este edificio, donde estaba la exposici\u00f3n de <strong>Irving Penn<\/strong>, a quien admiro mucho. Llor\u00e9 al ver sus im\u00e1genes. Carlos (Torretta) y Marta (Ortega) sienten una gran pasi\u00f3n por la fotograf\u00eda. Hice una maqueta del edificio en Nueva York. La muestra se mont\u00f3 en dos sesiones. Es un lugar joven. Admiro lo que intentan hacer aqu\u00ed para el arte y para la ciudad. Tiene <strong>buenas vibraciones<\/strong>. Me parece mejor que Los \u00c1ngeles y Nueva York, donde todo est\u00e1 sobredimensionado, saturado. Creo que hay que llevar el arte a todos los lugares. Admiro lo que han hecho aqu\u00ed\u00bb.<\/p>\n<p class=\"voc-p\" style=\"\">Est\u00e1 satisfecha porque ocupa \u00abuna posici\u00f3n \u00fanica para fotografiar mi \u00e9poca y mi vida. Todo el mundo es interesante, tiene algo. <strong>Me gusta mirar a la gente<\/strong>. Ya sea un rey o un dise\u00f1ador, intento comprenderlos. En los retratos de los Reyes me permitieron hacer lo que yo quer\u00eda. <strong>Me interesa la tradici\u00f3n<\/strong>, por eso decid\u00ed fotografiarlos en palacio. Quer\u00eda algo formal. Ellos<strong> estaban sorprendidos<\/strong>\u00bb. Le encanta la historia y la mitolog\u00eda, confiesa. \u00abEn los retratos de los reyes hay una <strong>atemporalidad<\/strong> que me interesa mucho, que duren mucho tiempo\u00bb. <\/p>\n<p class=\"voc-p\" style=\"\">Acaba de cumplir 76 a\u00f1os. \u00ab<strong>Es maravilloso envejecer<\/strong>. No se dice lo suficiente. Mi madre era genial y mi padre, maravilloso. Somos seis hermanos y nos amaban. Mi madre nos alent\u00f3 a ser creativos. Di clase de danza y de piano. <strong>Mis hijas no me dejan que les haga fotos, se enfadan<\/strong>\u00bb.<\/p>\n<p>\n\u00abNo deber\u00edamos robarle el alma a nadie\u00bb\n<\/p>\n<p class=\"voc-p\" style=\"\">Minutos despu\u00e9s del encuentro con la prensa, Leibovitz concede unas pocas entrevistas, una de ellas a ABC. Nos dan quince minutos. Tiempo escas\u00edsimo para hablar con una leyenda viva. <\/p>\n<p class=\"voc-p\" style=\"\">\u2014<strong>Dice Susan Sontag en su libro &#8216;Sobre la fotograf\u00eda&#8217; que \u00abfotografiar es apropiarse de lo fotografiado\u00bb. \u00bfSe considera una especie de &#8216;ladrona de almas&#8217;?<\/strong><\/p>\n<p class=\"voc-p\" style=\"\">\u2014Creo que el trabajo que yo hago es cultura popular, interpretar nuestra \u00e9poca, estudiar qui\u00e9nes somos. Yo nunca me he sentido muy c\u00f3moda con la fotograf\u00eda callejera, salir a la calle a hacerle fotos a la gente sin que lo sepan. En la mayor parte de mi trabajo la persona fotografiada sabe que la estoy fotografiando. No soy ese tipo de fot\u00f3grafa que est\u00e1 escondida detr\u00e1s de un edificio con un teleobjetivo para tratar de robar una foto, en absoluto. Mi fotograf\u00eda es m\u00e1s psicol\u00f3gica. No deber\u00edamos robarle el alma a nadie. <\/p>\n<p class=\"voc-p\" style=\"\">\u2014<strong>Para Bruce Springsteen, \u00abla forma en que Annie Leibovitz te retrate ser\u00e1 la forma en que el mundo te ver\u00e1\u00bb. Menuda responsabilidad&#8230;<\/strong><\/p>\n<p class=\"voc-p\" style=\"\">\u2014S\u00ed y no. Bueno, \u00e9l ha dicho cosas que me han conmovido mucho. Para que Bruce diga que yo soy una fot\u00f3grafa americana y tener ese reconocimiento por su parte, no hay nada mejor que eso, la verdad. Dentro de unos a\u00f1os voy a hacer una retrospectiva \u2013tendr\u00e9 ya casi cien a\u00f1os, entonces (r\u00ede)\u2013, y llegar\u00e1 el momento de ver qu\u00e9 fotograf\u00edas se mantienen en el tiempo y cu\u00e1les no. Aqu\u00ed en La Coru\u00f1a esta no es una retrospectiva, es una exposici\u00f3n de moda, pedag\u00f3gica, para mostrar a los fot\u00f3grafos j\u00f3venes las tripas del mundo de la moda. Que la moda no sale de la nada. <\/p>\n<p class=\"voc-p\" style=\"\">\u2014<strong>Por cierto, dice el &#8216;Boss&#8217; que a usted no le gust\u00f3 nada la portada del disco &#8216;Born in the USA&#8217;. \u00bfEs cierto? Esos vaqueros marcaron \u00e9poca&#8230;<\/strong><\/p>\n<p class=\"voc-p\" style=\"\">\u2014Estaba mortificada. No me gusta nada. Le dije que se diera la vuelta y le fotografi\u00e9. Fue como un robado. Pero a \u00e9l le encant\u00f3. Estaba sorprendido de la foto que le hice. Me dijo: \u00abQue sepas, Annie, que voy a ser yo quien elija fotos que no te van a gustar\u00bb. <\/p>\n<p class=\"voc-p\" style=\"\">\u2014<strong>Leal, emp\u00e1tica, autocr\u00edtica, muy perfeccionista, persuasiva, capaz de sacar lo mejor de cada uno&#8230; Es el retrato que hacen de usted quienes bien la conocen en un libro-homenaje por esta exposici\u00f3n. \u00bfEs un retrato acertado? \u00bfSe ve reflejada en \u00e9l?<\/strong><\/p>\n<p class=\"voc-p\" style=\"\">\u2014Me sorprendi\u00f3 mucho este libro, fue como ir a tu propio entierro. Leer esas cosas de personas con las que he trabajado es demasiado emotivo para m\u00ed. Me conmovi\u00f3 mucho. <\/p>\n<p class=\"voc-p\" style=\"\">\u2014<strong>Anna Wintour afirma que usted \u00abparece viajar con la mirada asombrada de una extra\u00f1a&#8230;\u00bb \u00bfCincuenta a\u00f1os despu\u00e9s mantiene el mismo asombro y la misma extra\u00f1eza?<\/strong><\/p>\n<p class=\"voc-p\" style=\"\">\u2014S\u00ed, claro, constantemente.<\/p>\n<p class=\"voc-p\" style=\"\">      En este momento, interrumpe la entrevista y me pide que ponga la mano sobre el folio donde llevo escrito el cuestionario, que, para ser justos, parece un jerogl\u00edfico. Le ha llamado la atenci\u00f3n y lo fotograf\u00eda. Qui\u00e9n sabe si alg\u00fan d\u00eda el cuestionario de esta entrevista a Annie Leibovitz colgar\u00e1 en alguna galer\u00eda o un museo. \u00abEsta es tu cabeza\u00bb, me dice. No me tranquiliza. Es pura esquizofrenia. <\/p>\n<p class=\"voc-p\" style=\"\">\u2014<strong>Para Tom Ford, \u00abnadie sale mal en las fotograf\u00edas de Annie Leibovitz\u00bb. \u00bfEso es bueno o malo? O es que solo retrata a gente guapa&#8230;<\/strong><\/p>\n<p class=\"voc-p\" style=\"\">\u2014Es una buena pregunta. <\/p>\n<p class=\"voc-p\" style=\"\">     \u00abPor favor dejadle cinco o diez minutos m\u00e1s\u00bb, advierte a los organizadores, que ya empiezan a mover las cabezas, pues se acercan los 15 minutos pactados. <\/p>\n<p class=\"voc-p\" style=\"\">\u2014Es bueno y malo (prosigue). Conforme voy envejeciendo, quiero que la gente se guste a s\u00ed misma. A lo mejor no es lo que esperan. Cuando era joven, yo era muy cr\u00edtica. No intento quedar bien, intento buscar una f\u00f3rmula de mostrar a la gente de la mejor manera. <\/p>\n<p class=\"voc-p\" style=\"\">\u2014<strong>\u00bfSe le ha resistido alg\u00fan personaje?<\/strong>\u00a0<\/p>\n<p class=\"voc-p\" style=\"\">\u2014S\u00ed, Martha Stewart. La admiraba demasiado, estaba enamorada de ella (hay muy poca gente capaz de ir a la c\u00e1rcel y convertirlo en una experiencia positiva). Me dijo que no le gustaba su fotograf\u00eda porque era demasiado bonita. Est\u00e1 incluida en el libro &#8216;Women&#8217;. Es una t\u00eda cojonuda. He quedado en hacerle otra foto. <\/p>\n<p class=\"voc-p\" style=\"\">\u2014<strong>\u00bfSe ha arrepentido de alguna fotograf\u00eda? \u00bfTal vez de la de Donald Trump y Melania?<\/strong><\/p>\n<p class=\"voc-p\" style=\"\">\u2014No. A ver&#8230; A Melania le gusta la foto. En mi trabajo vas a fotografiar a personas sobre las que tienes todo tipo de sentimientos. En esta exposici\u00f3n es la primera vez que me siento c\u00f3moda, porque son fotos de moda. Esa foto se hizo para &#8216;Vogue&#8217;. Encaja bien en la exposici\u00f3n. Est\u00e1 en una pared de comentarios sociales, donde se utiliza la moda para ello. Es como hacer una fotograf\u00eda delante de un edificio bombardeado. Es tanto de lo que me gustar\u00eda hablar&#8230; <\/p>\n<p class=\"voc-p\" style=\"\">\u2014<strong>Y tan poco el tiempo&#8230; \u00abHa sido un viaje salvaje\u00bb, ha confesado sobre su medio siglo de carrera.<\/strong><\/p>\n<p class=\"voc-p\" style=\"\">\u2014Y no puedo parar, no s\u00e9 qu\u00e9 hacer. <\/p>\n<p class=\"voc-p\" style=\"\">\u2014<strong>\u00bfQued\u00f3 satisfecha con los retratos de los Reyes? Do\u00f1a Letizia, de alta costura, mientras Don Felipe viste de capit\u00e1n general.<\/strong><\/p>\n<p class=\"voc-p\" style=\"\">\u2014Fue idea de la Reina encontrar un vestido tan incre\u00edble como el Balenciaga en homenaje a la moda espa\u00f1ola. Yo estaba interesada en una fotograf\u00eda m\u00e1s tradicional. Me encanta la historia. Pens\u00e9 que era lo suficientemente moderno para ser una fotograf\u00eda, que hab\u00eda suficiente contenido con el que trabajar. <\/p>\n<p class=\"voc-p\" style=\"\">\u2014<strong>Dicen que usted ha nacido para contar historias, que en un solo fotograma hace un relato completo&#8230;<\/strong><\/p>\n<p class=\"voc-p\" style=\"\">\u2014Ojal\u00e1 tuviera la oportunidad de contar m\u00e1s historias.<\/p>\n<p class=\"voc-p\" style=\"\">\u2014<strong>Est\u00e1 arrasando en todo el mundo &#8216;Lux&#8217;, de Rosal\u00eda, convertida en estrella mundial. \u00bfApuntaba ya maneras cuando la retrat\u00f3?<\/strong><\/p>\n<p class=\"voc-p\" style=\"\">\u2014Ella era muy moderna, muy vanguardista. Quer\u00eda vestirse como un hombre. Era incre\u00edble, maravillosa, muy interesante. Ha hecho un disco en trece idiomas. Es una fuerza total. Quiero volver a fotografiarla. Dilo en tu art\u00edculo, que quiero volver a fotografiarla.<\/p>\n<p class=\"voc-p\" style=\"\">Dicho queda. Seguro que la catalana toma buena nota y pronto la veremos ante el objetivo de Annie Superstar.<\/p>\n","protected":false},"excerpt":{"rendered":"Anni Superstar es una leyenda viva. Y no es una frase hecha sin m\u00e1s. Es el t\u00edtulo que&hellip;\n","protected":false},"author":2,"featured_media":248494,"comment_status":"","ping_status":"","sticky":false,"template":"","format":"standard","meta":{"footnotes":""},"categories":[173],"tags":[49536,229,233,231,230,232,234,146,147,25,24,63204,63203,23],"class_list":{"0":"post-248493","1":"post","2":"type-post","3":"status-publish","4":"format-standard","5":"has-post-thumbnail","7":"category-arte-y-diseno","8":"tag-annie","9":"tag-arte","10":"tag-arte-y-diseno","11":"tag-arts","12":"tag-arts-and-design","13":"tag-design","14":"tag-diseno","15":"tag-entertainment","16":"tag-entretenimiento","17":"tag-es","18":"tag-espana","19":"tag-hkjasfsahjfksahklfsahlkfhkjsahkjhfkjhakh","20":"tag-leibovitz","21":"tag-spain"},"share_on_mastodon":{"url":"https:\/\/pubeurope.com\/@es\/115589014616876346","error":""},"_links":{"self":[{"href":"https:\/\/www.europesays.com\/es\/wp-json\/wp\/v2\/posts\/248493","targetHints":{"allow":["GET"]}}],"collection":[{"href":"https:\/\/www.europesays.com\/es\/wp-json\/wp\/v2\/posts"}],"about":[{"href":"https:\/\/www.europesays.com\/es\/wp-json\/wp\/v2\/types\/post"}],"author":[{"embeddable":true,"href":"https:\/\/www.europesays.com\/es\/wp-json\/wp\/v2\/users\/2"}],"replies":[{"embeddable":true,"href":"https:\/\/www.europesays.com\/es\/wp-json\/wp\/v2\/comments?post=248493"}],"version-history":[{"count":0,"href":"https:\/\/www.europesays.com\/es\/wp-json\/wp\/v2\/posts\/248493\/revisions"}],"wp:featuredmedia":[{"embeddable":true,"href":"https:\/\/www.europesays.com\/es\/wp-json\/wp\/v2\/media\/248494"}],"wp:attachment":[{"href":"https:\/\/www.europesays.com\/es\/wp-json\/wp\/v2\/media?parent=248493"}],"wp:term":[{"taxonomy":"category","embeddable":true,"href":"https:\/\/www.europesays.com\/es\/wp-json\/wp\/v2\/categories?post=248493"},{"taxonomy":"post_tag","embeddable":true,"href":"https:\/\/www.europesays.com\/es\/wp-json\/wp\/v2\/tags?post=248493"}],"curies":[{"name":"wp","href":"https:\/\/api.w.org\/{rel}","templated":true}]}}