{"id":248497,"date":"2025-11-21T18:07:26","date_gmt":"2025-11-21T18:07:26","guid":{"rendered":"https:\/\/www.europesays.com\/es\/248497\/"},"modified":"2025-11-21T18:07:26","modified_gmt":"2025-11-21T18:07:26","slug":"cuando-me-encuentro-con-marco-en-mi-pueblo-le-digo-bromeando-que-gracias-por-los-cuernos","status":"publish","type":"post","link":"https:\/\/www.europesays.com\/es\/248497\/","title":{"rendered":"Cuando me encuentro con Marco en mi pueblo, le digo bromeando que gracias por los cuernos"},"content":{"rendered":"<p data-journey-content=\"true\" data-node-id=\"0\" class=\"body-dropcap css-1vn2egp emevuu60\"><strong data-node-id=\"0.0\">Laura Pausini <\/strong>no es una cantante de baladas \u00f1o\u00f1as, sino una fuerza de la naturaleza y la artista m\u00e1s humana de todo el star system. Su energ\u00eda cara a cara se expande por el cuerpo como las vibraciones del suelo radiante. De pie en el Madison Square Garden o en San Siro, 90.000 personas la miran s\u00f3lo a ella, pero en las distancias cortas de una entrevista, esa que es mirada por todos, venerada por todos, ovacionada por todos, te mira s\u00f3lo a ti. <\/p>\n<p data-journey-content=\"true\" data-node-id=\"1\" class=\"css-6wxqfj emevuu60\">30 de octubre. Nos sentamos con ella tras entregarle el premio Bazaar Women of the Year &#8211; Achievement, y todo sale gloriosamente mal. Su generosidad es tan grande que la media hora pactada se multiplica por tres, invade su almuerzo (nunca terminar\u00e1 el arroz con jam\u00f3n) y concluye con abrazos de la italiana, consejos amorosos y su promesa de enviarnos por WhatsApp la informaci\u00f3n completa de nuestro hor\u00f3scopo. Sobre la entrega de premios, sentirse a la altura del resto de ganadoras le produce escalofr\u00edos.<strong data-node-id=\"1.3\"> \u00abConoc\u00ed a mi eterna musa, Bianca Jagger, <\/strong>a quien copi\u00e9 su vestimenta para la portada de mi \u00e1lbum de 2013 [20 &#8211; Grandes \u00e9xitos]; abrac\u00e9 a Bianca Balti, que me emocion\u00f3 profundamente hace un a\u00f1o por su fuerza y vulnerabilidad frente al c\u00e1ncer; vi a Simone Biles, adorada por mi hija\u2026, y al mencionar en mi discurso a Raffaella Carr\u00e0, las luces de la sala, que llevaban apagadas media hora, se encendieron de golpe\u00bb. <\/p>\n<p><img draggable=\"true\" alt=\"laura pausini\" title=\"laura pausini\" loading=\"lazy\" width=\"2100\" height=\"2755\" decoding=\"async\" data-nimg=\"1\" style=\"color:transparent;width:100%;height:auto;\"   src=\"https:\/\/www.europesays.com\/es\/wp-content\/uploads\/2025\/11\/251029-f02-0642-a-c2101-r2190636-6916d9874b91e.jpg\" class=\"css-0 e1g79fud0\"\/>Xavi Gordo<\/p>\n<p>Vestido de punto de ISSEY MIYAKE.<\/p>\n<p data-journey-content=\"true\" data-node-id=\"3\" class=\"css-6wxqfj emevuu60\">Han pasado 31 a\u00f1os desde que esta mujer ganara el Festival de Sanremo con La soledad. Y aunque hoy acumula un Grammy, cuatro Grammys latinos, m\u00e1s de 70 millones de discos vendidos e incluso una estrella en el Paseo de la Fama de Hollywood, cuando habla, gesticula o r\u00ede con su encantador diastema, sigue recordando a esa ni\u00f1a de Solarolo que cantaba con su padre en el piano bar. <strong data-node-id=\"3.3\">\u00abDe peque\u00f1a ni siquiera so\u00f1aba con ser famosa, s\u00f3lo quer\u00eda cantar<\/strong> \u2013confiesa\u2013. Entonces no exist\u00edan los talent shows. Como m\u00e1ximo me imaginaba siendo corista de una estrella\u00bb. Incluso tuvo que superar un \u2018no\u2019 inesperado a los 16 a\u00f1os. \u00abVino a verme un se\u00f1or de Warner Music Italia. Lo hab\u00eda organizado mi padre sin que yo lo supiese, y al terminar de tocar, mientras recog\u00edamos, se acerc\u00f3 y me dijo que no ten\u00eda talento para una carrera musical. Un a\u00f1o y medio despu\u00e9s me lo encontr\u00e9 en un pasillo cuando firmaba mi contrato, y todav\u00eda hoy sigue diciendo que ese \u2018no\u2019 era \u00e9l\u00bb. <\/p>\n<p><img draggable=\"true\" alt=\"laura pausini\" title=\"laura pausini\" loading=\"lazy\" width=\"2100\" height=\"2730\" decoding=\"async\" data-nimg=\"1\" style=\"color:transparent;width:100%;height:auto;\"   src=\"https:\/\/www.europesays.com\/es\/wp-content\/uploads\/2025\/11\/251029-f01-0187-c2101-r2190637-6916d9c6bc726.jpg\" class=\"css-0 e1g79fud0\"\/>Xavi Gordo<\/p>\n<p>Laura lleva chaleco, pantal\u00f3n y mocasines, todo de piel, y gargantilla de metal, todo de GIVENCHY.<\/p>\n<blockquote data-node-id=\"6\" class=\"body-blockquote css-gw6zdp emevuu60\"><p>\u201cMis canciones deben hacerme sentir algo visceral. Si no son capaces de \u2018tocarme\u2019, jam\u00e1s se convertir\u00e1n en uno de mis singles e incluso puede que nunca las saque\u201d.<\/p><\/blockquote>\n<p data-journey-content=\"true\" data-node-id=\"7\" class=\"css-6wxqfj emevuu60\">Su primera canci\u00f3n, La soledad, marc\u00f3 la l\u00ednea autobiogr\u00e1fica que define su m\u00fasica. \u00abLa mejor manera de presentarme al p\u00fablico fue interpretando ese tema 100 % real. <strong data-node-id=\"7.3\">Ahora, cuando me encuentro con Marco en mi pueblo, le digo bromeando que gracias por los cuernos, <\/strong>ya que hicieron de m\u00ed una cantante que cuenta estrictamente la verdad\u00bb. Su criterio al componer siempre es el mismo:<strong data-node-id=\"7.5\"> \u00abTodas las letras hablan de m\u00ed:<\/strong> la mayor\u00eda tratan de cosas que he vivido y otras, misteriosamente, se acaban cumpliendo en uno o dos a\u00f1os\u00bb. Pero no basta con las letras: sus canciones exigen una experiencia f\u00edsica. \u00abDeben hacerme sentir algo visceral. Si no son capaces de \u2018tocarme\u2019, jam\u00e1s se convertir\u00e1n en uno de mis singles e incluso puede que nunca las saque\u00bb. Con Laura Pausini es imposible no hablar de amor. \u00ab\u00bfQu\u00e9 es lo m\u00e1s surrealista que te ha sucedido en un escenario?\u00bb, le preguntamos. Y al responder sus ojos aletean cerrados: <strong data-node-id=\"7.9\">\u00abEnamorarme del guitarrista \u2013risas\u2013\u00bb.<\/strong> Se refiere a Paolo Carta, su compa\u00f1ero desde hace m\u00e1s de 20 a\u00f1os, padre de su hija, y al que conoci\u00f3 por sorpresa dentro de su propio equipo. \u00abAquel hombre separado, con tres hijos, me ense\u00f1\u00f3 que existe la posibilidad de amar siendo t\u00fa misma. Pas\u00e9 de cantar sobre la soledad a no volver a sentirla, tanto que a veces me descubro busc\u00e1ndola\u00bb. <\/p>\n<p><img draggable=\"true\" alt=\"laura pausini\" title=\"laura pausini\" loading=\"lazy\" width=\"2100\" height=\"2745\" decoding=\"async\" data-nimg=\"1\" style=\"color:transparent;width:100%;height:auto;\"   src=\"https:\/\/www.europesays.com\/es\/wp-content\/uploads\/2025\/11\/251029-f08-2547-a-c2101-r2190638-6916d9fa42005.jpg\" class=\"css-0 e1g79fud0\"\/><\/p>\n<p>Xavi Gordo<\/p>\n<p data-journey-content=\"true\" data-node-id=\"9\" class=\"css-6wxqfj emevuu60\">Su relaci\u00f3n con la moda viene desde ni\u00f1a: \u00abHasta los 18 a\u00f1os mis padres no me dejaron salir de noche, as\u00ed que me pasaba las horas cantando en casa, recortando revistas de mi madre o dibujando vestidos\u2026 Al ganar Sanremo empez\u00f3 a vestirme la marca Byblos, pero el momento decisivo lleg\u00f3 cuando recib\u00ed una llamada personal de <strong data-node-id=\"9.1\">Giorgio Armani.<\/strong> &#8216;Me gustar\u00eda conocerte y hablar contigo&#8217;, me dijo. Y fue brutalmente sincero. <strong data-node-id=\"9.3\">Me confes\u00f3 que habitualmente no dise\u00f1aba para cuerpos con curvas como el m\u00edo, pero que, si quer\u00eda, pod\u00eda ense\u00f1arme a sentirme c\u00f3moda y bella mientras cantaba.<\/strong> Durante 15 a\u00f1os \u00e9l me visti\u00f3 en las giras\u00bb. De vuelta al presente, repasamos las fotos de este reportaje: \u00abMi favorito es el look con culotte y sujetador de Jacquemus\u00bb, revela. Como nunca me muestro tan desnuda, le dije al fot\u00f3grafo que sent\u00eda mucho pudor. Me imagin\u00e9 incluso a mi madre, que todav\u00eda me rega\u00f1a cuando llevo algo atrevido. \u00a1Pero que diga lo que quiera! La imagen es bell\u00edsima y nada vulgar\u00bb. <\/p>\n<p><img draggable=\"true\" alt=\"laura pausini\" title=\"laura pausini\" loading=\"lazy\" width=\"2100\" height=\"2687\" decoding=\"async\" data-nimg=\"1\" style=\"color:transparent;width:100%;height:auto;\"   src=\"https:\/\/www.europesays.com\/es\/wp-content\/uploads\/2025\/11\/251029-f06-1996-b-c2101-r2190639-6916da687f55c.jpg\" class=\"css-0 e1g79fud0\"\/>Xavi Gordo<\/p>\n<p>Top de punto y falda de piel, ambos de BOTTEGA VENETA, medias de WOLFORD, zapatos de piel de JIMMY CHOO y collar Paola Diamond Necklace de PDPAOLA.<\/p>\n<p data-journey-content=\"true\" data-node-id=\"11\" class=\"css-6wxqfj emevuu60\">Pero el escenario no es el \u00fanico lugar en el que la artista alza la voz: \u00abSi tuviera que decantarme por una causa social, ser\u00eda sin duda la violencia de g\u00e9nero. Me han escrito tant\u00edsimas mujeres estos a\u00f1os\u2026 Entre ellas, Alessia, que me llamaba mientras su padre la agred\u00eda y yo escuchaba todo al otro lado del tel\u00e9fono. Ten\u00eda 16 a\u00f1os y la polic\u00eda fue 12 veces a su casa, pero su madre siempre los echaba diciendo que eran simples discusiones dom\u00e9sticas. Ahora Alessia tiene dos hijos, est\u00e1 viva y feliz, y me suplica todos los d\u00edas que siga hablando de esto\u00bb. <\/p>\n<p><img draggable=\"true\" alt=\"laura pausini\" title=\"laura pausini\" loading=\"lazy\" width=\"2100\" height=\"2771\" decoding=\"async\" data-nimg=\"1\" style=\"color:transparent;width:100%;height:auto;\"   src=\"https:\/\/www.europesays.com\/es\/wp-content\/uploads\/2025\/11\/251029-f04-1135-a-c2101-r2190641-6916da9dcc858.jpg\" class=\"css-0 e1g79fud0\"\/>Xavi Gordo<\/p>\n<p>Vestido de red y flecos de FERRAGAMO y pendientes B.zero1 de oro amarillo con diamantes de BVLGARI.<\/p>\n<blockquote data-node-id=\"13\" class=\"body-blockquote css-gw6zdp emevuu60\"><p>\u201cCuando me encuentro con Marco en mi pueblo, le digo bromeando que gracias por los cuernos, ya que hicieron de m\u00ed una cantante que cuenta estrictamente la verdad\u201d.<\/p><\/blockquote>\n<p data-journey-content=\"true\" data-node-id=\"14\" class=\"css-6wxqfj emevuu60\">Si su presente es dulce \u2013con el reciente premio Icon en los Billboard Latin Awards, el lanzamiento de Desire con Robbie Williams para la FIFA World Cup e incluso su versi\u00f3n de Turista de Bad Bunny\u2013 su futuro promete ser arrollador. En enero ver\u00e1 la luz Yo Canto 2, su disco de covers que honra a cantautores espa\u00f1oles y latinoamericanos, desde Ricky Martin hasta Alejandro Sanz, acompa\u00f1ado de otra edici\u00f3n de m\u00fasica italiana. La gira mundial arrancar\u00e1 precisamente en Espa\u00f1a y se alargar\u00e1 hasta finales de 2027. Nos despedimos hablando de su playlist personal, donde conviven Whitney Houston, George Michael o Simply Red con la m\u00fasica latina m\u00e1s diversa. \u00abSpotify me descubri\u00f3 artistas que ni conoc\u00eda y los inclu\u00ed en mi \u00faltimo disco\u00bb, celebra. Pero hay una canci\u00f3n reciente que la ha conquistado: Berghain de <strong data-node-id=\"14.13\">Rosal\u00eda.<\/strong> \u00abSu profundidad puede revolucionar el mercado. Va m\u00e1s all\u00e1 de lo que las discogr\u00e1ficas piden habitualmente. <strong data-node-id=\"14.15\">La admiro profundamente por esa valent\u00eda\u00bb.<\/strong><\/p>\n<p><img draggable=\"true\" alt=\"laura pausini\" title=\"laura pausini\" loading=\"lazy\" width=\"2100\" height=\"1361\" decoding=\"async\" data-nimg=\"1\" style=\"color:transparent;width:100%;height:auto;\"   src=\"https:\/\/www.europesays.com\/es\/wp-content\/uploads\/2025\/11\/251029-f07-2207-c2101-r2190640-6916d939e8bcb.jpg\" class=\"css-0 e1g79fud0\"\/>Xavi Gordo<\/p>\n<p>Vestido bustier de piel de ROBERTO CAVALLI, medias de WOLFORD, zapatos de piel de JACQUEMUS, y anillos Berbere de oro amarillo, anillo Antifer de oro amarillo con diamantes y earcuff Antifer de oro amarillo, todo de REPOSSI.<\/p>\n<p><img draggable=\"true\" alt=\"laura pausini\" title=\"laura pausini\" loading=\"lazy\" width=\"2100\" height=\"2734\" decoding=\"async\" data-nimg=\"1\" style=\"color:transparent;width:100%;height:auto;\"   src=\"https:\/\/www.europesays.com\/es\/wp-content\/uploads\/2025\/11\/251029-f03-1010-c2101-r2190642-6916dad8f2ca8.jpg\" class=\"css-0 e1g79fud0\"\/>Xavi Gordo<\/p>\n<p>Vestido de gasa de seda y zapatos de piel, ambos de JACQUEMUS. <\/p>\n<p><img draggable=\"true\" alt=\"laura pausini\" title=\"laura pausini\" loading=\"lazy\" width=\"2100\" height=\"2721\" decoding=\"async\" data-nimg=\"1\" style=\"color:transparent;width:100%;height:auto;\"   src=\"https:\/\/www.europesays.com\/es\/wp-content\/uploads\/2025\/11\/251029-f05-1626-c2101-r2190643-6916db06b3de3.jpg\" class=\"css-0 e1g79fud0\"\/>Xavi Gordo<\/p>\n<p>Top de punto con strass de MANGO y gafas con detalles de cristales de JIMMY CHOO.<\/p>\n<p><img draggable=\"true\" alt=\"laura pausini\" title=\"laura pausini\" loading=\"lazy\" width=\"2100\" height=\"2721\" decoding=\"async\" data-nimg=\"1\" style=\"color:transparent;width:100%;height:auto;\"   src=\"https:\/\/www.europesays.com\/es\/wp-content\/uploads\/2025\/11\/251029-f07-2338-b-6916db478a652.jpg\" class=\"css-0 e1g79fud0\"\/>Xavi Gordo<\/p>\n<p>Vestido bustier de piel de ROBERTO CAVALLI, medias de WOLFORD, zapatos de piel de JACQUEMUS, y anillos Berbere de oro amarillo, anillo Antifer de oro amarillo con diamantes y earcuff Antifer de oro amarillo, todo de REPOSSI.<\/p>\n<p data-journey-content=\"true\" data-node-id=\"19\" class=\"body-tip css-fta0o3 emevuu60\">PELUQUER\u00cdA Y MAQUILLAJE: DANIELA ZEQO. PRODUCCI\u00d3N: ITZ\u00cdAR SAETTONE. ASISTENTE DE FOTOGRAF\u00cdA: PIETRO FRIZZI. ASISTENTE DIGITAL: RITA GUILL\u00c9N. ASISTENTE DE ESTILISMO: MAR\u00cdA REQUEJO.<\/p>\n","protected":false},"excerpt":{"rendered":"Laura Pausini no es una cantante de baladas \u00f1o\u00f1as, sino una fuerza de la naturaleza y la artista&hellip;\n","protected":false},"author":2,"featured_media":248498,"comment_status":"","ping_status":"","sticky":false,"template":"","format":"standard","meta":{"footnotes":""},"categories":[170],"tags":[253,1180,146,147,25,24,184,185,23],"class_list":{"0":"post-248497","1":"post","2":"type-post","3":"status-publish","4":"format-standard","5":"has-post-thumbnail","7":"category-musica","8":"tag-discover","9":"tag-editorial","10":"tag-entertainment","11":"tag-entretenimiento","12":"tag-es","13":"tag-espana","14":"tag-music","15":"tag-musica","16":"tag-spain"},"share_on_mastodon":{"url":"https:\/\/pubeurope.com\/@es\/115589026000224710","error":""},"_links":{"self":[{"href":"https:\/\/www.europesays.com\/es\/wp-json\/wp\/v2\/posts\/248497","targetHints":{"allow":["GET"]}}],"collection":[{"href":"https:\/\/www.europesays.com\/es\/wp-json\/wp\/v2\/posts"}],"about":[{"href":"https:\/\/www.europesays.com\/es\/wp-json\/wp\/v2\/types\/post"}],"author":[{"embeddable":true,"href":"https:\/\/www.europesays.com\/es\/wp-json\/wp\/v2\/users\/2"}],"replies":[{"embeddable":true,"href":"https:\/\/www.europesays.com\/es\/wp-json\/wp\/v2\/comments?post=248497"}],"version-history":[{"count":0,"href":"https:\/\/www.europesays.com\/es\/wp-json\/wp\/v2\/posts\/248497\/revisions"}],"wp:featuredmedia":[{"embeddable":true,"href":"https:\/\/www.europesays.com\/es\/wp-json\/wp\/v2\/media\/248498"}],"wp:attachment":[{"href":"https:\/\/www.europesays.com\/es\/wp-json\/wp\/v2\/media?parent=248497"}],"wp:term":[{"taxonomy":"category","embeddable":true,"href":"https:\/\/www.europesays.com\/es\/wp-json\/wp\/v2\/categories?post=248497"},{"taxonomy":"post_tag","embeddable":true,"href":"https:\/\/www.europesays.com\/es\/wp-json\/wp\/v2\/tags?post=248497"}],"curies":[{"name":"wp","href":"https:\/\/api.w.org\/{rel}","templated":true}]}}