{"id":248507,"date":"2025-11-21T18:12:27","date_gmt":"2025-11-21T18:12:27","guid":{"rendered":"https:\/\/www.europesays.com\/es\/248507\/"},"modified":"2025-11-21T18:12:27","modified_gmt":"2025-11-21T18:12:27","slug":"asi-celebrara-el-black-friday-2025-la-compania","status":"publish","type":"post","link":"https:\/\/www.europesays.com\/es\/248507\/","title":{"rendered":"as\u00ed celebrar\u00e1 el Black Friday 2025 la compa\u00f1\u00eda"},"content":{"rendered":"<p class=\"Paragraph\"><a title=\"Apple acaba de confirmar que este a\u00f1o tambi\u00e9n se sumar\u00e1 a la celebraci\u00f3n del Black Friday 2025\" href=\"https:\/\/www.apple.com\/es\/shop\/gifts\/shopping-event\" target=\"_blank\" rel=\"nofollow noopener\">Apple acaba de confirmar que este a\u00f1o tambi\u00e9n se sumar\u00e1 a la celebraci\u00f3n del Black Friday 2025<\/a>. Como viene siendo habitual, lo har\u00e1 a su manera, que es un tanto especial. Durante cuatro d\u00edas regalar\u00e1 tarjetas regalo por la compra de dispositivos en promoci\u00f3n, cuyo valor <strong>variar\u00e1 en funci\u00f3n del producto que se compre<\/strong>.<\/p>\n<p class=\"Paragraph\">Del <strong>28 de noviembre al 1 de diciembre<\/strong> ser\u00e1n los d\u00edas especiales del Apple Store, cuatro jornadas en las que se repartir\u00e1n tarjetas regalo que se podr\u00e1n aprovechar para comprar otros productos. No todos los dispositivos que vende actualmente entran dentro de la promoci\u00f3n, as\u00ed que te contamos <strong>cu\u00e1les participan y qu\u00e9 valor tendr\u00e1n las tarjetas regalo que Apple ofrecer\u00e1 por su compra<\/strong>.<\/p>\n<p>Los productos de Apple en promoci\u00f3n durante el Black Friday 2025<\/p>\n<p class=\"Paragraph\">Como era de esperar, dentro del <strong>Black Friday 2025 de Apple<\/strong> no entran los dispositivos m\u00e1s recientes de la compa\u00f1\u00eda. Esto significa que no recibir\u00e1s una tarjeta regalo por la compra de alg\u00fan modelo de la<a title=\" serie iPhone 17\" href=\"https:\/\/www.larazon.es\/tecnologia-consumo\/iphone-17-esta-siendo-exito-apple-tiene-que-aumentar-produccion-diaria-poder-satisfacer-alta-demanda_2025092268d102776b16e40392d77b12.html\" target=\"_blank\" rel=\"nofollow noopener\"> serie iPhone 17<\/a> o de un <a title=\"iPad Pro con procesador M5\" href=\"https:\/\/www.larazon.es\/tecnologia-consumo\/apple-presenta-nuevo-ipad-pro-chip-mismo-diseno-grandes-mejoras-internas_2025101568ef9f4ade40d8089e0dd79b.html\" target=\"_blank\" rel=\"nofollow noopener\">iPad Pro con procesador M5<\/a>. Sin embargo, hay muchos otros que s\u00ed forman parte de la promoci\u00f3n. Son los siguientes:<\/p>\n<ul>\n<li>\n<p class=\"Paragraph\"><strong>iPhone 16 y iPhone 16 Plus<\/strong>: Apple Gift Card de 60 \u20ac<\/p>\n<\/li>\n<li>\n<p class=\"Paragraph\"><strong>iPhone 16e<\/strong>: Apple Gift Card de 40 \u20ac<\/p>\n<\/li>\n<li>\n<p class=\"Paragraph\"><strong>MacBook Air de 13 pulgadas<\/strong>: Apple Gift Card de 140 \u20ac<\/p>\n<\/li>\n<li>\n<p class=\"Paragraph\"><strong>MacBook Air de 15 pulgadas<\/strong>: Apple Gift Card de 160 \u20ac<\/p>\n<\/li>\n<li>\n<p class=\"Paragraph\"><strong>MacBook Pro de 14 pulgadas (M4 Pro \/ M4 Max)<\/strong>: Apple Gift Card de 200 \u20ac<\/p>\n<\/li>\n<li>\n<p class=\"Paragraph\"><strong>MacBook Pro de 16 pulgadas (M4 Pro \/ M4 Max)<\/strong>: Apple Gift Card de 200 \u20ac<\/p>\n<\/li>\n<li>\n<p class=\"Paragraph\"><strong>Mac mini<\/strong>: Apple Gift Card de 80 \u20ac<\/p>\n<\/li>\n<li>\n<p class=\"Paragraph\"><strong>iMac<\/strong>: Apple Gift Card de 120 \u20ac<\/p>\n<\/li>\n<li>\n<p class=\"Paragraph\"><strong>iPad Air de 11 y 13 pulgadas<\/strong>: Apple Gift Card de 80 \u20ac<\/p>\n<\/li>\n<li>\n<p class=\"Paragraph\"><strong>iPad (A16) y iPad mini<\/strong>: Apple Gift Card de 40 \u20ac<\/p>\n<\/li>\n<li>\n<p class=\"Paragraph\"><strong>Apple Watch SE 3 y Apple Watch Series 11<\/strong>: Apple Gift Card de 40 \u20ac<\/p>\n<\/li>\n<li>\n<p class=\"Paragraph\"><strong>AirPods 4 \/ AirPods 4 con cancelaci\u00f3n activa de ruido<\/strong>: Apple Gift Card de 20 \u20ac<\/p>\n<\/li>\n<li>\n<p class=\"Paragraph\"><strong>AirPods Pro 3<\/strong>: Apple Gift Card de 40 \u20ac<\/p>\n<\/li>\n<li>\n<p class=\"Paragraph\"><strong>AirPods Max<\/strong>: Apple Gift Card de 60 \u20ac<\/p>\n<\/li>\n<li>\n<p class=\"Paragraph\"><strong>Apple TV 4K<\/strong>: Apple Gift Card de 20 \u20ac<\/p>\n<\/li>\n<li>\n<p class=\"Paragraph\"><strong>HomePod<\/strong>: Apple Gift Card de 40 \u20ac<\/p>\n<\/li>\n<li>\n<p class=\"Paragraph\"><strong>Beats Studio Pro, Beats Solo 4, Beats Studio Buds+, Powerbeats Pro 2<\/strong>: Apple Gift Card de 40 \u20ac<\/p>\n<\/li>\n<li>\n<p class=\"Paragraph\"><strong>Beats Pill<\/strong>: Apple Gift Card de 20 \u20ac<\/p>\n<\/li>\n<li>\n<p class=\"Paragraph\"><strong>Magic Keyboard Folio para iPad (A16), Magic Keyboard para iPad Air de 11 y 13 pulgadas, Apple Pencil Pro<\/strong>: Apple Gift Card de 20 \u20ac<\/p>\n<\/li>\n<\/ul>\n<p class=\"Paragraph\">Como ves, Apple celebra el <strong>Black Friday<\/strong> de una forma distinta a la de otras empresas. Eso s\u00ed, una tarjeta regalo nunca viene mal si est\u00e1s pensando en hacer una compra futura. As\u00ed que recuerda: del 28 de noviembre al 1 de diciembre recibir\u00e1s una tarjeta regalo de distinto valor por la compra de alguno de los productos en promoci\u00f3n.<\/p>\n","protected":false},"excerpt":{"rendered":"Apple acaba de confirmar que este a\u00f1o tambi\u00e9n se sumar\u00e1 a la celebraci\u00f3n del Black Friday 2025. Como&hellip;\n","protected":false},"author":2,"featured_media":248508,"comment_status":"","ping_status":"","sticky":false,"template":"","format":"standard","meta":{"footnotes":""},"categories":[81],"tags":[119,123,124,25,24,117,121,122,23,118,120],"class_list":{"0":"post-248507","1":"post","2":"type-post","3":"status-publish","4":"format-standard","5":"has-post-thumbnail","7":"category-ciencia-y-tecnologia","8":"tag-ciencia","9":"tag-ciencia-y-tecnologia","10":"tag-cienciaytecnologia","11":"tag-es","12":"tag-espana","13":"tag-science","14":"tag-science-and-technology","15":"tag-scienceandtechnology","16":"tag-spain","17":"tag-technology","18":"tag-tecnologia"},"share_on_mastodon":{"url":"https:\/\/pubeurope.com\/@es\/115589044401484106","error":""},"_links":{"self":[{"href":"https:\/\/www.europesays.com\/es\/wp-json\/wp\/v2\/posts\/248507","targetHints":{"allow":["GET"]}}],"collection":[{"href":"https:\/\/www.europesays.com\/es\/wp-json\/wp\/v2\/posts"}],"about":[{"href":"https:\/\/www.europesays.com\/es\/wp-json\/wp\/v2\/types\/post"}],"author":[{"embeddable":true,"href":"https:\/\/www.europesays.com\/es\/wp-json\/wp\/v2\/users\/2"}],"replies":[{"embeddable":true,"href":"https:\/\/www.europesays.com\/es\/wp-json\/wp\/v2\/comments?post=248507"}],"version-history":[{"count":0,"href":"https:\/\/www.europesays.com\/es\/wp-json\/wp\/v2\/posts\/248507\/revisions"}],"wp:featuredmedia":[{"embeddable":true,"href":"https:\/\/www.europesays.com\/es\/wp-json\/wp\/v2\/media\/248508"}],"wp:attachment":[{"href":"https:\/\/www.europesays.com\/es\/wp-json\/wp\/v2\/media?parent=248507"}],"wp:term":[{"taxonomy":"category","embeddable":true,"href":"https:\/\/www.europesays.com\/es\/wp-json\/wp\/v2\/categories?post=248507"},{"taxonomy":"post_tag","embeddable":true,"href":"https:\/\/www.europesays.com\/es\/wp-json\/wp\/v2\/tags?post=248507"}],"curies":[{"name":"wp","href":"https:\/\/api.w.org\/{rel}","templated":true}]}}