{"id":248515,"date":"2025-11-21T18:21:25","date_gmt":"2025-11-21T18:21:25","guid":{"rendered":"https:\/\/www.europesays.com\/es\/248515\/"},"modified":"2025-11-21T18:21:25","modified_gmt":"2025-11-21T18:21:25","slug":"nadal-confiesa-cual-fue-su-final-favorita-de-roland-garros-tenia-la-sensacion-de-que-era-menos-favorito","status":"publish","type":"post","link":"https:\/\/www.europesays.com\/es\/248515\/","title":{"rendered":"Nadal confiesa cu\u00e1l fue su final favorita de Roland Garros: \u00abTen\u00eda la sensaci\u00f3n de que era menos favorito\u00bb"},"content":{"rendered":"<p class=\"quota-display text-align-center\">\n        <a href=\"https:\/\/www.puntodebreak.com\/MDBA-B3-PDB-QUOTA-25\" rel=\"sponsored nofollow noopener\" title=\"Apuesta en bet365\" target=\"_blank\"><\/p>\n<p>            <img decoding=\"async\" alt=\"Bet365\" class=\"bet-logo lazyload\" loading=\"lazy\" src=\"https:\/\/www.europesays.com\/es\/wp-content\/uploads\/2025\/11\/1763064671_246_b365.jpg\"\/>Streaming UTR Pro Waco Women en directo<\/p>\n<p> \ud83c\udfbe Kenna Erickson vs Luna Ivkovic<\/p>\n<ol class=\"stream-card__steps\">\n<li>Entra aqu\u00ed y reg\u00edstrate en Bet365<\/li>\n<li>Haz tu primer dep\u00f3sito de m\u00ednimo 5\u00a0\u20ac<\/li>\n<li>Entra en la secci\u00f3n \u00abDirecto\u00bb y ve todos los partidos<\/li>\n<\/ol>\n<p>\n                                Ver partido en Bet365\n                            <\/p>\n<p style=\"font-size:9px;line-height:10px;padding:5px 0px 0px 0px;\">Reg\u00edstrese en bet365, ingrese 5\u20ac o m\u00e1s en su cuenta y conseguir\u00e1 un 100% de su ingreso v\u00e1lido en cr\u00e9ditos de apuesta (hasta 100\u20ac). Ingrese 50\u20ac o m\u00e1s y tambi\u00e9n recibir\u00e1 10 fichas doradas para utilizar en tragaperras seleccionadas. Solo para clientes nuevos. Se aplican las condiciones. Las ganancias no incluyen el importe de los cr\u00e9ditos de apuesta. Ingreso m\u00ednimo de 50\u20ac para las fichas doradas. Se aplican premios m\u00e1ximos, restricciones de juego, l\u00edmites de tiempo y condiciones. Es necesario registrarse.<\/p>\n<p>        <\/a>\n      <\/p>\n<p>El rey de la tierra batida, <strong>Rafael Nadal<\/strong>, habl\u00f3 sobre el torneo que conquist\u00f3 14 veces, su reino <strong>Roland Garros<\/strong>. Pero esta vez, el mallorqu\u00edn se moj\u00f3 y confes\u00f3 cu\u00e1l de sus catorce finales fue su favorita: \u00abPosiblemente, los dos primeros sets de la final de 2020 fueron muy especiales. Fue el a\u00f1o que se jug\u00f3 en oto\u00f1o por la pandemia de la Covid y esas condiciones tan fr\u00edas favorec\u00edan\u00a0a Djokovic, ten\u00eda la sensaci\u00f3n de que ese a\u00f1o era menos favorito. Pero en esa final consegu\u00ed subir mi nivel de una manera especial\u00bb, asegur\u00f3 en unas declaraciones al torneo parisino. En aquella final, Nadal fue un cicl\u00f3n y arroll\u00f3 a <strong>Novak Djokovic por 6-0, 6-2, 7-5.<\/strong><\/p>\n<blockquote class=\"twitter-tweet\">\n<p dir=\"ltr\" lang=\"en\" xml:lang=\"en\">We asked Rafa to pick his favorite Roland-Garros final.<\/p>\n<p>His answer: the first two sets of the 2020 final \ud83c\udfc6 <a href=\"https:\/\/t.co\/JxnEKsF0hF\" rel=\"nofollow\">pic.twitter.com\/JxnEKsF0hF<\/a><\/p>\n<p>\u2014 Roland-Garros (@rolandgarros) <a href=\"https:\/\/twitter.com\/rolandgarros\/status\/1991791782179250454?ref_src=twsrc%5Etfw\" rel=\"nofollow noopener\" target=\"_blank\">November 21, 2025<\/a><\/p><\/blockquote>\n<p>\u00a0<\/p>\n<p><script async src=\"https:\/\/platform.twitter.com\/widgets.js\" charset=\"utf-8\"><\/script><\/p>\n","protected":false},"excerpt":{"rendered":"Streaming UTR Pro Waco Women en directo \ud83c\udfbe Kenna Erickson vs Luna Ivkovic Entra aqu\u00ed y reg\u00edstrate en&hellip;\n","protected":false},"author":2,"featured_media":248516,"comment_status":"","ping_status":"","sticky":false,"template":"","format":"standard","meta":{"footnotes":""},"categories":[274],"tags":[168,25,24,23,167,327,326],"class_list":{"0":"post-248515","1":"post","2":"type-post","3":"status-publish","4":"format-standard","5":"has-post-thumbnail","7":"category-tenis","8":"tag-deportes","9":"tag-es","10":"tag-espana","11":"tag-spain","12":"tag-sports","13":"tag-tenis","14":"tag-tennis"},"share_on_mastodon":{"url":"https:\/\/pubeurope.com\/@es\/115589080168120125","error":""},"_links":{"self":[{"href":"https:\/\/www.europesays.com\/es\/wp-json\/wp\/v2\/posts\/248515","targetHints":{"allow":["GET"]}}],"collection":[{"href":"https:\/\/www.europesays.com\/es\/wp-json\/wp\/v2\/posts"}],"about":[{"href":"https:\/\/www.europesays.com\/es\/wp-json\/wp\/v2\/types\/post"}],"author":[{"embeddable":true,"href":"https:\/\/www.europesays.com\/es\/wp-json\/wp\/v2\/users\/2"}],"replies":[{"embeddable":true,"href":"https:\/\/www.europesays.com\/es\/wp-json\/wp\/v2\/comments?post=248515"}],"version-history":[{"count":0,"href":"https:\/\/www.europesays.com\/es\/wp-json\/wp\/v2\/posts\/248515\/revisions"}],"wp:featuredmedia":[{"embeddable":true,"href":"https:\/\/www.europesays.com\/es\/wp-json\/wp\/v2\/media\/248516"}],"wp:attachment":[{"href":"https:\/\/www.europesays.com\/es\/wp-json\/wp\/v2\/media?parent=248515"}],"wp:term":[{"taxonomy":"category","embeddable":true,"href":"https:\/\/www.europesays.com\/es\/wp-json\/wp\/v2\/categories?post=248515"},{"taxonomy":"post_tag","embeddable":true,"href":"https:\/\/www.europesays.com\/es\/wp-json\/wp\/v2\/tags?post=248515"}],"curies":[{"name":"wp","href":"https:\/\/api.w.org\/{rel}","templated":true}]}}