{"id":248521,"date":"2025-11-21T18:25:13","date_gmt":"2025-11-21T18:25:13","guid":{"rendered":"https:\/\/www.europesays.com\/es\/248521\/"},"modified":"2025-11-21T18:25:13","modified_gmt":"2025-11-21T18:25:13","slug":"la-situacion-con-nico-nos-incomodaba-al-barca-y-a-nosotros","status":"publish","type":"post","link":"https:\/\/www.europesays.com\/es\/248521\/","title":{"rendered":"La situaci\u00f3n con Nico nos incomodaba, al Bar\u00e7a y a nosotros"},"content":{"rendered":"<p class=\"ft-text\"><strong>Ernesto Valverde tambi\u00e9n regresa al Spotify Camp Nou <\/strong>este s\u00e1bado, en el partido entre el FC Barcelona y el Athletic Club. El t\u00e9cnico vasco compareci\u00f3 en la rueda de prensa previa al encuentro liguero, en la que rebaj\u00f3 la tensi\u00f3n entre ambos conjuntos: <strong>\u00abS\u00e9 que entre los clubes, a veces, puede haber cierto pique. La situaci\u00f3n con Nico nos incomodaba, a ellos y a nosotros, pero son cosas que suceden en el f\u00fatbol. <\/strong>Es m\u00e1s lo que se habla que la realidad\u00bb.<\/p>\n<p class=\"ft-text\">El extremo del Athletic, con pubalgia en las \u00faltimas semanas al igual que su amigo Lamine Yamal, apunta a la titularidad contra el Bar\u00e7a, <a class=\"ft-link ft-link--decoration\" href=\"https:\/\/www.sport.es\/es\/noticias\/barca\/nico-williams-preparado-gran-pitada-123922671\" target=\"_blank\" rel=\"nofollow noopener\">donde ser\u00e1 recibido con una sonora pitada<\/a>. <strong>\u00abNo s\u00e9 c\u00f3mo lo va a recibir el Camp Nou, la cuesti\u00f3n es c\u00f3mo lo recibimos nosotros: con los brazos abiertos siempre.<\/strong> Va entrando regularmente, salt\u00e1ndose algunas cuestiones para protegerle, porque sabemos que los partidos que vienen ahora son important\u00edsimos\u00bb, apunt\u00f3 Valverde.<\/p>\n<p>\u00abIntentaremos ganar sin nuestra afici\u00f3n\u00bb<\/p>\n<p class=\"ft-text\">El &#8216;Txingurri&#8217;, adem\u00e1s, mostr\u00f3 su disgusto con no poder contar con su afici\u00f3n en el templo azulgrana: <strong>\u00abNo s\u00e9 cu\u00e1les son las circunstancias del estadio, pero nos hubiese gustado que viniera nuestra gente. Intentaremos ganar sin la ayuda de ellos\u00bb<\/strong>. Aun as\u00ed, el t\u00e9cnico del Athletic ha explicado que el cambio de escenario cinco d\u00edas antes del duelo no le ha afectado en su plan de partido. <strong>\u00abA nosotros no nos condiciona. Solo nos perjudica lo que pasa dentro del verde, el escenario nos da igual\u00bb<\/strong>, se\u00f1al\u00f3 Valverde.<\/p>\n<p class=\"ft-text\">El preparador del conjunto bilba\u00edno, que dirigi\u00f3 al FC Barcelona entre 2017 y 2020, alab\u00f3 el juego del conjunto catal\u00e1n. <strong>\u00abLo veo como el a\u00f1o pasado, con mucho nivel, con gran pegada. Es verdad que seg\u00fan pasa el tiempo los equipos saben como jugarle<\/strong>, pero ellos tienen calidad para minimizar el juego del rival, te impiden progresar y te empujan a tu \u00e1rea\u00bb, detall\u00f3 Valverde, <a class=\"ft-link ft-link--decoration\" href=\"https:\/\/www.sport.es\/es\/noticias\/barca\/equilibrios-flick-lesiones-barca-123935465\" target=\"_blank\" rel=\"nofollow noopener\">que no se relaja a pesar de las bajas del Bar\u00e7a<\/a>: <strong>\u00abNo os voy a enga\u00f1ar, son importantes para ellos (Pedri y De Jong)<\/strong>, pero tienen suficientes jugadores para suplirles\u00bb.<\/p>\n<p class=\"ft-text\">El Athletic, sin vencer en el estadio azulgrana desde 2001, tambi\u00e9n cuenta con ausencias relevantes en la convocatoria, como la de<strong> I\u00f1aki Williams<\/strong>. \u00abEst\u00e1 empezando a hacer cosas con bal\u00f3n, progresando. Todav\u00eda no ha entrenado con el equipo. Para el partido del martes llegar\u00e1 muy justo. A ver si para el s\u00e1bado que viene puede o si tenemos que esperar\u00bb, a\u00f1adi\u00f3 Valverde, que tampoco desvel\u00f3 si <strong>Oihan Sancet<\/strong> ser\u00e1 de la partida en el Camp Nou: \u00abLe veo bien, <strong>ya veremos si ma\u00f1ana juega de entrada o no. Si est\u00e1 en la lista es porque puede participar\u00bb<\/strong>.<\/p>\n<p class=\"ft-text\">Por otro lado, Unai Sim\u00f3n y Aymeric Laporte, que representaron a la selecci\u00f3n espa\u00f1ola en este par\u00f3n de noviembre, regresaron a Bilbao con molestias, aunque su presencia en el partido no peligra. <strong>\u00abCuando la Selecci\u00f3n necesita alguna informaci\u00f3n de los jugadores nuestro m\u00e9dico habla con ellos.<\/strong> Unai Sim\u00f3n ha tenido un peque\u00f1o problema en el tobillo y est\u00e1 recuperado. Aymeric ven\u00eda un poco cansado, pero tambi\u00e9n est\u00e1 listo\u00bb, sentenci\u00f3 Valverde.<\/p>\n","protected":false},"excerpt":{"rendered":"Ernesto Valverde tambi\u00e9n regresa al Spotify Camp Nou este s\u00e1bado, en el partido entre el FC Barcelona y&hellip;\n","protected":false},"author":2,"featured_media":248522,"comment_status":"","ping_status":"","sticky":false,"template":"","format":"standard","meta":{"footnotes":""},"categories":[268],"tags":[2182,2296,210,15927,168,25,24,280,282,8329,281,23,167,1933],"class_list":{"0":"post-248521","1":"post","2":"type-post","3":"status-publish","4":"format-standard","5":"has-post-thumbnail","7":"category-futbol","8":"tag-athletic","9":"tag-barca","10":"tag-barcelona","11":"tag-camp-nou","12":"tag-deportes","13":"tag-es","14":"tag-espana","15":"tag-football","16":"tag-futbol","17":"tag-nico-williams","18":"tag-soccer","19":"tag-spain","20":"tag-sports","21":"tag-valverde"},"share_on_mastodon":{"url":"https:\/\/pubeurope.com\/@es\/115589095534028841","error":""},"_links":{"self":[{"href":"https:\/\/www.europesays.com\/es\/wp-json\/wp\/v2\/posts\/248521","targetHints":{"allow":["GET"]}}],"collection":[{"href":"https:\/\/www.europesays.com\/es\/wp-json\/wp\/v2\/posts"}],"about":[{"href":"https:\/\/www.europesays.com\/es\/wp-json\/wp\/v2\/types\/post"}],"author":[{"embeddable":true,"href":"https:\/\/www.europesays.com\/es\/wp-json\/wp\/v2\/users\/2"}],"replies":[{"embeddable":true,"href":"https:\/\/www.europesays.com\/es\/wp-json\/wp\/v2\/comments?post=248521"}],"version-history":[{"count":0,"href":"https:\/\/www.europesays.com\/es\/wp-json\/wp\/v2\/posts\/248521\/revisions"}],"wp:featuredmedia":[{"embeddable":true,"href":"https:\/\/www.europesays.com\/es\/wp-json\/wp\/v2\/media\/248522"}],"wp:attachment":[{"href":"https:\/\/www.europesays.com\/es\/wp-json\/wp\/v2\/media?parent=248521"}],"wp:term":[{"taxonomy":"category","embeddable":true,"href":"https:\/\/www.europesays.com\/es\/wp-json\/wp\/v2\/categories?post=248521"},{"taxonomy":"post_tag","embeddable":true,"href":"https:\/\/www.europesays.com\/es\/wp-json\/wp\/v2\/tags?post=248521"}],"curies":[{"name":"wp","href":"https:\/\/api.w.org\/{rel}","templated":true}]}}