{"id":248529,"date":"2025-11-21T18:30:17","date_gmt":"2025-11-21T18:30:17","guid":{"rendered":"https:\/\/www.europesays.com\/es\/248529\/"},"modified":"2025-11-21T18:30:17","modified_gmt":"2025-11-21T18:30:17","slug":"sun-and-thunder-2026-noticias","status":"publish","type":"post","link":"https:\/\/www.europesays.com\/es\/248529\/","title":{"rendered":"SUN and THUNDER 2026 &#8211; Noticias"},"content":{"rendered":"<p>\u00a0<\/p>\n<p><strong>SUN and THUNDER 2026 \u2013 Noticias<\/strong><br \/>\n<img fetchpriority=\"high\" decoding=\"async\" src=\"https:\/\/www.europesays.com\/es\/wp-content\/uploads\/2025\/11\/logo_nox25_1.jpg\" alt=\"SUN AND THUNDER\" width=\"500\" height=\"267\"\/><\/p>\n<p>El festival <strong><a href=\"https:\/\/sunandthunderfest.com\/\" target=\"_blank\" rel=\"noopener nofollow\">SUN AND THUNDER<\/a> 2026<\/strong> ha publicado lo siguiente:<\/p>\n<p><img loading=\"lazy\" decoding=\"async\" src=\"https:\/\/www.europesays.com\/es\/wp-content\/uploads\/2025\/11\/previa1.jpg\" alt=\"SUN AND THUNDER\" width=\"500\" height=\"667\"\/><br \/>\n<img loading=\"lazy\" decoding=\"async\" src=\"https:\/\/www.europesays.com\/es\/wp-content\/uploads\/2025\/11\/previa2.jpg\" alt=\"SUN AND THUNDER\" width=\"500\" height=\"667\"\/><br \/>\n<img loading=\"lazy\" decoding=\"async\" src=\"https:\/\/www.europesays.com\/es\/wp-content\/uploads\/2025\/11\/previa3.jpg\" alt=\"SUN AND THUNDER\" width=\"500\" height=\"667\"\/><\/p>\n<p>El festival, que celebrar\u00e1 su segunda edici\u00f3n los d\u00edas <strong>27, 28 y 29 de agosto de 2026 en Marenostrum Fuengirola<\/strong> agot\u00f3 las primeras entradas en oferta.<\/p>\n<p style=\"text-align: center;\"><strong>A primeros de diciembre habr\u00e1 novedades, si no hay adelantes o retrasos, en Rueda de Prensa Oficial que se har\u00e1 como el pasado a\u00f1o en el Ayuntamiento de Fuengirola. <\/strong> <strong>Los Sres Organizadores ya tienen cerradas bastantes bandas que configurar\u00e1n el cartel y\u00a0 que a la fecha, no podemos adelantar.\u00a0<\/strong><\/p>\n<p><a href=\"https:\/\/ticketgate.es\/events\/sun-thunder-2026\" target=\"_blank\" rel=\"noopener nofollow\"><strong>ENTRADAS A la venta AQUI <\/strong><\/a><strong> (150 \u20ac en oferta) <\/strong><\/p>\n<p>\u00a0<\/p>\n<p>\u00a0<\/p>\n","protected":false},"excerpt":{"rendered":"\u00a0 SUN and THUNDER 2026 \u2013 Noticias El festival SUN AND THUNDER 2026 ha publicado lo siguiente: El&hellip;\n","protected":false},"author":2,"featured_media":248530,"comment_status":"","ping_status":"","sticky":false,"template":"","format":"standard","meta":{"footnotes":""},"categories":[170],"tags":[146,147,25,24,184,185,23,63216],"class_list":{"0":"post-248529","1":"post","2":"type-post","3":"status-publish","4":"format-standard","5":"has-post-thumbnail","7":"category-musica","8":"tag-entertainment","9":"tag-entretenimiento","10":"tag-es","11":"tag-espana","12":"tag-music","13":"tag-musica","14":"tag-spain","15":"tag-sun-and-thunder"},"share_on_mastodon":{"url":"https:\/\/pubeurope.com\/@es\/115589115338685129","error":""},"_links":{"self":[{"href":"https:\/\/www.europesays.com\/es\/wp-json\/wp\/v2\/posts\/248529","targetHints":{"allow":["GET"]}}],"collection":[{"href":"https:\/\/www.europesays.com\/es\/wp-json\/wp\/v2\/posts"}],"about":[{"href":"https:\/\/www.europesays.com\/es\/wp-json\/wp\/v2\/types\/post"}],"author":[{"embeddable":true,"href":"https:\/\/www.europesays.com\/es\/wp-json\/wp\/v2\/users\/2"}],"replies":[{"embeddable":true,"href":"https:\/\/www.europesays.com\/es\/wp-json\/wp\/v2\/comments?post=248529"}],"version-history":[{"count":0,"href":"https:\/\/www.europesays.com\/es\/wp-json\/wp\/v2\/posts\/248529\/revisions"}],"wp:featuredmedia":[{"embeddable":true,"href":"https:\/\/www.europesays.com\/es\/wp-json\/wp\/v2\/media\/248530"}],"wp:attachment":[{"href":"https:\/\/www.europesays.com\/es\/wp-json\/wp\/v2\/media?parent=248529"}],"wp:term":[{"taxonomy":"category","embeddable":true,"href":"https:\/\/www.europesays.com\/es\/wp-json\/wp\/v2\/categories?post=248529"},{"taxonomy":"post_tag","embeddable":true,"href":"https:\/\/www.europesays.com\/es\/wp-json\/wp\/v2\/tags?post=248529"}],"curies":[{"name":"wp","href":"https:\/\/api.w.org\/{rel}","templated":true}]}}