{"id":248542,"date":"2025-11-21T18:38:08","date_gmt":"2025-11-21T18:38:08","guid":{"rendered":"https:\/\/www.europesays.com\/es\/248542\/"},"modified":"2025-11-21T18:38:08","modified_gmt":"2025-11-21T18:38:08","slug":"dos-trabajadores-atrapados-tras-el-derrumbe-de-una-mina-en-cangas-de-narcea","status":"publish","type":"post","link":"https:\/\/www.europesays.com\/es\/248542\/","title":{"rendered":"Dos trabajadores atrapados tras el derrumbe de una mina en Cangas de Narcea"},"content":{"rendered":"<p>Al menos <strong>tres mineros han quedado atrapados<\/strong> en una explotaci\u00f3n en la localidad asturiana de <strong>Vega de Rengos (Cangas del Narcea, Asturias)<\/strong> despu\u00e9s de que se haya producido un derrumbe. Seg\u00fan el diario <a href=\"https:\/\/www.lne.es\/cangas-del-narcea\/2025\/11\/21\/nuevo-accidente-minero-asturias-atrapados-123985710.html\" target=\"_blank\" rel=\"nofollow noopener\">La Nueva Espa\u00f1a<\/a>, las personas atrapadas se encuentran aproximadamente <strong>a un kil\u00f3metro y medio <\/strong>de la boca de la explotaci\u00f3n.<\/p>\n<p>El accidente, del que se dio aviso a las 16:58 horas, se ha producido <strong>en el nivel -2 <\/strong>de una explotaci\u00f3n minera subterr\u00e1nea por \u00abun hundimiento del terreno\u00bb, ha apuntado desde el Servicio de Emergencias del Principado de Asturias (112-Asturias).<\/p>\n<p>Al lugar del accidente, situado a m\u00e1s de cien kil\u00f3metros de Oviedo, se est\u00e1n desplazando los servicios de emergencia, incluida la Brigada de Salvamento Minero de Hunosa, han confirmado a EFE fuentes de la hullera p\u00fablica. Tambi\u00e9n se han movilizado dos inspectores del servicio de minas del Principado de Asturias, as\u00ed como el director general de Energ\u00eda y Miner\u00eda del Gobierno auton\u00f3mico, Javier Cueli, han a\u00f1adido desde el Ejecutivo asturiano.<\/p>\n<p>La mina, que pertenece a la empresa Tyc Narcea desde hace aproximadamente un a\u00f1o, se dedica a <strong>la extracci\u00f3n de carb\u00f3n sider\u00fargico.<\/strong><\/p>\n<p>Barb\u00f3n sigue el accidente \u00abcon enorme preocupaci\u00f3n\u00bb<\/p>\n<p>El<strong> presidente del Principado, Adri\u00e1n Barb\u00f3n, <\/strong>ha asegurado en su cuenta de X que sigue las novedades del suceso<strong> \u00abcon enorme preocupaci\u00f3n\u00bb. <\/strong>Barb\u00f3n, que se encontraba en Salamanca, ha suspendido su participaci\u00f3n en la Escuela de Gobierno organizada por el PSOECyL y regresa a Asturias, seg\u00fan ha informado. Al lugar del accidente tambi\u00e9n se est\u00e1 desplazando la vicepresidenta del Principado, Gimena Llamedo, y la Delegada del Gobierno.<\/p>\n<p>Por su parte, <strong>la ministra de Trabajo, Yolanda D\u00edaz, <\/strong>se mantiene atenta a las actualizaciones y ha agradecido, en su cuenta de Bluesky, \u00aba los equipos de emergencia por su r\u00e1pida actuaci\u00f3n\u00bb.<\/p>\n<p>El <strong>alcalde de Cangas del Narcea, Luis Fontaniella,<\/strong> ya se encuentra en el exterior de la explotaci\u00f3n minera y, seg\u00fan ha apuntado a EFE, se encuentra a la espera de recibir m\u00e1s informaci\u00f3n una vez que los primeros miembros del operativo de rescate ya se han adentrado en el interior de la mina.<\/p>\n<p>Segundo accidente minero del 2025 en Asturias<\/p>\n<p>Este es el <strong>segundo accidente minero que se produce en 2025 en el Principado.<\/strong> El <a href=\"https:\/\/www.rtve.es\/noticias\/20250331\/accidente-minero-degana-asturias-deja-heridos\/16514132.shtml\" target=\"_blank\" rel=\"nofollow noopener\">pasado mes de marzo,<\/a> la explosi\u00f3n de una m\u00e1quina en la mina de Cerredo caus\u00f3 la muerte de cinco personas, mientras que otras cuatro resultaron heridas. Los cinco trabajadores fallecidos eran vecinos de la <strong>comarca leonesa de Laciana y del Bierzo<\/strong>, seg\u00fan informaron fuentes de la Delegaci\u00f3n del Gobierno en Castilla y Le\u00f3n. En la mina de Cerredo se produjo otro accidente en agosto de 2022, lo que provoc\u00f3 la muerte de un trabajador despu\u00e9s de que perdiera el control del veh\u00edculo en el que viajaba.<\/p>\n<p>El peor accidente minero ocurrido en Espa\u00f1a se produjo en 2013. <strong>Seis personas murieron y otras cinco resultaron heridas<\/strong> por una intoxicaci\u00f3n a causa de un escape de gas metano en el Pozo Emilio del Valle, en Le\u00f3n.<\/p>\n","protected":false},"excerpt":{"rendered":"Al menos tres mineros han quedado atrapados en una explotaci\u00f3n en la localidad asturiana de Vega de Rengos&hellip;\n","protected":false},"author":2,"featured_media":248543,"comment_status":"","ping_status":"","sticky":false,"template":"","format":"standard","meta":{"footnotes":""},"categories":[8],"tags":[17,18,25,24,13,14,11,19,20,9,10,15,16,23,12,21,22],"class_list":{"0":"post-248542","1":"post","2":"type-post","3":"status-publish","4":"format-standard","5":"has-post-thumbnail","7":"category-espana","8":"tag-breaking-news","9":"tag-breakingnews","10":"tag-es","11":"tag-espana","12":"tag-featured-news","13":"tag-featurednews","14":"tag-headlines","15":"tag-latest-news","16":"tag-latestnews","17":"tag-news","18":"tag-noticias","19":"tag-noticias-destacadas","20":"tag-noticiasdestacadas","21":"tag-spain","22":"tag-titulares","23":"tag-ultimas-noticias","24":"tag-ultimasnoticias"},"share_on_mastodon":{"url":"https:\/\/pubeurope.com\/@es\/115589146509139098","error":""},"_links":{"self":[{"href":"https:\/\/www.europesays.com\/es\/wp-json\/wp\/v2\/posts\/248542","targetHints":{"allow":["GET"]}}],"collection":[{"href":"https:\/\/www.europesays.com\/es\/wp-json\/wp\/v2\/posts"}],"about":[{"href":"https:\/\/www.europesays.com\/es\/wp-json\/wp\/v2\/types\/post"}],"author":[{"embeddable":true,"href":"https:\/\/www.europesays.com\/es\/wp-json\/wp\/v2\/users\/2"}],"replies":[{"embeddable":true,"href":"https:\/\/www.europesays.com\/es\/wp-json\/wp\/v2\/comments?post=248542"}],"version-history":[{"count":0,"href":"https:\/\/www.europesays.com\/es\/wp-json\/wp\/v2\/posts\/248542\/revisions"}],"wp:featuredmedia":[{"embeddable":true,"href":"https:\/\/www.europesays.com\/es\/wp-json\/wp\/v2\/media\/248543"}],"wp:attachment":[{"href":"https:\/\/www.europesays.com\/es\/wp-json\/wp\/v2\/media?parent=248542"}],"wp:term":[{"taxonomy":"category","embeddable":true,"href":"https:\/\/www.europesays.com\/es\/wp-json\/wp\/v2\/categories?post=248542"},{"taxonomy":"post_tag","embeddable":true,"href":"https:\/\/www.europesays.com\/es\/wp-json\/wp\/v2\/tags?post=248542"}],"curies":[{"name":"wp","href":"https:\/\/api.w.org\/{rel}","templated":true}]}}