{"id":248544,"date":"2025-11-21T18:39:19","date_gmt":"2025-11-21T18:39:19","guid":{"rendered":"https:\/\/www.europesays.com\/es\/248544\/"},"modified":"2025-11-21T18:39:19","modified_gmt":"2025-11-21T18:39:19","slug":"alicante-reune-a-40-entidades-en-el-vi-encuentro-de-empleo-para-personas-con-discapacidad","status":"publish","type":"post","link":"https:\/\/www.europesays.com\/es\/248544\/","title":{"rendered":"Alicante re\u00fane a 40 entidades en el VI Encuentro de Empleo para Personas con Discapacidad"},"content":{"rendered":"<p>Un total de 28 empresas y 14 instituciones se han dado cita en los estands instalados en la Explanada donde se han realizado entrevistas para 30 ofertas de trabajo a m\u00e1s de 250 aspirantes<\/p>\n<p><strong>Alicante, 21 de noviembre de 2025<\/strong>.\u00a0El alcalde de Alicante, Luis Barcala, ha abierto este viernes el VI Encuentro de Empleo para Personas con Discapacidad, en la que ha resaltado la importancia de que \u201cAlicante se convierta en la ciudad de las oportunidades sin l\u00edmites, talento sin l\u00edmites y para ello convocamos a las empresas en esta apuesta por la inclusi\u00f3n social y laboral\u201d. Un total de 42 organizaciones han participado en esta edici\u00f3n, 28 empresas y 14 instituciones, en la que como novedad se han realizado entrevistas en los estands instalados en la Explanada para cubrir 30 ofertas de empleo, a las que se han inscrito m\u00e1s de 250 aspirantes.<\/p>\n<p>Luis Barcala, ha agradecido el esfuerzo de todos los participantes porque \u201cesa es la inclusi\u00f3n real!\u201d, al tiempo que ha abogado porque \u201cla discapacidad no sea una barrera, sino una oportunidad\u201d. \u201cTrabajar todos juntos por la igualdad de oportunidades y condiciones labores. El talento no tiene barreras y en este encuentro tenemos los claros ejemplos que nos ofrecen Alex Roca, Inmaculada Mart\u00ednez e Iv\u00e1n P\u00e9rez\u201d.<\/p>\n<p>Este Encuentro se enmarca en las acciones de Impulsalicante, la Agencia Local de Desarrollo Econ\u00f3mico y Social del Ayuntamiento de Alicante, para promover el empleo inclusivo y la colaboraci\u00f3n p\u00fablico-privada en la ciudad. En la edici\u00f3n de este a\u00f1o se ha contado con figuras destacadas como el maratoniano Alex Roca, primer atleta con una discapacidad del 76% en completar los 42 kil\u00f3metros de esta prueba; Inmaculada Mart\u00ednez, ciega de nacimiento, ha sido campeona de Espa\u00f1a de ciclismo y ahora es Trabajadora Social y Quiromasajista; e Iv\u00e1n L\u00f3pez\u00a0que normaliza su ceguera a trav\u00e9s de su podcast y redes sociales \u00abLo que me faltaba por ver\u00bb. Todos ellos han contado su experiencia en las charlas organizadas en el programa oficial que se ha desarrollado en el Auditorio Puerta Ferrisa en la sede de Impulsalicante en la calle Jorge Juan, 21.<\/p>\n<p>De forma paralela, se ha celebrado en la Explanada de Espa\u00f1a la tradicional feria de empleo donde se han instalado los estands en los que han participado 42 organizaciones, 28 empresas y 14 instituciones. Este a\u00f1o y como novedad, se ha podido mostrar toda la oferta de empleo en el sector de la discapacidad y realizar entrevistas de trabajo para acceder a los m\u00e1s de 30 puestos de trabajo ofertados, para los que se han inscrito a trav\u00e9s del formulario online habilitado m\u00e1s de 250 aspirantes.<\/p>\n<p>Tras la apertura del Encuentro, el alcalde Luis Barcala, junto a la concejala de Empleo y Formaci\u00f3n, Mari Carmen de Espa\u00f1a, responsable de Impulsalicante, se han desplazado desde la calle Jorge Juan hasta la Explanada de Espa\u00f1a donde han visitado a los distintos expositores y han podido intercambiar impresiones sobre la situaci\u00f3n del mercado laboral para las personas con discapacidad.<\/p>\n<p>En esta edici\u00f3n las empresas participantes han sido: Aguas de Alicante (AMAEM), Aludium, Aura Facility Services, BC3 Cocinas, Blinker, Carrefour, Cytem, Decathlon, H\u00e9rcules,EGM Ciudad de Atalayas, Electro Depot, Grupo Eulen, Grupo Osga, Hidroten, Jera Avanza, Mapfre, Meli\u00e1 Alicante, Mercalicante, Obramat Alicante, Prosolia Energy, Serveo, Sifu, Realtuf, STV, Manpower Group, Help Empleo ETT, Hotel Daniya, PC Box y Sprinter.<\/p>\n<p>De Espa\u00f1a ha resaltado \u201cla importancia de trabajar de la mano de las asociaciones y entidades del sector de la discapacidad para fomentar la formaci\u00f3n y el empleo, as\u00ed como fomentar la colaboraci\u00f3n p\u00fablico-privada para promover el empleo inclusivo y facilitar la el desarrollo personal y profesional de todas las personas\u201d.<\/p>\n","protected":false},"excerpt":{"rendered":"Un total de 28 empresas y 14 instituciones se han dado cita en los estands instalados en la&hellip;\n","protected":false},"author":2,"featured_media":248545,"comment_status":"","ping_status":"","sticky":false,"template":"","format":"standard","meta":{"footnotes":""},"categories":[5],"tags":[17,18,25,24,13,14,11,19,20,9,10,15,16,23,12,21,22],"class_list":{"0":"post-248544","1":"post","2":"type-post","3":"status-publish","4":"format-standard","5":"has-post-thumbnail","7":"category-titulares","8":"tag-breaking-news","9":"tag-breakingnews","10":"tag-es","11":"tag-espana","12":"tag-featured-news","13":"tag-featurednews","14":"tag-headlines","15":"tag-latest-news","16":"tag-latestnews","17":"tag-news","18":"tag-noticias","19":"tag-noticias-destacadas","20":"tag-noticiasdestacadas","21":"tag-spain","22":"tag-titulares","23":"tag-ultimas-noticias","24":"tag-ultimasnoticias"},"share_on_mastodon":{"url":"https:\/\/pubeurope.com\/@es\/115589150381936404","error":""},"_links":{"self":[{"href":"https:\/\/www.europesays.com\/es\/wp-json\/wp\/v2\/posts\/248544","targetHints":{"allow":["GET"]}}],"collection":[{"href":"https:\/\/www.europesays.com\/es\/wp-json\/wp\/v2\/posts"}],"about":[{"href":"https:\/\/www.europesays.com\/es\/wp-json\/wp\/v2\/types\/post"}],"author":[{"embeddable":true,"href":"https:\/\/www.europesays.com\/es\/wp-json\/wp\/v2\/users\/2"}],"replies":[{"embeddable":true,"href":"https:\/\/www.europesays.com\/es\/wp-json\/wp\/v2\/comments?post=248544"}],"version-history":[{"count":0,"href":"https:\/\/www.europesays.com\/es\/wp-json\/wp\/v2\/posts\/248544\/revisions"}],"wp:featuredmedia":[{"embeddable":true,"href":"https:\/\/www.europesays.com\/es\/wp-json\/wp\/v2\/media\/248545"}],"wp:attachment":[{"href":"https:\/\/www.europesays.com\/es\/wp-json\/wp\/v2\/media?parent=248544"}],"wp:term":[{"taxonomy":"category","embeddable":true,"href":"https:\/\/www.europesays.com\/es\/wp-json\/wp\/v2\/categories?post=248544"},{"taxonomy":"post_tag","embeddable":true,"href":"https:\/\/www.europesays.com\/es\/wp-json\/wp\/v2\/tags?post=248544"}],"curies":[{"name":"wp","href":"https:\/\/api.w.org\/{rel}","templated":true}]}}