{"id":248546,"date":"2025-11-21T18:44:10","date_gmt":"2025-11-21T18:44:10","guid":{"rendered":"https:\/\/www.europesays.com\/es\/248546\/"},"modified":"2025-11-21T18:44:10","modified_gmt":"2025-11-21T18:44:10","slug":"alcaraz-desvela-con-que-tenista-se-iria-de-viaje-y-la-respuesta-no-es-sinner","status":"publish","type":"post","link":"https:\/\/www.europesays.com\/es\/248546\/","title":{"rendered":"Alcaraz desvela con qu\u00e9 tenista se ir\u00eda de viaje&#8230; y la respuesta no es Sinner"},"content":{"rendered":"<p><strong>Carlos Alcaraz <\/strong>se someti\u00f3 a un test de preguntas r\u00e1pidas en el que ten\u00eda que elegir a un compa\u00f1ero de las <strong>ATP Finals<\/strong> para diferentes momentos. Por ejemplo, eligi\u00f3 a <strong>Alex de Mi\u00f1aur<\/strong> en el caso de necesitar consejos amorosos, a <strong>Alexander Zverev <\/strong>para consejos de moda o a <strong>Novak Djokovic<\/strong> si tuviera que contarle un problema. Mientras que eligi\u00f3 a <strong>Ben Shelton <\/strong>como el compa\u00f1ero con el que se ir\u00eda de viaje y tambi\u00e9n a cenar. Sorprendi\u00f3 que no dijese <strong>Jannik Sinner<\/strong>, al que confes\u00f3 que le dejar\u00eda su coche para poder aparcarlo.<\/p>\n<p dir=\"ltr\" lang=\"pt\" xml:lang=\"pt\">Carlos Alcaraz para a BBTenis<\/p>\n<p>\u2049\ufe0f Convidar para jantar?<br \/>\u201cEu diria, Ben Salton.\u201d<\/p>\n<p>\u2049\ufe0fA quem voc\u00ea confiaria seu carro para estacionar?<br \/>\u201cEu diria, Jannik Sinner.\u201d<\/p>\n<p>\u2049\ufe0fA quem voc\u00ea pediria conselhos rom\u00e2nticos?<br \/>\u201cEu diria Alex De Minaur, acho que ele seria bom.\u201d<\/p>\n<p>\u2049\ufe0fQuem voc\u00ea pediria\u2026 <a href=\"https:\/\/t.co\/BT1t3Gj5zx\" rel=\"nofollow\">pic.twitter.com\/BT1t3Gj5zx<\/a><\/p>\n<p>\u2014 Carlos Alcaraz Brasil (@carlosalcarazbr) <a href=\"https:\/\/twitter.com\/carlosalcarazbr\/status\/1991854870710612310?ref_src=twsrc%5Etfw\" rel=\"nofollow noopener\" target=\"_blank\">November 21, 2025<\/a><script async src=\"https:\/\/platform.twitter.com\/widgets.js\" charset=\"utf-8\"><\/script><\/p>\n","protected":false},"excerpt":{"rendered":"Carlos Alcaraz se someti\u00f3 a un test de preguntas r\u00e1pidas en el que ten\u00eda que elegir a un&hellip;\n","protected":false},"author":2,"featured_media":248547,"comment_status":"","ping_status":"","sticky":false,"template":"","format":"standard","meta":{"footnotes":""},"categories":[274],"tags":[168,25,24,23,167,327,326],"class_list":{"0":"post-248546","1":"post","2":"type-post","3":"status-publish","4":"format-standard","5":"has-post-thumbnail","7":"category-tenis","8":"tag-deportes","9":"tag-es","10":"tag-espana","11":"tag-spain","12":"tag-sports","13":"tag-tenis","14":"tag-tennis"},"share_on_mastodon":{"url":"https:\/\/pubeurope.com\/@es\/115589170167383631","error":""},"_links":{"self":[{"href":"https:\/\/www.europesays.com\/es\/wp-json\/wp\/v2\/posts\/248546","targetHints":{"allow":["GET"]}}],"collection":[{"href":"https:\/\/www.europesays.com\/es\/wp-json\/wp\/v2\/posts"}],"about":[{"href":"https:\/\/www.europesays.com\/es\/wp-json\/wp\/v2\/types\/post"}],"author":[{"embeddable":true,"href":"https:\/\/www.europesays.com\/es\/wp-json\/wp\/v2\/users\/2"}],"replies":[{"embeddable":true,"href":"https:\/\/www.europesays.com\/es\/wp-json\/wp\/v2\/comments?post=248546"}],"version-history":[{"count":0,"href":"https:\/\/www.europesays.com\/es\/wp-json\/wp\/v2\/posts\/248546\/revisions"}],"wp:featuredmedia":[{"embeddable":true,"href":"https:\/\/www.europesays.com\/es\/wp-json\/wp\/v2\/media\/248547"}],"wp:attachment":[{"href":"https:\/\/www.europesays.com\/es\/wp-json\/wp\/v2\/media?parent=248546"}],"wp:term":[{"taxonomy":"category","embeddable":true,"href":"https:\/\/www.europesays.com\/es\/wp-json\/wp\/v2\/categories?post=248546"},{"taxonomy":"post_tag","embeddable":true,"href":"https:\/\/www.europesays.com\/es\/wp-json\/wp\/v2\/tags?post=248546"}],"curies":[{"name":"wp","href":"https:\/\/api.w.org\/{rel}","templated":true}]}}