{"id":248548,"date":"2025-11-21T18:45:15","date_gmt":"2025-11-21T18:45:15","guid":{"rendered":"https:\/\/www.europesays.com\/es\/248548\/"},"modified":"2025-11-21T18:45:15","modified_gmt":"2025-11-21T18:45:15","slug":"sorpresa-toda-la-copa-del-mundo-de-ciclocross-tambien-podra-verse-en-teledeporte-y-rtve-play","status":"publish","type":"post","link":"https:\/\/www.europesays.com\/es\/248548\/","title":{"rendered":"Sorpresa: toda la Copa del Mundo de ciclocross tambi\u00e9n podr\u00e1 verse en Teledeporte y RTVE Play"},"content":{"rendered":"<p>Buenas noticias para el ciclocross. Durante muchos a\u00f1os ha contado con un aliado fiel en Eurosport y HBO Max, pero ahora se une tambi\u00e9n Televisi\u00f3n Espa\u00f1ola a trav\u00e9s de Teledeporte y RTVE Play. Y es que toda la Copa del Mundo de ciclocross tendr\u00e1 cobertura televisiva en directo.<\/p>\n<p>La localidad checa de T\u00e1bor acoge este fin de semana la primera de las 12 citas puntuables que en esta temporada 2025-2026 compondr\u00e1n una <strong>Copa del Mundo de Ciclocross UCI<\/strong> en la que los parques de El Moralet y Foietes de Benidorm volver\u00e1n a acoger, el pr\u00f3ximo d\u00eda 18 de enero, la \u00fanica parada espa\u00f1ola del torneo m\u00e1s importante y prestigioso del calendario internacional.<\/p>\n<p>La Copa del Mundo de Ciclocross UCI que ahora arranca podr\u00e1 ser seguida en directo y en abierto gracias a la cobertura que de la misma realizar\u00e1 <strong>el canal tem\u00e1tico deportivo de Radio Televisi\u00f3n Espa\u00f1ola, Teledeporte y RTVE Play.<\/strong><\/p>\n<p>Con los comentarios del periodista especializado <strong>Josu\u00e9 Elena<\/strong>, habitual en el equipo que TVE desplaza a las grandes citas ciclistas de cada temporada, acompa\u00f1ado de voces y rostros muy familiares de la especialidad invernal del ciclismo, el ciclocross regresa a la televisi\u00f3n en abierto en Espa\u00f1a para seguir haciendo crecer este deporte en nuestro pa\u00eds.<\/p>\n<p>De esta manera, la de Benidorm ya no ser\u00e1 la \u00fanica prueba de la Copa del Mundo que los espectadores del canal tem\u00e1tico de RTVE puedan ver en directo como sucediera en temporadas anteriores. Una prueba que, por supuesto, volver\u00e1 a formar parte de esas retransmisiones aunque para ello habr\u00e1 que esperar todav\u00eda hasta el pr\u00f3ximo 18 de enero.<\/p>\n<p>COPA DEL MUNDO<br \/>23 de noviembre: Copa del Mundo de T\u00e1bor (Rep\u00fablica Checa)<br \/>30 de noviembre: Copa del Mundo de Flamanville (Francia)<br \/>7 de diciembre: Copa del Mundo de Terralba (Italia)<br \/>14 de diciembre: Copa del Mundo de Namur (B\u00e9lgica)<br \/>20 de diciembre: Copa del Mundo de Amberes (B\u00e9lgica)<br \/>21 de diciembre: Copa del Mundo de Koksijde (B\u00e9lgica)<br \/>26 de diciembre: Copa del Mundo de Gav\u00e8re (B\u00e9lgica)<br \/>28 de diciembre: Copa del Mundo de Dendermonde (B\u00e9lgica)<br \/>4 de enero: Copa del Mundo Zonhoven (B\u00e9lgica)<br \/>18 de enero: Copa del Mundo Benidorm (Espa\u00f1a)<br \/>24 de enero: Copa del Mundo Maasmechelen (B\u00e9lgica)<br \/>25 de enero: Copa del Mundo Hoogerheide (Pa\u00edses Bajos)<\/p>\n<p>FOTO \u2013 TEXTO: ORGANIZACION COPA DEL MUNDO DE CICLOCROSS<\/p>\n","protected":false},"excerpt":{"rendered":"Buenas noticias para el ciclocross. Durante muchos a\u00f1os ha contado con un aliado fiel en Eurosport y HBO&hellip;\n","protected":false},"author":2,"featured_media":248549,"comment_status":"","ping_status":"","sticky":false,"template":"","format":"standard","meta":{"footnotes":""},"categories":[273],"tags":[313,312,168,25,24,23,167],"class_list":{"0":"post-248548","1":"post","2":"type-post","3":"status-publish","4":"format-standard","5":"has-post-thumbnail","7":"category-ciclismo","8":"tag-ciclismo","9":"tag-cycling","10":"tag-deportes","11":"tag-es","12":"tag-espana","13":"tag-spain","14":"tag-sports"},"share_on_mastodon":{"url":"https:\/\/pubeurope.com\/@es\/115589173970471346","error":""},"_links":{"self":[{"href":"https:\/\/www.europesays.com\/es\/wp-json\/wp\/v2\/posts\/248548","targetHints":{"allow":["GET"]}}],"collection":[{"href":"https:\/\/www.europesays.com\/es\/wp-json\/wp\/v2\/posts"}],"about":[{"href":"https:\/\/www.europesays.com\/es\/wp-json\/wp\/v2\/types\/post"}],"author":[{"embeddable":true,"href":"https:\/\/www.europesays.com\/es\/wp-json\/wp\/v2\/users\/2"}],"replies":[{"embeddable":true,"href":"https:\/\/www.europesays.com\/es\/wp-json\/wp\/v2\/comments?post=248548"}],"version-history":[{"count":0,"href":"https:\/\/www.europesays.com\/es\/wp-json\/wp\/v2\/posts\/248548\/revisions"}],"wp:featuredmedia":[{"embeddable":true,"href":"https:\/\/www.europesays.com\/es\/wp-json\/wp\/v2\/media\/248549"}],"wp:attachment":[{"href":"https:\/\/www.europesays.com\/es\/wp-json\/wp\/v2\/media?parent=248548"}],"wp:term":[{"taxonomy":"category","embeddable":true,"href":"https:\/\/www.europesays.com\/es\/wp-json\/wp\/v2\/categories?post=248548"},{"taxonomy":"post_tag","embeddable":true,"href":"https:\/\/www.europesays.com\/es\/wp-json\/wp\/v2\/tags?post=248548"}],"curies":[{"name":"wp","href":"https:\/\/api.w.org\/{rel}","templated":true}]}}