{"id":248550,"date":"2025-11-21T18:47:20","date_gmt":"2025-11-21T18:47:20","guid":{"rendered":"https:\/\/www.europesays.com\/es\/248550\/"},"modified":"2025-11-21T18:47:20","modified_gmt":"2025-11-21T18:47:20","slug":"el-primer-gran-senalado-de-xavi-pascual-en-el-barca-de-basket-problemas-a-la-vista","status":"publish","type":"post","link":"https:\/\/www.europesays.com\/es\/248550\/","title":{"rendered":"El primer gran se\u00f1alado de Xavi Pascual en el Bar\u00e7a de basket: problemas a la vista"},"content":{"rendered":"<p>                <a href=\"https:\/\/cronicaglobal.elespanol.com\/culemania\/secciones\/\" class=\"kicker--section\" rel=\"nofollow noopener\" target=\"_blank\">Secciones<\/a><\/p>\n<p>\n    El t\u00e9cnico de Gav\u00e1 no pudo sacar la mejor versi\u00f3n de una de las mejores estrellas del conjunto azulgrana\n<\/p>\n<p>    Noticias relacionadas<\/p>\n<p class=\"paragraph\" id=\"paragraph_1\"><strong>Adi\u00f3s a Pe\u00f1arroya y a Orellana; Xavi Pascual est\u00e1 aqu\u00ed<\/strong>. Una nueva era acaba de comenzar en el Bar\u00e7a de basket y, aunque el primer partido acab\u00f3 <a href=\"https:\/\/cronicaglobal.elespanol.com\/culemania\/secciones\/20251120\/xavi-pascual-estrena-barca-tridente-estrellas-estrelladas\/1003742709374_0.html?utm_cmp_rs=linksinline\" target=\"_blank\" rel=\"nofollow noopener\">con derrota<\/a>,<strong> ya se vieron destellos de ilusi\u00f3n<\/strong> dentro del plantel cul\u00e9. Sin embargo, <strong>toda luz tiene sus sombras<\/strong> y ante el Anadolu Efes hubo una estrella en concreto que destac\u00f3 negativamente. <strong>El primer gran se\u00f1alado de <a href=\"https:\/\/cronicaglobal.elespanol.com\/culemania\/secciones\/20251117\/joan-laporta-juan-carlos-navarro-barca-pascual\/1003742708136_0.html?utm_cmp_rs=linksinline\" target=\"_blank\" rel=\"nofollow noopener\">Pascual<\/a><\/strong>.<\/p>\n<p class=\"paragraph\" id=\"paragraph_2\">La realidad es que dicho encuentro <strong>dej\u00f3 en evidencia a m\u00e1s de una pieza<\/strong> del conjunto azulgrana. De eso no hay ninguna duda. <strong>Tanto <a href=\"https:\/\/cronicaglobal.elespanol.com\/culemania\/secciones\/20251120\/xavi-pascual-estrena-barca-tridente-estrellas-estrelladas\/1003742709374_0.html?utm_cmp_rs=linksinline\" target=\"_blank\" rel=\"nofollow noopener\">Tornike Shengelia como Will Clyburn<\/a> no estuvieron al nivel al que nos tienen acostumbrados<\/strong> esta campa\u00f1a. Asimismo, existe el caso de un jugador que tampoco jug\u00f3 precisamente bien y podr\u00eda generar <strong>un poco de fricci\u00f3n<\/strong> con el nuevo entrenador cul\u00e9.<\/p>\n<p><img decoding=\"async\" alt=\"Will Clyburn en el partido dle Bar\u00e7a de basket contra el Panathinaikos\" data-imgm=\"true\" height=\"180\" loading=\"lazy\"  src=\"https:\/\/www.europesays.com\/es\/wp-content\/uploads\/2025\/11\/1003742694625_15263807_1024x576.jpg\"  width=\"320\"\/><\/p>\n<p>                                                            Will Clyburn en el partido dle Bar\u00e7a de basket contra el Panathinaikos<\/p>\n<p>                    FCB<\/p>\n<p><img decoding=\"async\" alt=\"Tornike Shengelia en el Partizan-Bar\u00e7a de basket de Euroliga\" data-imgm=\"true\" height=\"180\" loading=\"lazy\"  src=\"https:\/\/www.europesays.com\/es\/wp-content\/uploads\/2025\/11\/1003742703375_15350104_1024x576.jpg\"  width=\"320\"\/><\/p>\n<p>                                                            Tornike Shengelia en el Partizan-Bar\u00e7a de basket de Euroliga<\/p>\n<p>                    FCB<\/p>\n<p>De estrella a estrellado<\/p>\n<p class=\"paragraph\" id=\"paragraph_3\">Se trata de <strong>Kevin Punter<\/strong>. El escolta del Bronx solo firm\u00f3 <strong>cinco puntos y un dos de siete en tiros de campo<\/strong> para un discreto dos de valoraci\u00f3n. De hecho, el &#8216;0&#8217; azulgrana<strong> fue el jugador que plasm\u00f3 el peor m\u00e1s\/menos de ambos equipos: -13 puntos<\/strong>. Asimismo, dicha debacle no es el \u00fanico rasgo negativo a destacar.<\/p>\n<p><img decoding=\"async\" alt=\"Kevin Punter se saluda con un jugador de Anadolu Efes en la Euroliga\" data-imgm=\"true\" height=\"854\" loading=\"lazy\"  src=\"https:\/\/www.europesays.com\/es\/wp-content\/uploads\/2025\/11\/1003742709584_15430998_1280x1706.jpg\"  width=\"640\"\/><\/p>\n<p>                                                            Kevin Punter se saluda con un jugador de Anadolu Efes en la Euroliga<\/p>\n<p>                    FCB<\/p>\n<p class=\"paragraph\" id=\"paragraph_4\">Punter, acostumbrado a ser uno de las piezas con m\u00e1s minutos del equipo, en esta ocasi\u00f3n fue el quinto con m\u00e1s protagonismo.<strong> Estuvo en pista durante 22 minutos, siendo superado por Laprovittola, Vesely, Satoransky y Parra<\/strong>. Aunque tan solo sea un encuentro, la realidad es que Pascual <strong>le rest\u00f3 importancia<\/strong> al &#8216;2&#8217; norteamericano.<\/p>\n<p>Los beneficiados<\/p>\n<p class=\"paragraph\" id=\"paragraph_5\">Los grandes beneficiados fueron<strong> Laprovittola y Satoransky<\/strong>, quienes se encargaron de liderar al cuadro cul\u00e9 en la generaci\u00f3n de juego. De hecho, el base argentino<strong> jug\u00f3 el mayor n\u00famero de minutos en lo que va de temporada (26)<\/strong>. Dicha estad\u00edstica podr\u00eda ser una <strong>premonici\u00f3n<\/strong> de un problema dentro del vestuario entre Pascual y Punter, aunque es muy pronto para sacar conclusiones.<\/p>\n<p><img decoding=\"async\" alt=\"Kevin Punter, con la posesi\u00f3n del bal\u00f3n en el Bayern-Bar\u00e7a de basket de la Euroliga\" data-imgm=\"true\" height=\"180\" loading=\"lazy\"  src=\"https:\/\/www.europesays.com\/es\/wp-content\/uploads\/2025\/11\/1003742706968_15396656_1024x576.jpg\"  width=\"320\"\/><\/p>\n<p>                                                            Kevin Punter, con la posesi\u00f3n del bal\u00f3n en el Bayern-Bar\u00e7a de basket de la Euroliga<\/p>\n<p>                    EFE<\/p>\n","protected":false},"excerpt":{"rendered":"Secciones El t\u00e9cnico de Gav\u00e1 no pudo sacar la mejor versi\u00f3n de una de las mejores estrellas del&hellip;\n","protected":false},"author":2,"featured_media":248551,"comment_status":"","ping_status":"","sticky":false,"template":"","format":"standard","meta":{"footnotes":""},"categories":[269],"tags":[299,298,168,25,24,4469,8869,4470,23,167],"class_list":{"0":"post-248550","1":"post","2":"type-post","3":"status-publish","4":"format-standard","5":"has-post-thumbnail","7":"category-baloncesto","8":"tag-baloncesto","9":"tag-basketball","10":"tag-deportes","11":"tag-es","12":"tag-espana","13":"tag-fcb-basket","14":"tag-joan-penarroya","15":"tag-secciones","16":"tag-spain","17":"tag-sports"},"share_on_mastodon":{"url":"https:\/\/pubeurope.com\/@es\/115589182864357729","error":""},"_links":{"self":[{"href":"https:\/\/www.europesays.com\/es\/wp-json\/wp\/v2\/posts\/248550","targetHints":{"allow":["GET"]}}],"collection":[{"href":"https:\/\/www.europesays.com\/es\/wp-json\/wp\/v2\/posts"}],"about":[{"href":"https:\/\/www.europesays.com\/es\/wp-json\/wp\/v2\/types\/post"}],"author":[{"embeddable":true,"href":"https:\/\/www.europesays.com\/es\/wp-json\/wp\/v2\/users\/2"}],"replies":[{"embeddable":true,"href":"https:\/\/www.europesays.com\/es\/wp-json\/wp\/v2\/comments?post=248550"}],"version-history":[{"count":0,"href":"https:\/\/www.europesays.com\/es\/wp-json\/wp\/v2\/posts\/248550\/revisions"}],"wp:featuredmedia":[{"embeddable":true,"href":"https:\/\/www.europesays.com\/es\/wp-json\/wp\/v2\/media\/248551"}],"wp:attachment":[{"href":"https:\/\/www.europesays.com\/es\/wp-json\/wp\/v2\/media?parent=248550"}],"wp:term":[{"taxonomy":"category","embeddable":true,"href":"https:\/\/www.europesays.com\/es\/wp-json\/wp\/v2\/categories?post=248550"},{"taxonomy":"post_tag","embeddable":true,"href":"https:\/\/www.europesays.com\/es\/wp-json\/wp\/v2\/tags?post=248550"}],"curies":[{"name":"wp","href":"https:\/\/api.w.org\/{rel}","templated":true}]}}