{"id":248557,"date":"2025-11-21T18:52:16","date_gmt":"2025-11-21T18:52:16","guid":{"rendered":"https:\/\/www.europesays.com\/es\/248557\/"},"modified":"2025-11-21T18:52:16","modified_gmt":"2025-11-21T18:52:16","slug":"tamara-falco-celebro-su-cumpleanos-el-20n-en-el-hormiguero-con-pulla-a-cristina-pardo-eres-un-poco-rencorosa","status":"publish","type":"post","link":"https:\/\/www.europesays.com\/es\/248557\/","title":{"rendered":"Tamara Falc\u00f3 celebr\u00f3 su cumplea\u00f1os el 20N en &#8216;El Hormiguero&#8217; con pulla a Cristina Pardo: \u00abEres un poco rencorosa\u00bb"},"content":{"rendered":"<p class=\"article-text\">\n        <strong>Tamara Falc\u00f3<\/strong> cumpli\u00f3 44 a\u00f1os este jueves 20 de noviembre, de ah\u00ed que <strong>El Hormiguero<\/strong>, el programa con el que colabora habitualmente, le cantara el <strong>Cumplea\u00f1os feliz<\/strong> en directo.\n    <\/p>\n<p>    <a href=\"https:\/\/www.eldiario.es\/vertele\/noticias\/anatomia-de-un-instante-llega-congreso-acto-pedro-sanchez-equipo-serie-movistar-plus_1_12786892.html\" data-mrf-recirculation=\"saber-mas\" data-dl-event=\"saber-mas\" rel=\"nofollow noopener\" target=\"_blank\"><\/p>\n<p class=\"know-more__title\">&#8216;Anatom\u00eda de un instante&#8217; llega al Congreso con un acto de Pedro S\u00e1nchez y el equipo de la serie de Movistar Plus+<\/p>\n<p>            <img decoding=\"async\" class=\"lazy\" loading=\"lazy\" data-src=\"https:\/\/static.eldiario.es\/clip\/c05b84f8-bb0c-415a-97eb-f4d018d01a63_16-9-aspect-ratio_default_0.jpg\" src=\"data:image\/svg+xml,%3Csvg xmlns=\" http:=\"\" viewbox=\"0 0 880 495\" alt=\"'Anatom\u00eda de un instante' llega al Congreso con un acto de Pedro S\u00e1nchez y el equipo de la serie de Movistar Plus+\"\/><\/p>\n<p>                        <\/a><\/p>\n<p class=\"article-text\">\n        <strong>Pablo Motos<\/strong>, <strong>Nuria Roca<\/strong> y <strong>Juan del Val<\/strong> entonaron el famoso tema, sin embargo, <strong>Cristina Pardo<\/strong> se mantuvo callada. Sonriente pero callada.\n    <\/p>\n<p class=\"article-text\">\n        \u201c\u00a1C\u00e1ntame!\u201d, le espet\u00f3 la marquesa de Gri\u00f1\u00f3n al ver que la presentadora de laSexta guardaba silencio. Al acabar la canci\u00f3n, Pardo explic\u00f3 entre risas el motivo de su comportamiento.\n    <\/p>\n<p class=\"article-text\">\n        Al parecer, Tamara llevaba todo el d\u00eda sin contestar a una de las felicitaciones que hab\u00eda recibido al m\u00f3vil. \u201cTenemos un grupo de WhatsApp en com\u00fan con varias personas m\u00e1s, y una de ellas, que tiene especial relaci\u00f3n con Tamara, la ha felicitado a las 7:02 de la ma\u00f1ana. Son las 22:48 horas y todav\u00eda no ha contestado\u201d, critic\u00f3 la periodista.\n    <\/p>\n<p class=\"article-text\">\n        La &#8216;cumplea\u00f1era&#8217; reconoci\u00f3 que hab\u00eda ignorado deliberadamente algunos mensajes, al menos este. \u201cMe he despertado a las 10:48 de la ma\u00f1ana. Ten\u00eda saturado el m\u00f3vil y he decidido hacer otra serie de cosas antes de contestar paulatinamente los mensajes. Y todav\u00eda no he llegado a ese\u201d, se defendi\u00f3, <strong>tras lo cual acus\u00f3 a su compa\u00f1era de ser \u201cun poco rencorosa\u201d<\/strong>.\n    <\/p>\n<p>    <a href=\"https:\/\/www.eldiario.es\/vertele\/noticias\/buenafuente-detiene-prescripcion-medica-agenda-rtve-suspende-futuro-imperfecto-sigue-campanadas_1_12787495.html\" data-mrf-recirculation=\"saber-mas-abajo\" data-dl-event=\"saber-mas-abajo\" rel=\"nofollow noopener\" target=\"_blank\"><\/p>\n<p class=\"know-more__title\">Buenafuente detiene por prescripci\u00f3n m\u00e9dica su agenda: RTVE suspende &#8216;Futuro imperfecto&#8217;, pero sigue con sus Campanadas<\/p>\n<p>            <img decoding=\"async\" class=\"lazy\" loading=\"lazy\" data-src=\"https:\/\/static.eldiario.es\/clip\/af1800b0-4d38-4ca3-834c-fa9647291cc3_16-9-aspect-ratio_default_0.jpg\" src=\"data:image\/svg+xml,%3Csvg xmlns=\" http:=\"\" viewbox=\"0 0 880 495\" alt=\"Buenafuente detiene por prescripci\u00f3n m\u00e9dica su agenda: RTVE suspende 'Futuro imperfecto', y sigue con sus Campanadas\"\/><\/p>\n<p>                        <\/a><\/p>\n<p class=\"article-text\">\n        Antes de ponerse a debatir sobre la <a href=\"https:\/\/www.eldiario.es\/politica\/claves-condena-fiscal-general-tendra-puesto-futuro-fiscalia-queda-aire_1_12783818.html\" target=\"_blank\" data-mrf-recirculation=\"links-noticia\" class=\"link\" rel=\"nofollow noopener\">condena impuesta<\/a> por el Tribunal Supremo al fiscal general del Estado, el equipo de El Hormiguero agradeci\u00f3 que Tamara hubiera llegado al programa con pasteles y bombones para todos.\n    <\/p>\n","protected":false},"excerpt":{"rendered":"Tamara Falc\u00f3 cumpli\u00f3 44 a\u00f1os este jueves 20 de noviembre, de ah\u00ed que El Hormiguero, el programa con&hellip;\n","protected":false},"author":2,"featured_media":248558,"comment_status":"","ping_status":"","sticky":false,"template":"","format":"standard","meta":{"footnotes":""},"categories":[171],"tags":[63219,7538,146,147,25,24,5177,63218,17775,8364,20987,63220,23,5176,214],"class_list":{"0":"post-248557","1":"post","2":"type-post","3":"status-publish","4":"format-standard","5":"has-post-thumbnail","7":"category-tv","8":"tag-20-noviembre","9":"tag-cristina","10":"tag-entertainment","11":"tag-entretenimiento","12":"tag-es","13":"tag-espana","14":"tag-falco","15":"tag-fecha-cumpleanos-edad","16":"tag-hormiguero","17":"tag-pardo","18":"tag-pulla","19":"tag-rencorosa","20":"tag-spain","21":"tag-tamara","22":"tag-tv"},"share_on_mastodon":{"url":"https:\/\/pubeurope.com\/@es\/115589201698876420","error":""},"_links":{"self":[{"href":"https:\/\/www.europesays.com\/es\/wp-json\/wp\/v2\/posts\/248557","targetHints":{"allow":["GET"]}}],"collection":[{"href":"https:\/\/www.europesays.com\/es\/wp-json\/wp\/v2\/posts"}],"about":[{"href":"https:\/\/www.europesays.com\/es\/wp-json\/wp\/v2\/types\/post"}],"author":[{"embeddable":true,"href":"https:\/\/www.europesays.com\/es\/wp-json\/wp\/v2\/users\/2"}],"replies":[{"embeddable":true,"href":"https:\/\/www.europesays.com\/es\/wp-json\/wp\/v2\/comments?post=248557"}],"version-history":[{"count":0,"href":"https:\/\/www.europesays.com\/es\/wp-json\/wp\/v2\/posts\/248557\/revisions"}],"wp:featuredmedia":[{"embeddable":true,"href":"https:\/\/www.europesays.com\/es\/wp-json\/wp\/v2\/media\/248558"}],"wp:attachment":[{"href":"https:\/\/www.europesays.com\/es\/wp-json\/wp\/v2\/media?parent=248557"}],"wp:term":[{"taxonomy":"category","embeddable":true,"href":"https:\/\/www.europesays.com\/es\/wp-json\/wp\/v2\/categories?post=248557"},{"taxonomy":"post_tag","embeddable":true,"href":"https:\/\/www.europesays.com\/es\/wp-json\/wp\/v2\/tags?post=248557"}],"curies":[{"name":"wp","href":"https:\/\/api.w.org\/{rel}","templated":true}]}}