{"id":248575,"date":"2025-11-21T19:08:14","date_gmt":"2025-11-21T19:08:14","guid":{"rendered":"https:\/\/www.europesays.com\/es\/248575\/"},"modified":"2025-11-21T19:08:14","modified_gmt":"2025-11-21T19:08:14","slug":"una-cancion-del-nuevo-disco-de-la-m-o-d-a-rescata-al-mitico-ciclista-chava-jimenez","status":"publish","type":"post","link":"https:\/\/www.europesays.com\/es\/248575\/","title":{"rendered":"Una canci\u00f3n del nuevo disco de La M.O.D.A. &#8216;rescata&#8217; al m\u00edtico ciclista Chava Jim\u00e9nez"},"content":{"rendered":"<p>\u00abVoy subiendo como El <a href=\"https:\/\/www.diariodeburgos.es\/tags\/58194\/chava+jim%c3%a9nez\" target=\"_blank\" rel=\"nofollow noopener\">Chava Jim\u00e9nez<\/a>. Hay monta\u00f1as que te ense\u00f1an qui\u00e9n eres. Cueste lo que cueste, aprieto los dientes\u00bb, canta <strong>La Maravillosa Orquesta del Alcohol (<a href=\"https:\/\/www.diariodeburgos.es\/tags\/45225\/la+m.o.d.a.\" target=\"_blank\" rel=\"nofollow noopener\">La M.O.D.A.<\/a>)<\/strong> en una de las 13 canciones del disco &#8216;<a href=\"https:\/\/www.diariodeburgos.es\/noticia\/z550a398e-3e07-43a1-85296b6a996579cb\/202510\/la-alegria-del-barrio-la-moda-publica-su-nuevo-disco\" target=\"_blank\" rel=\"nofollow noopener\">San Felices<\/a>&#8216; que acaba de cumplir un mes. Con <a href=\"https:\/\/www.diariodeburgos.es\/tags\/62303\/leiva\" target=\"_blank\" rel=\"nofollow noopener\">Leiva<\/a> como colaborador de lujo, el grupo burgal\u00e9s ha vuelto a poner en la palestra a uno de los ciclistas m\u00e1s ic\u00f3nicos, carism\u00e1ticos y queridos de los amantes de este deporte. Un corredor que en los noventa enamor\u00f3 a muchos por sus haza\u00f1as sobre la bicicleta y cuyo recuerdo es imborrable.<\/p>\n<p>Y seguro que muchos burgaleses lo hicieron en directo porque el ciclista de El Barraco (\u00c1vila), cuyo nombre de pila era Jos\u00e9 Mar\u00eda, pero era popularmente conocido como <strong>El Chava<\/strong>, recorri\u00f3 las carretas de la provincia burgalesa en numerosas competiciones. Precisamente, una de sus victorias m\u00e1s recordadas lleg\u00f3 en la decimosexta etapa de la Vuelta a Espa\u00f1a de 1998, cuando el pelot\u00f3n causaba furor a su paso por la ciudad y sus alrededores. Aquel 21 de septiembre, el ciclista del equipo Banesto <strong>fue el m\u00e1s r\u00e1pido en la ascensi\u00f3n a la Laguna Negra de Neila&#8230; pero a costa de ganarse unos cuantos enemigos<\/strong>.<\/p>\n<p>Por entonces, El Chava estaba en su mejor momento como profesional y en la cima de su popularidad. Su imagen llenaba portadas de peri\u00f3dicos tras haber ganado tres etapas de esa edici\u00f3n de la Vuelta a Espa\u00f1a, que cada a\u00f1o era su gran ilusi\u00f3n por encima del Tour de Francia y del Giro de Italia. En aquella ocasi\u00f3n, el abulense estaba bien situado en la clasificaci\u00f3n general a falta de siete etapas y en Burgos quer\u00eda ganar posiciones.<\/p>\n<p><img decoding=\"async\" loading=\"lazy\" src=\"https:\/\/www.europesays.com\/es\/wp-content\/uploads\/2025\/11\/68D52D10-8CF3-498E-8E31E3CDD14C2EF2.JPG\" alt=\"Jos\u00e9 Mar\u00eda Jim\u00e9nez, El Chava, en Burgos al d\u00eda siguiente de atacar en la subida a Las Lagunas de Neila en lugar de proteger a Abraham Olano, compa\u00f1ero y l\u00edder de Banesto.\" border=\"0\"\/>Jos\u00e9 Mar\u00eda Jim\u00e9nez, El Chava, en Burgos al d\u00eda siguiente de atacar en la subida a Las Lagunas de Neila en lugar de proteger a Abraham Olano, compa\u00f1ero y l\u00edder de Banesto. &#8211; Foto: Jes\u00fas J. Mat\u00edas<\/p>\n<blockquote class=\"QuoteComentario\">\n<p>En esa Vuelta a Espa\u00f1a de 1998 \u00a0El Chava sum\u00f3 su cuarta victoria en la subida a las Lagunas de Neila<\/p>\n<\/blockquote>\n<p>Por ello, Jim\u00e9nez fue a por todas en esa cita que arranc\u00f3 en Soria. Cuando restaban tres kil\u00f3metros para la meta, en Las Lagunas de Neila, el ciclista de El Barraco hizo un \u00f3rdago. Estaba en cabeza junto a su compa\u00f1ero de equipo y l\u00edder de la general, Abraham Olano, y Fernando Escart\u00edn, su principal rival por el liderato. Y entonces, de manera sorprendente, <strong>El Chava decidi\u00f3 escaparse en busca del triunfo olvid\u00e1ndose de proteger a Olano<\/strong>, que no quer\u00eda perder mucho tiempo y al que le costaba m\u00e1s escalar.\u00a0<\/p>\n<p>\u00abNo s\u00e9 qu\u00e9 decir&#8230; Jim\u00e9nez ha dejado solo a Olano. Va como una moto, pero en cuanto a t\u00e1ctica de equipo no s\u00e9 si ha hecho bien\u00bb, se escuchaba en voz de Pedro Gonz\u00e1lez a trav\u00e9s de la televisi\u00f3n. Aquel ataque fue toda una sorpresa y Olano, aunque mantuvo el primer puesto aquel d\u00eda, perdi\u00f3 margen y tuvo que redoblar esfuerzos por la &#8216;traici\u00f3n&#8217; de Jim\u00e9nez, que se exhibi\u00f3 al cruzar la meta mucho antes que sus rivales. Demostr\u00f3 un d\u00eda m\u00e1s que en monta\u00f1a muy pocos se le pod\u00edan comparar.<\/p>\n<p><img decoding=\"async\" loading=\"lazy\" src=\"https:\/\/www.europesays.com\/es\/wp-content\/uploads\/2025\/11\/D72E5382-8C09-498E-B2983117B8EBF713.JPG\" alt=\"El Chava, en la salida de la segunda etapa de la Vuelta a Burgos del a\u00f1o 1999, con la Catedral al fondo.\" border=\"0\"\/>El Chava, en la salida de la segunda etapa de la Vuelta a Burgos del a\u00f1o 1999, con la Catedral al fondo. &#8211; Foto: Alberto Rodrigo<\/p>\n<p><strong>Traici\u00f3n. <\/strong>Aunque pueda parecer exagerado ese t\u00e9rmino para referirnos a aquella etapa, no lo es. \u00abLe estaba preguntando al director, pero con tanto barullo no se entend\u00eda\u00bb, declar\u00f3 con sorna El Chava tras una victoria que hizo las delicias de muchos, pero empez\u00f3 a cabrear a otros. <strong>Aquellos que defend\u00edan a Olano criticaron la falta de compa\u00f1erismo del abulense<\/strong>, al que ni el equipo ni el p\u00fablico ve\u00edan como ganador de la general por su falta de regularidad, sobre todo, en la &#8216;crono&#8217;.<\/p>\n<p>Entre palabras y hechos, <strong>parte de la prensa que hasta entonces hab\u00eda gozado con El Chava se le ech\u00f3 encima<\/strong>. En los d\u00edas posteriores se pod\u00edan leer titulares como &#8216;Olano duerme con su enemigo&#8217; o &#8216;Judas ha vuelto al ciclismo&#8217; por aquel incidente, que ya hab\u00eda tomado otra dimensi\u00f3n cuando la mujer de Olano, Karmele Zubillaga, llam\u00f3 de manera an\u00f3nima a una radio para criticar el arriesgado ataque de El Chava.<\/p>\n<p>Finalmente, Olano terminar\u00eda ganando aquella Vuelta a Espa\u00f1a de 1998, en la que El Chava tambi\u00e9n se subi\u00f3 al podio en tercera posici\u00f3n entre alabanzas del ganador, que intent\u00f3 calmar las aguas, pero unos meses despu\u00e9s se decant\u00f3 por abandonar el equipo y fichar por el ONCE.<\/p>\n<p>Ah\u00ed terminan una serie de an\u00e9cdotas sucedidas en Burgos aquel a\u00f1o y con El Chava Jim\u00e9nez como protagonista. Entonces hombre de moda, <a href=\"https:\/\/www.diariodeburgos.es\/noticia\/z1849f142-5c73-401b-90e5dea506f88168\/202509\/la-moda-y-leiva-juntos-en-un-tema-sobre-el-chava-jimenez\" target=\"_blank\" rel=\"nofollow noopener\">ahora nombre de La M.O.D.A.<\/a><\/p>\n<p><strong>Olano, el otro actor.\u00a0<\/strong>Abraham Olano (Guip\u00fazcoa, 1970) es una leyenda de ciclismo. Cuenta con una Vuelta a Espa\u00f1a y un par de podios en el Giro de Italia en su curr\u00edculum, en el que destaca por encima de todo su oro en el Campeonato del Mundo en ruta (1995) y en contrarreloj (1998). Un doblete que nadie ha podido repetir hasta ahora y que aument\u00f3 su relevancia entonces pese a que muchos esperaban que fuera el siguiente Indur\u00e1in. Al vasco esa comparaci\u00f3n siempre le pes\u00f3 y, aunque nunca pudo igualar a su predecesor, se convirti\u00f3 en uno de los grandes del ciclismo espa\u00f1ol. Inconscientemente, en aquel 1998 en el que tambi\u00e9n fue el ganador de la Vuelta a Burgos, se convirti\u00f3 en el rival de El Chava durante la Vuelta a Espa\u00f1a. El otro actor de la pel\u00edcula.<\/p>\n<p><strong>El Chava, todo un cl\u00e1sico\u00a0de la Vuelta a Burgos<\/strong><\/p>\n<p>El Chava Jim\u00e9nez no solo pas\u00f3 por las carreteras burgalesas en la tan recordada Vuelta a Espa\u00f1a de 1998. Lo cierto es que particip\u00f3 en la Vuelta a Burgos hasta en siete ocasiones, haciendo su debut en 1993 y consiguiendo en una ocasi\u00f3n llevarse el maillot de monta\u00f1a.<\/p>\n<p>Fue en las ediciones de 1996 y de 1998 en las que m\u00e1s destac\u00f3 y en las que m\u00e1s cerca estuvo de la victoria general. Lo cierto es que el conocido como &#8216;El ciclista del pueblo&#8217; nunca gan\u00f3 ninguna etapa de la Vuelta a Burgos, pero estuvo muy cerca de hacerlo en el segundo d\u00eda de la edici\u00f3n del 96, cuando en el recorrido entre Roa y las Lagunas de Neila qued\u00f3 segundo. Le super\u00f3 el suizo Tony Rominger en los metros finales. Una lecci\u00f3n que interioriz\u00f3 para ganar en la misma subida en la Vuelta a Espa\u00f1a dos a\u00f1os despu\u00e9s. Pero entonces esa segunda plaza le aup\u00f3 en una clasificaci\u00f3n general en la que acab\u00f3 sexto, su mejor resultado aqu\u00ed. Gan\u00f3 la general el propio Rominger, desbancando al mism\u00edsimo Miguel Indur\u00e1in.<\/p>\n<blockquote class=\"QuoteComentario\">\n<p>El ciclista abulense fue uno de los habituales en la ronda castellana durante la d\u00e9cada de los noventa<\/p>\n<\/blockquote>\n<p>En la Vuelta a Burgos de 1998 tambi\u00e9n destac\u00f3, pero qued\u00f3 una posici\u00f3n por detr\u00e1s de aquel resultado. Fue s\u00e9ptimo, pero conquist\u00f3 el maillot de la monta\u00f1a. Su compa\u00f1ero en Banesto, Abraham Olano, venci\u00f3.<\/p>\n<p>Un a\u00f1o despu\u00e9s, en 1999, repiti\u00f3 en la Vuelta a Burgos y de nuevo se hizo un hueco entre los diez mejores dentro de la clasificaci\u00f3n general. Fue octavo en una edici\u00f3n en la que Abraham Olano repiti\u00f3 como ganador, aunque ya no como compa\u00f1ero de El Chava al haber fichado por el ONCE.<\/p>\n","protected":false},"excerpt":{"rendered":"\u00abVoy subiendo como El Chava Jim\u00e9nez. Hay monta\u00f1as que te ense\u00f1an qui\u00e9n eres. Cueste lo que cueste, aprieto&hellip;\n","protected":false},"author":2,"featured_media":248576,"comment_status":"","ping_status":"","sticky":false,"template":"","format":"standard","meta":{"footnotes":""},"categories":[273],"tags":[61167,623,39945,313,312,168,39541,25,24,11163,39944,11164,21851,23,167,11162],"class_list":{"0":"post-248575","1":"post","2":"type-post","3":"status-publish","4":"format-standard","5":"has-post-thumbnail","7":"category-ciclismo","8":"tag-banesto","9":"tag-burgos","10":"tag-chava-jimenez","11":"tag-ciclismo","12":"tag-cycling","13":"tag-deportes","14":"tag-el-barraco","15":"tag-es","16":"tag-espana","17":"tag-giro-de-italia","18":"tag-la-m-o-d-a","19":"tag-lagunas-de-neila","20":"tag-leiva","21":"tag-spain","22":"tag-sports","23":"tag-vuelta-ciclista-a-burgos"},"share_on_mastodon":{"url":"https:\/\/pubeurope.com\/@es\/115589265125588902","error":""},"_links":{"self":[{"href":"https:\/\/www.europesays.com\/es\/wp-json\/wp\/v2\/posts\/248575","targetHints":{"allow":["GET"]}}],"collection":[{"href":"https:\/\/www.europesays.com\/es\/wp-json\/wp\/v2\/posts"}],"about":[{"href":"https:\/\/www.europesays.com\/es\/wp-json\/wp\/v2\/types\/post"}],"author":[{"embeddable":true,"href":"https:\/\/www.europesays.com\/es\/wp-json\/wp\/v2\/users\/2"}],"replies":[{"embeddable":true,"href":"https:\/\/www.europesays.com\/es\/wp-json\/wp\/v2\/comments?post=248575"}],"version-history":[{"count":0,"href":"https:\/\/www.europesays.com\/es\/wp-json\/wp\/v2\/posts\/248575\/revisions"}],"wp:featuredmedia":[{"embeddable":true,"href":"https:\/\/www.europesays.com\/es\/wp-json\/wp\/v2\/media\/248576"}],"wp:attachment":[{"href":"https:\/\/www.europesays.com\/es\/wp-json\/wp\/v2\/media?parent=248575"}],"wp:term":[{"taxonomy":"category","embeddable":true,"href":"https:\/\/www.europesays.com\/es\/wp-json\/wp\/v2\/categories?post=248575"},{"taxonomy":"post_tag","embeddable":true,"href":"https:\/\/www.europesays.com\/es\/wp-json\/wp\/v2\/tags?post=248575"}],"curies":[{"name":"wp","href":"https:\/\/api.w.org\/{rel}","templated":true}]}}