{"id":248581,"date":"2025-11-21T19:12:15","date_gmt":"2025-11-21T19:12:15","guid":{"rendered":"https:\/\/www.europesays.com\/es\/248581\/"},"modified":"2025-11-21T19:12:15","modified_gmt":"2025-11-21T19:12:15","slug":"que-ha-pasado-con-tita-cervera-y-el-conde-lequio","status":"publish","type":"post","link":"https:\/\/www.europesays.com\/es\/248581\/","title":{"rendered":"\u00bfQu\u00e9 ha pasado con Tita Cervera y el conde Lequio?"},"content":{"rendered":"<p data-gtm-element-container=\"modulo-texto-link\" class=\"paragraph\">La nobleza m\u00e1s rosa a veces desti\u00f1e, como ha ocurrido esta semana con dos de sus miembros m\u00e1s populares del papel couch\u00e9. Por un lado, Vanitatis alertaba a todo el mundo con una noticia bomba: la baronesa Thyssen hab\u00eda perdido su t\u00edtulo. Horas despu\u00e9s, la mism\u00edsima Tita Cervera <a href=\"https:\/\/www.lavanguardia.com\/gente\/20251119\/11282509\/adios-titulo-baronesa-tita-cervera-apellido-thyssen-bornemisza.html\" target=\"_blank\" rel=\"nofollow noopener\">lo desment\u00eda<\/a> indignada. Por otro lado, el conde Lequio sal\u00eda <a href=\"https:\/\/www.lavanguardia.com\/television\/20251119\/11282458\/alessandro-lecquio-fuera-mediaset-testimonio-antonia-dell-atte-violencia-machista.html\" target=\"_blank\" rel=\"nofollow noopener\">fulminado de Mediaset<\/a> a ra\u00edz de las acusaciones de maltrato de su ex, Antonia dell\u2019Atte. Y en este \u00faltimo caso, no se trataba de falsos rumores. A menudo la justicia, y la venganza, llegan tarde, pero llegan.<\/p>\n<p>                <img loading=\"lazy\" decoding=\"async\" data-full-src=\"https:\/\/www.lavanguardia.com\/uploads\/2025\/11\/20\/691f9ad4a30d9.jpeg\" alt=\"Carmen Cervera en un acte al futur Museu Thyssen de Barcelona\" width=\"449\" height=\"299\" src=\"https:\/\/www.europesays.com\/es\/wp-content\/uploads\/2025\/11\/691f9ad4a30d9.r_d.2140-1278-1507.jpeg\" class=\"lazy\"\/><\/p>\n<p class=\"caption-title \">Carmen Cervera en el futuro Museo Thyssen de Barcelona<\/p>\n<p>                    Eli Don \/ ACN<\/p>\n<p data-gtm-element-container=\"modulo-texto-link\" class=\"paragraph\">Una alarma roja se encendi\u00f3 en las redacciones el pasado mi\u00e9rcoles a \u00faltima hora de la tarde. Vanitatis publicaba de buena fuente que Tita Cervera hab\u00eda perdido su t\u00edtulo de baronesa Thyssen tras renunciar a la nacionalidad suiza para ahorrarse impuestos. Menudo negocio. Al d\u00eda siguiente, la mecenas recalaba en Barcelona para inaugurar el primer evento art\u00edstico del <a href=\"https:\/\/www.lavanguardia.com\/cultura\/20251121\/11287585\/arquitectos-dan-voz-alerta-sobre-proyecto-museo-carmen-thyssen-antiguo-cine-comedia.html\" target=\"_blank\" rel=\"nofollow noopener\">futuro Museo Carmen Thyssen<\/a> en la ciudad condal. Acompa\u00f1ada por su hija Carmen, <a href=\"https:\/\/www.lavanguardia.com\/gente\/20251121\/11286769\/baronesa-thyssen-carmen-cervera-museo-comedia.html\" target=\"_blank\" rel=\"nofollow noopener\">fue tajante<\/a>: \u201cMe llamo Tita y no he perdido nada, \u00a1pero qu\u00e9 tonter\u00edas, por favor! Mi marido y yo nos casamos en Inglaterra. Soy su viuda y lo ser\u00e9 toda la vida. No s\u00e9 por qu\u00e9 inventan estas tontadas. Mi nombre es Carmen Thyssen-Bornemisza, como ha sido siempre\u201d, sentenci\u00f3.<\/p>\n<p data-gtm-element-container=\"modulo-texto-link\" class=\"paragraph\">\u00bfQu\u00e9 ocurri\u00f3 realmente? Pues parece que la baronesa, cansada de pagar impuestos en Andorra y Suiza, pidi\u00f3 asesoramiento para prescindir del pasaporte helv\u00e9tico y centrar su atenci\u00f3n en el peque\u00f1o pa\u00eds de los Pirineos. Solo asesoramiento, seg\u00fan el sobrino y escudero de la baronesa, Guillermo Cervera. \u201cTodos tenemos gente cerca que por desgracia nos defrauda y suelta cosas y\u2026 En fin, que es una fake news\u201d, indic\u00f3 apuntando al asesor legal que ya ha dejado de estar en n\u00f3mina de Tita.<\/p>\n<p data-gtm-element-container=\"modulo-texto-link\" class=\"paragraph\">En el caso de que finalmente decidiera prescindir de la nacionalidad helv\u00e9tica, la baronesa no perder\u00eda el t\u00edtulo. En primer lugar, porque la baron\u00eda Bornemisza de K\u00e1szon et Imp\u00e9rfalva es de origen h\u00fangaro y ella lo hered\u00f3 de su marido. Y, en segundo lugar, porque en Suiza los t\u00edtulos nobiliarios no tienen efecto legal y, por tanto, no puede anularlos y menos los concedidos por otra jurisdicci\u00f3n. Que l\u00edo. Lo importante es que podemos estar tranquilos.<\/p>\n<p>                <img loading=\"lazy\" decoding=\"async\" data-full-src=\"https:\/\/www.lavanguardia.com\/uploads\/2023\/12\/07\/65722da74a5fd.png\" alt=\"Alessandro Lequio, el conde italiano, protagoniza controversia con comentarios despectivos sobre Isabel Preysler\" width=\"449\" height=\"255\" src=\"https:\/\/www.europesays.com\/es\/wp-content\/uploads\/2025\/11\/65722da74a5fd.png\" class=\"lazy\"\/><\/p>\n<p class=\"caption-title \">Alessandro Lequio en el plat\u00f3\u00a0<\/p>\n<p>                    &#8216;Vamos a ver&#8217;<\/p>\n<p data-gtm-element-container=\"modulo-texto-link\" class=\"paragraph\">Quien no lo est\u00e1 tanto es Alessandro Lequio. El m\u00e1s televisivo de los condes ha sido despedido de Mediaset tras una de aquellas tormentas perfectas que no vio venir a pesar de que se llevaba gestando desde hac\u00eda 21 a\u00f1os. Su ex, Antonia dell\u2019Atte, por fin ha logrado que le hicieran caso. Primero, explic\u00f3 por en\u00e9sima vez (ahora en El Pa\u00eds) los <a href=\"https:\/\/www.lavanguardia.com\/television\/20251120\/11286467\/dia-alessandro-lecquio-normalizo-television-maltrato-he-tirado-bofetones-mujeres.html\" target=\"_blank\" rel=\"nofollow noopener\">maltratos <\/a>recibidos por Lequio cuando estaban casados. Segundo, la modelo <a href=\"https:\/\/www.lavanguardia.com\/gente\/20251120\/11283009\/antonia-dell-atte-lequio-mediaset-perdon-maltrato-telecinco.html\" target=\"_blank\" rel=\"nofollow noopener\">decidi\u00f3 visitar <\/a>a la nueva direcci\u00f3n de Mediaset con un auto judicial de 2004 bajo el brazo que dictaminaba que no ment\u00eda cuando denunci\u00f3 a su marido en 1991. Tercero, la gran aliada de Lequio, Ana Rosa Quintana, ya no puede defenderlo con la misma fuerza debido a su audiencia actual. Y los rayos cayeron sobre Lequio. Fulminado.<\/p>\n<p data-gtm-element-container=\"modulo-texto-link\" class=\"paragraph\">\u201cQuiero dar las gracias a la actual presidencia de Mediaset: me reun\u00ed con ellos para informarles, les entregu\u00e9 toda la documentaci\u00f3n, vieron la exceptio veritatis que dict\u00f3 aquella sentencia y han tomado esta decisi\u00f3n. Finalmente, hasta Ana Rosa Quintana ha tenido que rendirse\u201d, se alegraba una Antonia dell\u2019Ate triunfadora que tampoco ha olvidado a <a href=\"https:\/\/www.lavanguardia.com\/gente\/20251014\/11155373\/antonia-dell-atte-ana-obregon-alessandro-lequio-maltrato.html\" target=\"_blank\" rel=\"nofollow noopener\">su archienemiga <\/a>Ana Garc\u00eda Obreg\u00f3n. Que vaya con cuidado.<\/p>\n<p>                <img loading=\"lazy\" decoding=\"async\" data-full-src=\"https:\/\/www.lavanguardia.com\/uploads\/2025\/11\/19\/691d69c2b9fd6.jpeg\" alt=\"Todos los rostros televisivos de las campanadas este a\u00f1o\" width=\"449\" height=\"214\" src=\"https:\/\/www.europesays.com\/es\/wp-content\/uploads\/2025\/11\/691d69c2b9fd6.jpeg\" class=\"lazy\"\/><\/p>\n<p class=\"caption-title \">Todos los rostros televisivos de las campanadas este a\u00f1o<\/p>\n<p>                    LV<\/p>\n<p data-gtm-element-container=\"modulo-texto-link\" class=\"paragraph\">La presentadora, entregada ahora a su nieta Anita, volver\u00e1 un a\u00f1o m\u00e1s a ausentarse de la retransmisi\u00f3n de las Campanadas. Y es que esta semana se ha completado <a href=\"https:\/\/www.lavanguardia.com\/gente\/20251119\/11277486\/duelo-parejas-campanadas-televisivas.html\" target=\"_blank\" rel=\"nofollow noopener\">la lista <\/a>de los rostros conocidos que dar\u00e1n la bienvenida al 2026. Los \u00faltimos en apuntarse han sido <a href=\"https:\/\/www.lavanguardia.com\/television\/20251118\/11275933\/rtve-elige-andreu-buenafuente-silvia-abril-campanadas-2025-2026.html\" target=\"_blank\" rel=\"nofollow noopener\">Andreu Buenafuente y S\u00edlvia Abril,<\/a> que se trasladar\u00e1n a la Puerta del Sol para tragarse las uvas en TVE. <a href=\"https:\/\/www.lavanguardia.com\/television\/20251023\/11191273\/atresmedia-potencia-efecto-pedroche-chicote-campanadas-emision-antena-3-sexta-atresplayer.html\" target=\"_blank\" rel=\"nofollow noopener\">Cristina Pedroche<\/a> reaparecer\u00e1 tras su segunda maternidad junto a Alberto Chicote en Atresmedia, dispuesta a sorprender por d\u00e9cimo a\u00f1o con su vestido a los telespectadores de <a href=\"https:\/\/www.lavanguardia.com\/television\/programacion-tv\/antena-3\" target=\"_blank\" rel=\"noopener noreferrer nofollow\">Antena 3<\/a>, <a href=\"https:\/\/www.lavanguardia.com\/television\/programacion-tv\/lasexta\" target=\"_blank\" rel=\"noopener noreferrer nofollow\">La Sexta<\/a> y Atresplayer. Mediaset, en cambio, ha apostado por una pareja nueva, <a href=\"https:\/\/www.lavanguardia.com\/television\/20251105\/11234583\/sandra-barneda-xuso-jones-despediran-ano-campanadas-mediaset.html\" target=\"_blank\" rel=\"nofollow noopener\">Sandra Barneda y Xuso Jones<\/a>, que aparecer\u00e1n en Telecinco y <a href=\"https:\/\/www.lavanguardia.com\/television\/programacion-tv\/cuatro\" target=\"_blank\" rel=\"noopener noreferrer nofollow\">Cuatro<\/a>. Mientras que en Catalunya, el cantante Miki N\u00fa\u00f1ez y la influencer Laura Escanes repetir\u00e1n por tercer a\u00f1o en 3Cat. Alea jacta est. La carrera por la audiencia ha empezado.<\/p>\n<p>                <img loading=\"lazy\" decoding=\"async\" data-full-src=\"https:\/\/www.lavanguardia.com\/uploads\/2025\/11\/20\/691f9b21e5739.jpeg\" alt=\"US actor Kevin Spacey arrives to the Old Bailey in London on July 14, 2022 to appear in court over four counts of sexual assault. - The 62-year-old star made his latest British courtroom appearance after he was charged last month with sexually assaulting three men and granted unconditional bail. (Photo by JUSTIN TALLIS \/ AFP)\" width=\"449\" height=\"299\" src=\"https:\/\/www.europesays.com\/es\/wp-content\/uploads\/2025\/11\/691f9b21e5739.r_d.1342-895-2385.jpeg\" class=\"lazy\"\/><\/p>\n<p class=\"caption-title \">El actor Kevin Spacey\u00a0<\/p>\n<p>                    JUSTIN TALLIS \/ AFP<\/p>\n<p data-gtm-element-container=\"modulo-texto-link\" class=\"paragraph\">Quien no volver\u00e1 a casa por Navidad ser\u00e1 Kevin Spacey. El actor ha revelado que vive sin un hogar fijo desde su <a href=\"https:\/\/www.lavanguardia.com\/cultura\/20250521\/10705541\/kevin-spacey-recibe-premio-cannes-carga-listas-negras-hollywood-historia-repite-ep-agenciaslv20250521.html\" target=\"_blank\" rel=\"nofollow noopener\">ca\u00edda en desgracia<\/a> en Hollywood, cuando fue acusado de agresi\u00f3n sexual. Ha librado diferentes juicios de los que ha salido absuelto, pero la minuta de los abogados y el descenso de trabajo debido a su situaci\u00f3n de imputado, lo han llevado a una complicada situaci\u00f3n econ\u00f3mica que todav\u00eda arrastra. Actualmente, vive una <a href=\"https:\/\/www.lavanguardia.com\/gente\/20251120\/11283956\/kevin-spacey-asegura-vive-hogar-ocho-anos-acusado-abuso-sexual-literalmente-donde-quedarme.html\" target=\"_blank\" rel=\"nofollow noopener\">vida n\u00f3mada <\/a>marcada por las localizaciones de los rodajes e instal\u00e1ndose en hoteles y alojamientos de Airbnb. \u201cLiteralmente no tengo donde quedarme\u201d, ha explicado el actor de 66 a\u00f1os y ganador de dos Oscar que fue desalojado de su mansi\u00f3n de Baltimore por no poder pagar una hipoteca mensual de m\u00e1s de 20.000 d\u00f3lares. Menuda hipoteca.<\/p>\n<p>                <img loading=\"lazy\" decoding=\"async\" data-full-src=\"https:\/\/www.lavanguardia.com\/uploads\/2025\/11\/18\/691cf6f66fc97.jpeg\" alt=\"File, 17. November 2025: Alice and Ellen Kessler have died by assisted suicide in Munich, Germany. The twins worked internationally as dancers, singers, actors and entertainers. MUNICH, GERMANY - DECEMBER 25: Ellen and Alice Kessler attend the 'Circus Krone Christmas Show 2014' at Circus Krone on December 25, 2014 in Munich, Germany. (Photo by Hannes Magerstaedt\/Getty Images)\" width=\"449\" height=\"296\" src=\"https:\/\/www.europesays.com\/es\/wp-content\/uploads\/2025\/11\/691cf6f66fc97.r_d.1753-974-1829.jpeg\" class=\"lazy\"\/><\/p>\n<p class=\"caption-title \">Alice y Ellen Kessler\u00a0<\/p>\n<p>                    Hannes Magerstaedt \/ Getty<\/p>\n<p data-gtm-element-container=\"modulo-texto-link\" class=\"paragraph\">Pero la noticia que m\u00e1s ha conmocionado a la prensa del coraz\u00f3n esta semana ha sido el fallecimiento de las gemelas Alice y Ellen Kessler, legendarias artistas alemanas que actuaron en Eurovisi\u00f3n y junto a mitos de la canci\u00f3n como Frank Sinatra. Ambas, solteras, sin hijos y con 89 a\u00f1os decidieron partir de este mundo de la misma manera que llegaron: juntas. Planearon <a href=\"https:\/\/www.lavanguardia.com\/gente\/20251118\/11275332\/estremecedora-despedida-conjunta-gemelas-kessler-iconos-espectaculo-siglo-xx.html\" target=\"_blank\" rel=\"nofollow noopener\">su muerte asistida<\/a>, legal en Alemania. El d\u00eda: el 17 de noviembre. El lugar: su casa de Gr\u00fcnwald, cerca de Munich. Su testamento: todo destinado a causas ben\u00e9ficas. Una de ellas ya lo anunci\u00f3 el a\u00f1o pasado: \u201cUnidas en la muerte, as\u00ed es como nos gustar\u00eda (acabar)\u201d. Y lo han logrado.<\/p>\n","protected":false},"excerpt":{"rendered":"La nobleza m\u00e1s rosa a veces desti\u00f1e, como ha ocurrido esta semana con dos de sus miembros m\u00e1s&hellip;\n","protected":false},"author":2,"featured_media":248582,"comment_status":"","ping_status":"","sticky":false,"template":"","format":"standard","meta":{"footnotes":""},"categories":[174],"tags":[255,146,147,25,24,256,23],"class_list":{"0":"post-248581","1":"post","2":"type-post","3":"status-publish","4":"format-standard","5":"has-post-thumbnail","7":"category-famosos","8":"tag-celebrities","9":"tag-entertainment","10":"tag-entretenimiento","11":"tag-es","12":"tag-espana","13":"tag-famosos","14":"tag-spain"},"share_on_mastodon":{"url":"https:\/\/pubeurope.com\/@es\/115589280538538752","error":""},"_links":{"self":[{"href":"https:\/\/www.europesays.com\/es\/wp-json\/wp\/v2\/posts\/248581","targetHints":{"allow":["GET"]}}],"collection":[{"href":"https:\/\/www.europesays.com\/es\/wp-json\/wp\/v2\/posts"}],"about":[{"href":"https:\/\/www.europesays.com\/es\/wp-json\/wp\/v2\/types\/post"}],"author":[{"embeddable":true,"href":"https:\/\/www.europesays.com\/es\/wp-json\/wp\/v2\/users\/2"}],"replies":[{"embeddable":true,"href":"https:\/\/www.europesays.com\/es\/wp-json\/wp\/v2\/comments?post=248581"}],"version-history":[{"count":0,"href":"https:\/\/www.europesays.com\/es\/wp-json\/wp\/v2\/posts\/248581\/revisions"}],"wp:featuredmedia":[{"embeddable":true,"href":"https:\/\/www.europesays.com\/es\/wp-json\/wp\/v2\/media\/248582"}],"wp:attachment":[{"href":"https:\/\/www.europesays.com\/es\/wp-json\/wp\/v2\/media?parent=248581"}],"wp:term":[{"taxonomy":"category","embeddable":true,"href":"https:\/\/www.europesays.com\/es\/wp-json\/wp\/v2\/categories?post=248581"},{"taxonomy":"post_tag","embeddable":true,"href":"https:\/\/www.europesays.com\/es\/wp-json\/wp\/v2\/tags?post=248581"}],"curies":[{"name":"wp","href":"https:\/\/api.w.org\/{rel}","templated":true}]}}