{"id":248597,"date":"2025-11-21T19:22:09","date_gmt":"2025-11-21T19:22:09","guid":{"rendered":"https:\/\/www.europesays.com\/es\/248597\/"},"modified":"2025-11-21T19:22:09","modified_gmt":"2025-11-21T19:22:09","slug":"el-ibex-35-experimenta-un-retroceso-semanal-del-32-y-roza-la-perdida-de-los-15-800-puntos","status":"publish","type":"post","link":"https:\/\/www.europesays.com\/es\/248597\/","title":{"rendered":"El Ibex 35 experimenta un retroceso semanal del 3,2% y roza la p\u00e9rdida de los 15.800 puntos"},"content":{"rendered":"<p>Esta semana, el Ibex 35 ha registrado un descenso del 3,2%, finalizando el viernes en 15.821,9 puntos, lo que supone una reducci\u00f3n de m\u00e1s de 500 puntos en solo cinco d\u00edas. A pesar de esta ca\u00edda, el \u00edndice mantiene un incremento del 36% en lo que va de a\u00f1o.<\/p>\n<p><b>\u00abLas bolsas mundiales se encaminan a su peor semana en siete meses, ante la preocupaci\u00f3n por las elevadas valoraciones y las dudas sobre si el resultado de las fuertes inversiones en inteligencia artificial merecer\u00e1n la pena. A esta inquietud se sum\u00f3 la incertidumbre sobre la capacidad de la Reserva Federal para recortar los tipos de inter\u00e9s el pr\u00f3ximo mes despu\u00e9s de los buenos datos de empleo\u00bb,<\/b> explic\u00f3 Manuel Pinto, analista de XTB.<\/p>\n<p>En noticias internacionales, se inform\u00f3 que Donald Trump ha firmado una orden ejecutiva que aumenta las exenciones arancelarias a productos alimenticios de Brasil, en respuesta a preocupaciones sobre el coste de vida en Estados Unidos. Este movimiento reduce las tarifas impuestas anteriormente al gobierno brasile\u00f1o tras el procesamiento de Jair Bolsonaro por intento de golpe de Estado.<\/p>\n<p>Adem\u00e1s, el \u00edndice PMI compuesto preliminar de noviembre para la zona euro se mantuvo s\u00f3lido, marcando 52,4 puntos, ligeramente por debajo de los 52,5 del mes anterior, pero a\u00fan as\u00ed indicando expansi\u00f3n econ\u00f3mica.<\/p>\n<p>En el sector corporativo, IAG mostr\u00f3 inter\u00e9s en la privatizaci\u00f3n de TAP, aunque mencion\u00f3 que <b>\u00abhabr\u00eda que abordar varias condiciones\u00bb<\/b> antes de realizar una inversi\u00f3n. Entre los valores destacados del Ibex 35, Amadeus lider\u00f3 con una subida del 2,9%, seguido de cerca por Cellnex, Puig, Aena y Telef\u00f3nica.<\/p>\n<p>En el panorama europeo, mientras Londres y Par\u00eds mostraron ligeras subidas, Fr\u00e1ncfort y Mil\u00e1n experimentaron descensos. El precio del barril de Brent cerr\u00f3 en 62,19 d\u00f3lares, con una baja del 1,92%, y el WTI finaliz\u00f3 en 57,69 d\u00f3lares, decreciendo un 2,22%.<\/p>\n<p>Finalmente, el rendimiento del bono espa\u00f1ol a diez a\u00f1os se situ\u00f3 en el 3,208%, y el euro se depreci\u00f3 un 0,19% frente al d\u00f3lar, cotizando a 1,1507 d\u00f3lares.<\/p>\n","protected":false},"excerpt":{"rendered":"Esta semana, el Ibex 35 ha registrado un descenso del 3,2%, finalizando el viernes en 15.821,9 puntos, lo&hellip;\n","protected":false},"author":2,"featured_media":248598,"comment_status":"","ping_status":"","sticky":false,"template":"","format":"standard","meta":{"footnotes":""},"categories":[80],"tags":[82,95,94,25,24,23],"class_list":{"0":"post-248597","1":"post","2":"type-post","3":"status-publish","4":"format-standard","5":"has-post-thumbnail","7":"category-economia","8":"tag-business","9":"tag-economia","10":"tag-economy","11":"tag-es","12":"tag-espana","13":"tag-spain"},"share_on_mastodon":{"url":"https:\/\/pubeurope.com\/@es\/115589319702216339","error":""},"_links":{"self":[{"href":"https:\/\/www.europesays.com\/es\/wp-json\/wp\/v2\/posts\/248597","targetHints":{"allow":["GET"]}}],"collection":[{"href":"https:\/\/www.europesays.com\/es\/wp-json\/wp\/v2\/posts"}],"about":[{"href":"https:\/\/www.europesays.com\/es\/wp-json\/wp\/v2\/types\/post"}],"author":[{"embeddable":true,"href":"https:\/\/www.europesays.com\/es\/wp-json\/wp\/v2\/users\/2"}],"replies":[{"embeddable":true,"href":"https:\/\/www.europesays.com\/es\/wp-json\/wp\/v2\/comments?post=248597"}],"version-history":[{"count":0,"href":"https:\/\/www.europesays.com\/es\/wp-json\/wp\/v2\/posts\/248597\/revisions"}],"wp:featuredmedia":[{"embeddable":true,"href":"https:\/\/www.europesays.com\/es\/wp-json\/wp\/v2\/media\/248598"}],"wp:attachment":[{"href":"https:\/\/www.europesays.com\/es\/wp-json\/wp\/v2\/media?parent=248597"}],"wp:term":[{"taxonomy":"category","embeddable":true,"href":"https:\/\/www.europesays.com\/es\/wp-json\/wp\/v2\/categories?post=248597"},{"taxonomy":"post_tag","embeddable":true,"href":"https:\/\/www.europesays.com\/es\/wp-json\/wp\/v2\/tags?post=248597"}],"curies":[{"name":"wp","href":"https:\/\/api.w.org\/{rel}","templated":true}]}}