{"id":248612,"date":"2025-11-21T19:35:10","date_gmt":"2025-11-21T19:35:10","guid":{"rendered":"https:\/\/www.europesays.com\/es\/248612\/"},"modified":"2025-11-21T19:35:10","modified_gmt":"2025-11-21T19:35:10","slug":"el-actor-podria-ser-el-protagonista-del-encendido-del-gran-arbol-de-navidad-de-murcia","status":"publish","type":"post","link":"https:\/\/www.europesays.com\/es\/248612\/","title":{"rendered":"el actor podr\u00eda ser el protagonista del encendido del Gran \u00c1rbol de Navidad de Murcia"},"content":{"rendered":"<p>Una noticia ha revolucionado las <a target=\"_blank\" data-generated=\"auto\" href=\"https:\/\/www.la7tv.es\/tags\/redes-sociales\" rel=\"nofollow noopener\">redes sociales<\/a> en la Regi\u00f3n de Murcia en la tarde de este viernes. Se rumorea que el<strong>\u00a0estadounidense Richard Gere ser\u00e1 el encargado de protagonizar el encendido del gran \u00e1rbol navide\u00f1o de la plaza\u00a0Circular, que tendr\u00e1 lugar el 28 de noviembre.\u00a0<\/strong><\/p>\n<p>\u00bfSer\u00e1 cierto? \u00bfEs un bulo? Ahora toca estar atentos a las \u00faltimas informaciones. Por ahora, lo que s\u00ed se sabe es que <strong>el encendido del Gran \u00c1rbol de <a target=\"_blank\" data-generated=\"auto\" href=\"https:\/\/www.la7tv.es\/tags\/navidad\" rel=\"nofollow noopener\">Navidad<\/a> de Murcia<\/strong>, que en estos \u00faltimos a\u00f1os se ha convertido en una tradici\u00f3n en la ciudad,\u00a0<strong>se podr\u00e1 seguir por <a target=\"_blank\" data-generated=\"auto\" href=\"https:\/\/www.la7tv.es\/tags\/la-7\" rel=\"nofollow noopener\">La 7<\/a>. <\/strong>Est\u00e9\u00a0Richard Gere o no,\u00a0la televisi\u00f3n auton\u00f3mica\u00a0llevar\u00e1, otro a\u00f1o m\u00e1s,\u00a0una de las im\u00e1genes m\u00e1s esperadas de esta \u00e9poca a todos los hogares de la Regi\u00f3n de Murcia.<\/p>\n<p>(NOTICIA EN AMPLIACI\u00d3N)<\/p>\n","protected":false},"excerpt":{"rendered":"Una noticia ha revolucionado las redes sociales en la Regi\u00f3n de Murcia en la tarde de este viernes.&hellip;\n","protected":false},"author":2,"featured_media":248613,"comment_status":"","ping_status":"","sticky":false,"template":"","format":"standard","meta":{"footnotes":""},"categories":[174],"tags":[255,146,147,25,24,256,63224,1478,2951,20279,23],"class_list":{"0":"post-248612","1":"post","2":"type-post","3":"status-publish","4":"format-standard","5":"has-post-thumbnail","7":"category-famosos","8":"tag-celebrities","9":"tag-entertainment","10":"tag-entretenimiento","11":"tag-es","12":"tag-espana","13":"tag-famosos","14":"tag-gran-arbol-de-navidad-de-murcia","15":"tag-murcia","16":"tag-navidad","17":"tag-richard-gere","18":"tag-spain"},"share_on_mastodon":{"url":"https:\/\/pubeurope.com\/@es\/115589370720702806","error":""},"_links":{"self":[{"href":"https:\/\/www.europesays.com\/es\/wp-json\/wp\/v2\/posts\/248612","targetHints":{"allow":["GET"]}}],"collection":[{"href":"https:\/\/www.europesays.com\/es\/wp-json\/wp\/v2\/posts"}],"about":[{"href":"https:\/\/www.europesays.com\/es\/wp-json\/wp\/v2\/types\/post"}],"author":[{"embeddable":true,"href":"https:\/\/www.europesays.com\/es\/wp-json\/wp\/v2\/users\/2"}],"replies":[{"embeddable":true,"href":"https:\/\/www.europesays.com\/es\/wp-json\/wp\/v2\/comments?post=248612"}],"version-history":[{"count":0,"href":"https:\/\/www.europesays.com\/es\/wp-json\/wp\/v2\/posts\/248612\/revisions"}],"wp:featuredmedia":[{"embeddable":true,"href":"https:\/\/www.europesays.com\/es\/wp-json\/wp\/v2\/media\/248613"}],"wp:attachment":[{"href":"https:\/\/www.europesays.com\/es\/wp-json\/wp\/v2\/media?parent=248612"}],"wp:term":[{"taxonomy":"category","embeddable":true,"href":"https:\/\/www.europesays.com\/es\/wp-json\/wp\/v2\/categories?post=248612"},{"taxonomy":"post_tag","embeddable":true,"href":"https:\/\/www.europesays.com\/es\/wp-json\/wp\/v2\/tags?post=248612"}],"curies":[{"name":"wp","href":"https:\/\/api.w.org\/{rel}","templated":true}]}}