{"id":248631,"date":"2025-11-21T19:47:11","date_gmt":"2025-11-21T19:47:11","guid":{"rendered":"https:\/\/www.europesays.com\/es\/248631\/"},"modified":"2025-11-21T19:47:11","modified_gmt":"2025-11-21T19:47:11","slug":"el-rey-promete-en-el-congreso-que-la-corona-siempre-estara-al-servicio-de-la-democracia","status":"publish","type":"post","link":"https:\/\/www.europesays.com\/es\/248631\/","title":{"rendered":"El Rey promete en el Congreso que la Corona siempre estar\u00e1 al servicio de la democracia"},"content":{"rendered":"<p style=\"\">La <strong>sala Constitucional del Congreso<\/strong>, con la imagen de los padres de la Constituci\u00f3n presidi\u00e9ndola, ha recibido este viernes a la Familia Real para festejar de la mano el quincuag\u00e9simo aniversario de la restauraci\u00f3n de la Monarqu\u00eda parlamentaria, columna vertebral de la Transici\u00f3n a  &#8230; la democracia, reconocida como tal en un coloquio en el que las presencias han sido tan notables como las ausencias. Entre las autoridades <strong>faltaba el presidente del Gobierno, Pedro S\u00e1nchez<\/strong>, y tambi\u00e9n representantes de Vox, que, por su negativa a compartir lugar con el Ejecutivo de PSOE y Sumar, vuelven a dejar plantada a la Corona. <a href=\"https:\/\/www.abc.es\/espana\/casa-real\/\" title=\"www.abc.es\" data-voc-vtm-id=\"in-text-traffic\" data-mrf-link=\"www.abc.es\" rel=\"nofollow noopener\" target=\"_blank\">Don Felipe<\/a>, en un discurso muy aplaudido, ha prometido que la instituci\u00f3n que encabeza estar\u00e1 siempre al servicio de la democracia. Eso es lo que ha hecho en estos cincuenta a\u00f1os.<\/p>\n<p class=\"voc-p\" style=\"\">El Rey, que ven\u00eda de entregar el <strong>Tois\u00f3n de Oro a su madre<\/strong>, la Reina Sof\u00eda, al expresidente del Gobierno Felipe Gonz\u00e1lez y a los dos \u00fanicos padres de la Carta Magna que a\u00fan viven, Miquel Roca y Miguel Herrero y Rodr\u00edguez de Mi\u00f1\u00f3n, ha llegado pasadas las doce y media del mediod\u00eda a la simb\u00f3lica sala Constitucional acompa\u00f1ado de la Reina Letizia, la Princesa Leonor y la Infanta Sof\u00eda. Sentados frente a la bancada que preside la estancia, donde los ponentes del coloquio han repasado las virtudes de la Corona y su decisivo papel en la Transici\u00f3n, muy en particular el de Don Juan Carlos, a la izquierda de Do\u00f1a Sof\u00eda tomaba asiento el presidente del Senado, Pedro Roll\u00e1n, y a la derecha de Do\u00f1a Leonor, la tercera autoridad del Estado, Francina Armengol.<\/p>\n<p class=\"voc-p\" style=\"\">En el lugar, cargado de solemnidad, figuraban los reci\u00e9n galardonados <a href=\"https:\/\/www.abc.es\/espana\/casa-real\/padres-constitucion-honran-valor-transicion-exigen-solo-20251121114503-nt.html\" title=\"www.abc.es\" data-voc-vtm-id=\"in-text-traffic\" data-mrf-link=\"www.abc.es\" rel=\"nofollow noopener\" target=\"_blank\">Gonz\u00e1lez, Roca y Herrero y Rodr\u00edguez de Mi\u00f1\u00f3n<\/a>, los tres determinantes para la llegada de la democracia tras cuarenta a\u00f1os de larga dictadura, y tambi\u00e9n autoridades como el presidente del Tribunal Constitucional, C\u00e1ndido Conde-Pumpido, la presidenta del Consejo General del Poder Judicial, Isabel Perell\u00f3, la vicepresidenta Mar\u00eda Jes\u00fas Montero, los ministros F\u00e9lix Bola\u00f1os y \u00c1ngel V\u00edctor Torres, el l\u00edder de la oposici\u00f3n, <strong>Alberto N\u00fa\u00f1ez Feij\u00f3o, el defensor del Pueblo, \u00c1ngel Gabilondo<\/strong>, la exvicepresidenta Carmen Calvo, la expresidenta de la Comunidad de Madrid Esperanza Aguirre, los portavoces de los dos principales grupos parlamentarios, Ester Mu\u00f1oz y Patxi L\u00f3pez, diputados, senadores y dem\u00e1s personalidades.<\/p>\n<p class=\"voc-p\" style=\"\">Armengol, como anfitriona, ha pronunciado unas palabras antes de dar paso al coloquio, en un discurso en el que apenas ha agradecido a la Casa Real su presencia y en el que <strong>ha mencionado una sola vez a la Monarqu\u00eda <\/strong>para incluirla dentro de todas las instituciones que, junto al pueblo espa\u00f1ol, consiguieron la llegada de la democracia. Tras ella, los periodistas I\u00f1aki Gabilondo y Fernando \u00d3nega han ejercido de maestros de ceremonia ante el debate acad\u00e9mico, que no pol\u00edtico, de la catedr\u00e1tica de \u00c9tica Adela Cortina, el de Historia Juan Pablo Fusi, el expresidente del Senado Juan Jos\u00e9 Laborda y la directora del Centro de Estudios Constitucionales y Pol\u00edticos, Rosario Garc\u00eda Mahamut. Sus palabras, de elogio mayoritariamente hacia la Monarqu\u00eda parlamentaria, eran escuchadas con atenci\u00f3n por la Familia Real.<\/p>\n<p class=\"voc-p\" style=\"\">La Heredera y su hermana intercambiaban miradas de complicidad y sonrisas cuando se las mencionaba y Don Felipe, interesado, expresaba con el rostro al mismo tiempo agradecimiento y compromiso. \u00d3nega preguntaba a los ponentes c\u00f3mo arbitra la Corona los conflictos pol\u00edticos y el Rey arqueaba la ceja con curiosidad. Dec\u00eda el periodista que estar\u00eda bien que de vez en cuando sus se\u00f1or\u00edas lleven a la pr\u00e1ctica el mensaje de Navidad del Jefe del Estado y este sonre\u00eda. Gabilondo, en una conclusi\u00f3n \u00abde Perogrullo\u00bb, ha advertido que la Monarqu\u00eda \u00absolo servir\u00e1 si sirve\u00bb.<\/p>\n<p class=\"voc-p\" style=\"\">Como si esperase ese mensaje, el Rey, en el atril y ante la atenta mirada de todos los asistentes, parec\u00eda recoger el guante en el final de su intervenci\u00f3n: <strong>\u00abLa Espa\u00f1a democr\u00e1tica, antes incluso que un pa\u00eds, un pueblo o un territorio, es una idea<\/strong>. Una idea hermosa que encarna lo mejor que somos; aquello a lo que aspiramos; la suma de nuestros sue\u00f1os, anhelos e ilusiones; una idea a la que merece la pena entregar todos y cada uno de los d\u00edas de la propia vida. Y la Corona, t\u00e9nganlo por seguro, estar\u00e1 siempre a su servicio, porque en ese servicio radica su propia raz\u00f3n de ser\u00bb.<\/p>\n<p>\n\u00abEspa\u00f1a reunida\u00bb\n<\/p>\n<p class=\"voc-p\" style=\"\">En su intervenci\u00f3n, en la que <strong>ha recogido definiciones que hacen los ni\u00f1os de lo que es ser un Rey<\/strong> para ellos, ha recordado que este s\u00e1bado se cumple medio siglo desde que Juan Carlos I fue proclamado Jefe del Estado solo dos d\u00edas despu\u00e9s de la muerte del dictador Francisco Franco. En el Congreso ha sido la \u00fanica alusi\u00f3n que ha hecho Don Felipe a su padre, a quien, en la entrega del Tois\u00f3n de Oro, ha reconocido \u00abun gesto pol\u00edtico revolucionario\u00bb para pasar de la dictadura a la actual democracia en la Transici\u00f3n. Y la Corona, ahora, pervive en \u00e9l, que jur\u00f3 lealtad a la Carta Magna al cumplir la mayor\u00eda de edad, y en su hija, Do\u00f1a Leonor, quien hizo lo propio en la misma C\u00e1mara Baja en la que este viernes escuchaba a su padre.<\/p>\n<p class=\"voc-p\" style=\"\">Terminado su discurso, ha sido el momento de la fotograf\u00eda institucional y de las conversaciones y saludos. Con el primero que ha hablado el Rey ha sido con el expresidente Gonz\u00e1lez. Y tras la fotograf\u00eda se ha acercado a ellos Feij\u00f3o, quien durante el acto hab\u00eda estado sentado entre Bola\u00f1os, con quien ni ha intercambiado palabra, y Gabilondo, con quien s\u00ed ha fluido m\u00e1s el di\u00e1logo.<strong> Sin el presidente del Gobierno, sin Vox y sin los partidos nacionalistas<\/strong>, la democracia ha celebrado este viernes la Monarqu\u00eda y viceversa. Don Felipe ha apelado a la \u00abEspa\u00f1a reunida\u00bb, de \u00abla pluralidad, el contraste de ideas y el debate\u00bb, aunque hoy no estuviese toda ella en la sala Constitucional. Con todos esos condimentos, ha dicho el Rey, \u00abse ha construido el gran edificio de la democracia espa\u00f1ola\u00bb.<\/p>\n","protected":false},"excerpt":{"rendered":"La sala Constitucional del Congreso, con la imagen de los padres de la Constituci\u00f3n presidi\u00e9ndola, ha recibido este&hellip;\n","protected":false},"author":2,"featured_media":248632,"comment_status":"","ping_status":"","sticky":false,"template":"","format":"standard","meta":{"footnotes":""},"categories":[8],"tags":[17,18,11866,4182,4875,25,24,13,14,11,19,20,9,10,15,16,10206,5330,595,369,23,12,21,22],"class_list":{"0":"post-248631","1":"post","2":"type-post","3":"status-publish","4":"format-standard","5":"has-post-thumbnail","7":"category-espana","8":"tag-breaking-news","9":"tag-breakingnews","10":"tag-congreso","11":"tag-corona","12":"tag-democracia","13":"tag-es","14":"tag-espana","15":"tag-featured-news","16":"tag-featurednews","17":"tag-headlines","18":"tag-latest-news","19":"tag-latestnews","20":"tag-news","21":"tag-noticias","22":"tag-noticias-destacadas","23":"tag-noticiasdestacadas","24":"tag-promete","25":"tag-rey","26":"tag-servicio","27":"tag-siempre","28":"tag-spain","29":"tag-titulares","30":"tag-ultimas-noticias","31":"tag-ultimasnoticias"},"share_on_mastodon":{"url":"https:\/\/pubeurope.com\/@es\/115589417820187741","error":""},"_links":{"self":[{"href":"https:\/\/www.europesays.com\/es\/wp-json\/wp\/v2\/posts\/248631","targetHints":{"allow":["GET"]}}],"collection":[{"href":"https:\/\/www.europesays.com\/es\/wp-json\/wp\/v2\/posts"}],"about":[{"href":"https:\/\/www.europesays.com\/es\/wp-json\/wp\/v2\/types\/post"}],"author":[{"embeddable":true,"href":"https:\/\/www.europesays.com\/es\/wp-json\/wp\/v2\/users\/2"}],"replies":[{"embeddable":true,"href":"https:\/\/www.europesays.com\/es\/wp-json\/wp\/v2\/comments?post=248631"}],"version-history":[{"count":0,"href":"https:\/\/www.europesays.com\/es\/wp-json\/wp\/v2\/posts\/248631\/revisions"}],"wp:featuredmedia":[{"embeddable":true,"href":"https:\/\/www.europesays.com\/es\/wp-json\/wp\/v2\/media\/248632"}],"wp:attachment":[{"href":"https:\/\/www.europesays.com\/es\/wp-json\/wp\/v2\/media?parent=248631"}],"wp:term":[{"taxonomy":"category","embeddable":true,"href":"https:\/\/www.europesays.com\/es\/wp-json\/wp\/v2\/categories?post=248631"},{"taxonomy":"post_tag","embeddable":true,"href":"https:\/\/www.europesays.com\/es\/wp-json\/wp\/v2\/tags?post=248631"}],"curies":[{"name":"wp","href":"https:\/\/api.w.org\/{rel}","templated":true}]}}