{"id":248633,"date":"2025-11-21T19:48:11","date_gmt":"2025-11-21T19:48:11","guid":{"rendered":"https:\/\/www.europesays.com\/es\/248633\/"},"modified":"2025-11-21T19:48:11","modified_gmt":"2025-11-21T19:48:11","slug":"dos-mineros-muertos-tras-un-derrumbe-en-cangas-del-narcea-asturias-sociedad","status":"publish","type":"post","link":"https:\/\/www.europesays.com\/es\/248633\/","title":{"rendered":"Dos mineros muertos tras un derrumbe en Cangas del Narcea (Asturias) | Sociedad"},"content":{"rendered":"<p class=\"loc\">Madrid<\/p>\n<p>Los equipos de rescate han hallado el cad\u00e1ver de dos personas que estaban desaparecidas tras un accidente registrado en una explotaci\u00f3n minera ubicada en la localidad de Vega de Rengos, en el concejo asturiano de Cangas del Narcea, a causa de un desprendimiento de carb\u00f3n, seg\u00fan ha podido saber la Cadena SER. No se busca a ninguna persona m\u00e1s. <\/p>\n<p>Las fuentes apuntan que el accidente se ha producido en el nivel -2 o -3 de una explotaci\u00f3n minera subterr\u00e1nea. Al lugar del accidente, situado a m\u00e1s de 100 kil\u00f3metros de Oviedo, en el suroccidente asturiano, se han desplazando los servicios de emergencia, incluida la Brigada de Salvamento Minero de Hunosa en el helic\u00f3ptero del 112 Asturias, han confirmado fuentes de la hullera p\u00fablica.<\/p>\n<p>Tambi\u00e9n se han movilizado dos inspectores del servicio de minas del Principado de Asturias, as\u00ed como el director general de Energ\u00eda y Miner\u00eda del Gobierno auton\u00f3mico, Javier Cueli, han a\u00f1adido desde el Ejecutivo asturiano. Aunque a\u00fan se dispone de poca informaci\u00f3n de lo ocurrido, al parecer el accidente se habr\u00eda producido por un desprendimiento de material de la explotaci\u00f3n minera.<\/p>\n<p>Este accidente minero, del que a\u00fan no se conocen sus consecuencias, se produce despu\u00e9s de que el pasado 31 de marzo perdieran la vida cinco mineros por una explosi\u00f3n de gas gris\u00fa en una mina de Cerredo, en el concejo de Dega\u00f1a, tambi\u00e9n en el suroccidente asturiano. <\/p>\n<p>El presidente asturiano, Adri\u00e1n Barb\u00f3n, ha asegurado que las brigadas de rescate est\u00e1n de camino a la zona y que ha suspendido un acto que ten\u00eda este viernes en Salamanca para acudir al lugar de los hechos para estar al tanto de la situaci\u00f3n. <\/p>\n<blockquote class=\"twitter-tweet\">\n<p lang=\"es\" dir=\"ltr\">El Servicio de Emergencias del Principado, as\u00ed como la Brigada de Salvamento Minero, se est\u00e1n desplazando ya al lugar del accidente minero en Cangas del Narcea. <\/p>\n<p>Tambi\u00e9n se dirige all\u00ed el Consejero de Ciencia, Industria y Empleo as\u00ed los Directores Generales de Miner\u00eda y\u2026<\/p>\n<p>\u2014 \ud83c\udf39 Adri\u00e1n Barb\u00f3n \ud83d\udc99\ud83d\udc9b (@AdrianBarbon) <a href=\"https:\/\/twitter.com\/AdrianBarbon\/status\/1991925256693714992?ref_src=twsrc%5Etfw\" rel=\"nofollow noopener\" target=\"_blank\">November 21, 2025<\/a><\/p><\/blockquote>\n<p><script async src=\"https:\/\/platform.twitter.com\/widgets.js\" charset=\"utf-8\"><\/script><\/p>\n","protected":false},"excerpt":{"rendered":"Madrid Los equipos de rescate han hallado el cad\u00e1ver de dos personas que estaban desaparecidas tras un accidente&hellip;\n","protected":false},"author":2,"featured_media":248634,"comment_status":"","ping_status":"","sticky":false,"template":"","format":"standard","meta":{"footnotes":""},"categories":[5],"tags":[17,18,25,24,13,14,11,19,20,9,10,15,16,23,12,21,22],"class_list":{"0":"post-248633","1":"post","2":"type-post","3":"status-publish","4":"format-standard","5":"has-post-thumbnail","7":"category-titulares","8":"tag-breaking-news","9":"tag-breakingnews","10":"tag-es","11":"tag-espana","12":"tag-featured-news","13":"tag-featurednews","14":"tag-headlines","15":"tag-latest-news","16":"tag-latestnews","17":"tag-news","18":"tag-noticias","19":"tag-noticias-destacadas","20":"tag-noticiasdestacadas","21":"tag-spain","22":"tag-titulares","23":"tag-ultimas-noticias","24":"tag-ultimasnoticias"},"share_on_mastodon":{"url":"https:\/\/pubeurope.com\/@es\/115589421671633186","error":""},"_links":{"self":[{"href":"https:\/\/www.europesays.com\/es\/wp-json\/wp\/v2\/posts\/248633","targetHints":{"allow":["GET"]}}],"collection":[{"href":"https:\/\/www.europesays.com\/es\/wp-json\/wp\/v2\/posts"}],"about":[{"href":"https:\/\/www.europesays.com\/es\/wp-json\/wp\/v2\/types\/post"}],"author":[{"embeddable":true,"href":"https:\/\/www.europesays.com\/es\/wp-json\/wp\/v2\/users\/2"}],"replies":[{"embeddable":true,"href":"https:\/\/www.europesays.com\/es\/wp-json\/wp\/v2\/comments?post=248633"}],"version-history":[{"count":0,"href":"https:\/\/www.europesays.com\/es\/wp-json\/wp\/v2\/posts\/248633\/revisions"}],"wp:featuredmedia":[{"embeddable":true,"href":"https:\/\/www.europesays.com\/es\/wp-json\/wp\/v2\/media\/248634"}],"wp:attachment":[{"href":"https:\/\/www.europesays.com\/es\/wp-json\/wp\/v2\/media?parent=248633"}],"wp:term":[{"taxonomy":"category","embeddable":true,"href":"https:\/\/www.europesays.com\/es\/wp-json\/wp\/v2\/categories?post=248633"},{"taxonomy":"post_tag","embeddable":true,"href":"https:\/\/www.europesays.com\/es\/wp-json\/wp\/v2\/tags?post=248633"}],"curies":[{"name":"wp","href":"https:\/\/api.w.org\/{rel}","templated":true}]}}