{"id":248635,"date":"2025-11-21T19:54:12","date_gmt":"2025-11-21T19:54:12","guid":{"rendered":"https:\/\/www.europesays.com\/es\/248635\/"},"modified":"2025-11-21T19:54:12","modified_gmt":"2025-11-21T19:54:12","slug":"la-uci-abre-la-puerta-a-un-nuevo-estandar-en-2026","status":"publish","type":"post","link":"https:\/\/www.europesays.com\/es\/248635\/","title":{"rendered":"la UCI abre la puerta a un nuevo est\u00e1ndar en 2026"},"content":{"rendered":"<p>La Uni\u00f3n Ciclista Internacional ha confirmado que no impondr\u00e1 l\u00edmites al di\u00e1metro de las ruedas en las competiciones de Mountain Bike a partir de 2026. Esta decisi\u00f3n habilita el uso de ruedas de 32 pulgadas en las pruebas de Cross Country y tambi\u00e9n en Descenso, un movimiento que reabre el debate sobre el impacto real de esta medida en el rendimiento y en la igualdad competitiva dentro del pelot\u00f3n.<\/p>\n<p><img decoding=\"async\" loading=\"lazy\" width=\"1200\" height=\"800\" style=\"aspect-ratio: 1200\/800;\" alt=\"BMC Fourstroke con ruedas de 32 pulgadas. Imagen: Maxime Schmid\" src=\"https:\/\/www.europesays.com\/es\/wp-content\/uploads\/2025\/11\/ruedas-32-pulgadas-competicion.jpg\"\/>BMC Fourstroke con ruedas de 32 pulgadas. Imagen: Maxime SchmidUn cambio regulatorio que anticipa una nueva oleada de prototipos<\/p>\n<p>El anuncio oficial llega despu\u00e9s de meses de rumores y de discretos movimientos por parte de varias marcas. La propia UCI, a trav\u00e9s de su departamento de Comunicaci\u00f3n, explica que el Mountain Bike sigue siendo un espacio de experimentaci\u00f3n tecnol\u00f3gica en el que las normas sobre el material se mantienen al m\u00ednimo. Ese enfoque ha permitido que los fabricantes contin\u00faen trabajando en cuadros y componentes adaptados a las 32 pulgadas, un desarrollo que ya hab\u00eda asomado en la Copa del Mundo de Andorra con el prototipo de BMC Fourstroke que Titouan Carod solo pudo probar en los entrenamientos.<\/p>\n<p>Las marcas llevan tiempo buscando aire fresco en un mercado en el que la innovaci\u00f3n transmite sensaci\u00f3n de estancamiento. Para los responsables de producto, la validaci\u00f3n de las 32 pulgadas abre la puerta a nuevas gamas y a una raz\u00f3n de peso para reactivar un sector que necesita est\u00edmulos tras varios a\u00f1os irregulares en ventas. El inter\u00e9s del p\u00fablico tambi\u00e9n parece estar ah\u00ed: muchos ciclistas que siguen la actualidad del Mountain Bike han mostrado curiosidad por el nuevo tama\u00f1o, aunque en su mayor\u00eda sin la intenci\u00f3n real de comprar.<\/p>\n<p>La inc\u00f3gnita m\u00e1s dif\u00edcil de despejar tiene que ver con los propios deportistas que compiten. No est\u00e1 claro que el pelot\u00f3n reciba la medida con entusiasmo generalizado. El debate gira alrededor de la estatura: las personas que superan los 1,85 metros podr\u00edan aprovechar mejor las ventajas de una rueda de mayor di\u00e1metro, mientras que los ciclistas de talla baja podr\u00edan quedar condicionados por cuestiones de manejo, geometr\u00eda y disponibilidad de tallas reales para competici\u00f3n.<\/p>\n<p>El argumento t\u00e9cnico est\u00e1 bastante definido. Las ruedas de 32 pulgadas aumentan el volumen del neum\u00e1tico, permiten rodar con presiones m\u00e1s reducidas y disminuyen la resistencia a la rodadura en terrenos rotos. El precio a pagar es un peso superior y una aceleraci\u00f3n m\u00e1s exigente, factores que podr\u00edan marcar diferencias importantes en trazados con continuos cambios de ritmo.<\/p>\n<p>Queda la duda de hasta qu\u00e9 punto las marcas podr\u00e1n dise\u00f1ar bicicletas de Cross Country en tallas S o XS que mantengan un comportamiento competitivo real con este di\u00e1metro. El precedente de la llegada de las 29 pulgadas recuerda que varias temporadas tuvieron que pasar antes de ver modelos de gama completa en todas las tallas, y a d\u00eda de hoy muchas marcas mantienen las 27.5 pulgadas para los cuadros m\u00e1s peque\u00f1os.<\/p>\n<p>La reflexi\u00f3n sobre la equidad deportiva sigue abierta. La altura ha influido en todos los deportes desde siempre, pero cuando una ventaja natural se amplifica mediante el material, el debate deja de ser sencillo. Actualmente conviven en lo m\u00e1s alto del Cross Country internacional ciclistas de estaturas muy diferentes, capaces de ganar con ruedas de 29 pulgadas sin se\u00f1ales evidentes de desequilibrio. La cuesti\u00f3n ahora es si un nuevo est\u00e1ndar podr\u00eda inclinar la balanza hacia los deportistas m\u00e1s altos.<\/p>\n<p>Algunos t\u00e9cnicos plantean incluso el escenario contrario: \u00bflimita el actual uso exclusivo de las 29 pulgadas el potencial de los ciclistas muy altos? Resulta dif\u00edcil sostenerlo cuando deportistas de casi dos metros pueden pelear por la victoria con solvencia, como demuestran los resultados recientes en la Copa del Mundo.<\/p>\n<p>A unos meses para la implementaci\u00f3n de la medida, el panorama es claro: 2026 ser\u00e1 un banco de pruebas decisivo para evaluar si las 32 pulgadas representan una evoluci\u00f3n real del rendimiento o un cap\u00edtulo m\u00e1s en la interminable b\u00fasqueda de la novedad dentro del Mountain Bike moderno.<\/p>\n","protected":false},"excerpt":{"rendered":"La Uni\u00f3n Ciclista Internacional ha confirmado que no impondr\u00e1 l\u00edmites al di\u00e1metro de las ruedas en las competiciones&hellip;\n","protected":false},"author":2,"featured_media":248636,"comment_status":"","ping_status":"","sticky":false,"template":"","format":"standard","meta":{"footnotes":""},"categories":[273],"tags":[313,312,168,25,24,23,167],"class_list":{"0":"post-248635","1":"post","2":"type-post","3":"status-publish","4":"format-standard","5":"has-post-thumbnail","7":"category-ciclismo","8":"tag-ciclismo","9":"tag-cycling","10":"tag-deportes","11":"tag-es","12":"tag-espana","13":"tag-spain","14":"tag-sports"},"share_on_mastodon":{"url":"https:\/\/pubeurope.com\/@es\/115589445527401845","error":""},"_links":{"self":[{"href":"https:\/\/www.europesays.com\/es\/wp-json\/wp\/v2\/posts\/248635","targetHints":{"allow":["GET"]}}],"collection":[{"href":"https:\/\/www.europesays.com\/es\/wp-json\/wp\/v2\/posts"}],"about":[{"href":"https:\/\/www.europesays.com\/es\/wp-json\/wp\/v2\/types\/post"}],"author":[{"embeddable":true,"href":"https:\/\/www.europesays.com\/es\/wp-json\/wp\/v2\/users\/2"}],"replies":[{"embeddable":true,"href":"https:\/\/www.europesays.com\/es\/wp-json\/wp\/v2\/comments?post=248635"}],"version-history":[{"count":0,"href":"https:\/\/www.europesays.com\/es\/wp-json\/wp\/v2\/posts\/248635\/revisions"}],"wp:featuredmedia":[{"embeddable":true,"href":"https:\/\/www.europesays.com\/es\/wp-json\/wp\/v2\/media\/248636"}],"wp:attachment":[{"href":"https:\/\/www.europesays.com\/es\/wp-json\/wp\/v2\/media?parent=248635"}],"wp:term":[{"taxonomy":"category","embeddable":true,"href":"https:\/\/www.europesays.com\/es\/wp-json\/wp\/v2\/categories?post=248635"},{"taxonomy":"post_tag","embeddable":true,"href":"https:\/\/www.europesays.com\/es\/wp-json\/wp\/v2\/tags?post=248635"}],"curies":[{"name":"wp","href":"https:\/\/api.w.org\/{rel}","templated":true}]}}