{"id":248645,"date":"2025-11-21T20:01:17","date_gmt":"2025-11-21T20:01:17","guid":{"rendered":"https:\/\/www.europesays.com\/es\/248645\/"},"modified":"2025-11-21T20:01:17","modified_gmt":"2025-11-21T20:01:17","slug":"alvise-demanda-a-javier-ruiz-y-le-pide-65-000-euros-por-un-comentario-en-mananeros","status":"publish","type":"post","link":"https:\/\/www.europesays.com\/es\/248645\/","title":{"rendered":"Alvise demanda a Javier Ruiz y le pide 65.000 euros por un comentario en &#8216;Ma\u00f1aneros&#8217;"},"content":{"rendered":"<p>El l\u00edder de Se Acab\u00f3 La Fiesta (SALF),<a href=\"https:\/\/theobjective.com\/espana\/politica\/2025-11-04\/alvise-perez-ideologias-enganar-tontos-entrevista\/\" rel=\"nofollow noopener\" target=\"_blank\"> Luis \u2018Alvise\u2019 P\u00e9rez<\/a>, ha presentado este viernes una demanda contra el presentador de \u2018Ma\u00f1aneros\u2019 en TVE, <a href=\"https:\/\/theobjective.com\/etiqueta\/javier-ruiz\/\" rel=\"nofollow noopener\" target=\"_blank\">Javier Ruiz<\/a>, por <strong>intromisi\u00f3n ileg\u00edtima en el honor<\/strong> por un comentario en su programa en junio de 2024 y le pide una indemnizaci\u00f3n de 65.000 euros en concepto de indemnizaci\u00f3n por los da\u00f1os morales causados, seg\u00fan el escrito presentado ante el Juzgado de Primera Instancia de Collado Villalba (Madrid) al que ha tenido acceso <a href=\"https:\/\/theobjective.com\/\" rel=\"nofollow noopener\" target=\"_blank\">THE OBJECTIVE<\/a>.<\/p>\n<p>Este viernes se hab\u00eda fijado <strong>un acto de conciliaci\u00f3n<\/strong> para evitar el juicio entre Alvise y Ruiz, pero este \u00faltimo no se ha presentado en el citado juzgado, aseguran fuentes de SALF a este diario. Alvise recuerda en su demanda que el d\u00eda 13 de junio de 2024, durante la emisi\u00f3n en directo del programa televisivo \u2018Ma\u00f1aneros 360\u2019 en La 1 de TVE, \u00abun <strong>interviniente<\/strong> -plenamente identificable, de relevancia p\u00fablica y posteriormente reconocido por \u00e9l mismo- realiz\u00f3 en antena manifestaciones atribuyendo al actor (Alvise) <strong>la comisi\u00f3n de hechos de car\u00e1cter delictivo, present\u00e1ndolos como aut\u00e9nticos y comprobados<\/strong>\u00bb.<\/p>\n<p>Tras ello, Ruiz manifest\u00f3 lo siguiente, seg\u00fan se indica en la demanda: \u00ab<strong>Alvise pidi\u00f3 en redes violar en masa a la hija de Pedro S\u00e1nchez mientras sonaba el himno nacional<\/strong>\u00bb. En opini\u00f3n del l\u00edder de SALF, \u00abestas manifestaciones difundidas <strong>vulneraron e infringieron<\/strong> el derecho fundamental al honor\u00bb del eurodiputado.<\/p>\n<p>\u00abLas manifestaciones fueron difundidas <strong>en horario de m\u00e1xima audiencia<\/strong>, a trav\u00e9s de un medio de comunicaci\u00f3n de titularidad p\u00fablica y con alcance estatal, <strong>lo que garantiz\u00f3 una recepci\u00f3n masiva e inmediata del contenido lesivo<\/strong>. La repercusi\u00f3n social se produjo de forma instant\u00e1nea y gener\u00f3 un da\u00f1o reputacional <strong>grave, directo e irreversible<\/strong> en la esfera personal, profesional y p\u00fablica del actor. La difusi\u00f3n televisiva <strong>no solo agot\u00f3 por s\u00ed misma la afectaci\u00f3n del honor<\/strong>, sino que adem\u00e1s desencaden\u00f3 un segundo nivel de perjuicio: numerosos usuarios <strong>capturaron y descargaron el fragmento<\/strong> en el que el demandado pronunciaba dichas palabras y lo redistribuyeron posteriormente en sus propias redes sociales, multiplicando el alcance del mensaje original\u00bb, se indica en la denuncia.<\/p>\n<p>Alvise se queja de que, a d\u00eda de hoy, \u00absiguen circulando v\u00eddeos que reproducen exactamente las manifestaciones objeto de este procedimiento,<strong> lo que amplifica y prolonga el efecto lesivo<\/strong> y mantiene al actor expuesto a un descr\u00e9dito continuado pese al tiempo transcurrido desde la emisi\u00f3n inicial\u00bb.<\/p>\n<p>D\u00edas despu\u00e9s de la emisi\u00f3n, Ruiz procedi\u00f3 a rectificar en ese mismo programa lo manifestado, reconociendo la improcedencia del contenido emitido. \u00abNo obstante, <strong>la rectificaci\u00f3n result\u00f3 insuficiente e incapaz de eliminar o mitigar el da\u00f1o<\/strong>, por cuanto la lesi\u00f3n se consum\u00f3 en el instante de la difusi\u00f3n original y ante una audiencia masiva. En otras palabras, la rectificaci\u00f3n voluntaria no puede, en ning\u00fan caso, <strong>hacer desaparecer un da\u00f1o ya producido<\/strong>\u00bb, se\u00f1ala el eurodiputado.<\/p>\n<p>El l\u00edder de SALF prosigue que \u00abjam\u00e1s ha estado relacionado con los hechos delictivos que se le atribuyeron p\u00fablicamente\u00bb y que <strong>no existe investigaci\u00f3n, causa penal, procedimiento judicial ni referencia p\u00fablica alguna<\/strong> \u00abque avale la imputaci\u00f3n transmitida en televisi\u00f3n, siendo por tanto la atribuci\u00f3n falsa de ra\u00edz\u00bb. <\/p>\n<p>\u00abEn consecuencia, solamente se puede entender que <strong>fue una imputaci\u00f3n delictiva totalmente gratuita y con mala fe<\/strong>, en tanto que no existe procedimiento alguno (\u2026) en el que se investiguen hechos que <strong>guarden aunque sea un m\u00ednimo de relaci\u00f3n<\/strong> con las manifestaciones proferidas por el demandado\u00bb, concluye Alvise, quien adem\u00e1s de los 65.000 euros de indemnizaci\u00f3n solicita que la sentencia condenatoria se publique en las redes sociales del presentador y en RTVE, bien \u00ab<strong>en el mismo programa o con visibilidad equivalente<\/strong>\u00bb.<\/p>\n","protected":false},"excerpt":{"rendered":"El l\u00edder de Se Acab\u00f3 La Fiesta (SALF), Luis \u2018Alvise\u2019 P\u00e9rez, ha presentado este viernes una demanda contra&hellip;\n","protected":false},"author":2,"featured_media":248646,"comment_status":"","ping_status":"","sticky":false,"template":"","format":"standard","meta":{"footnotes":""},"categories":[171],"tags":[63227,146,147,25,24,14695,518,63228,23,214],"class_list":{"0":"post-248645","1":"post","2":"type-post","3":"status-publish","4":"format-standard","5":"has-post-thumbnail","7":"category-tv","8":"tag-alvise-pu00e9rez","9":"tag-entertainment","10":"tag-entretenimiento","11":"tag-es","12":"tag-espana","13":"tag-javier-ruiz","14":"tag-rtve","15":"tag-se-acabu00f3-la-fiesta-salf","16":"tag-spain","17":"tag-tv"},"share_on_mastodon":{"url":"","error":""},"_links":{"self":[{"href":"https:\/\/www.europesays.com\/es\/wp-json\/wp\/v2\/posts\/248645","targetHints":{"allow":["GET"]}}],"collection":[{"href":"https:\/\/www.europesays.com\/es\/wp-json\/wp\/v2\/posts"}],"about":[{"href":"https:\/\/www.europesays.com\/es\/wp-json\/wp\/v2\/types\/post"}],"author":[{"embeddable":true,"href":"https:\/\/www.europesays.com\/es\/wp-json\/wp\/v2\/users\/2"}],"replies":[{"embeddable":true,"href":"https:\/\/www.europesays.com\/es\/wp-json\/wp\/v2\/comments?post=248645"}],"version-history":[{"count":0,"href":"https:\/\/www.europesays.com\/es\/wp-json\/wp\/v2\/posts\/248645\/revisions"}],"wp:featuredmedia":[{"embeddable":true,"href":"https:\/\/www.europesays.com\/es\/wp-json\/wp\/v2\/media\/248646"}],"wp:attachment":[{"href":"https:\/\/www.europesays.com\/es\/wp-json\/wp\/v2\/media?parent=248645"}],"wp:term":[{"taxonomy":"category","embeddable":true,"href":"https:\/\/www.europesays.com\/es\/wp-json\/wp\/v2\/categories?post=248645"},{"taxonomy":"post_tag","embeddable":true,"href":"https:\/\/www.europesays.com\/es\/wp-json\/wp\/v2\/tags?post=248645"}],"curies":[{"name":"wp","href":"https:\/\/api.w.org\/{rel}","templated":true}]}}