{"id":248647,"date":"2025-11-21T20:02:24","date_gmt":"2025-11-21T20:02:24","guid":{"rendered":"https:\/\/www.europesays.com\/es\/248647\/"},"modified":"2025-11-21T20:02:24","modified_gmt":"2025-11-21T20:02:24","slug":"charlie-puth-evoca-a-hughes-gondry-gabriel-en-changes","status":"publish","type":"post","link":"https:\/\/www.europesays.com\/es\/248647\/","title":{"rendered":"Charlie Puth evoca a Hughes, Gondry, Gabriel&#8230; en &#8216;Changes&#8217;"},"content":{"rendered":"<p>La primera secuencia de \u2018<a href=\"https:\/\/jenesaispop.com\/2025\/10\/16\/509444\/charlie-puth-changes\/\" rel=\"nofollow noopener\" target=\"_blank\">Changes<\/a>\u2019 es una invitaci\u00f3n a soltar el m\u00f3vil como si diera calambre: no, por favor, m\u00e1s walkmans no. Ni cintas de v\u00eddeo ni ni\u00f1os en bici ni diademas de aerobic. Ya est\u00e1 bien con los 80; que no estamos en 2010. <\/p>\n<p>Luego, cuando uno se recupera del golpe de clich\u00e9 y escucha la canci\u00f3n, se relaja un poco: hay que reconocer que la est\u00e9tica del v\u00eddeo es coherente con el estilo musical de \u2018Changes\u2019, un poco a lo <a href=\"https:\/\/jenesaispop.com\/2023\/12\/14\/467363\/peter-gabriel-i-o\/\" rel=\"nofollow noopener\" target=\"_blank\">Peter Gabriel<\/a> o <a href=\"https:\/\/jenesaispop.com\/2017\/09\/30\/309610\/lorde-considera-buen-momento-reivindicar-phil-collins-razon\/\" rel=\"nofollow noopener\" target=\"_blank\">Phil Collins<\/a> (aunque siga dando pereza). <\/p>\n<p>Siguiendo con Gabriel, la realizadora Charlotte Rutherford parece haberse inspirado en \u2018Sledgehammer\u2019, una de las joyas de la historia del videoclip <a href=\"https:\/\/jenesaispop.com\/2025\/10\/11\/508512\/joyas-animacion-plataformas\/\" rel=\"nofollow noopener\" target=\"_blank\">animado<\/a>. Sobre todo en lo referente a la utilizaci\u00f3n de la t\u00e9cnica stop-motion combinada con la imagen real. En cuanto al tono, recuerda m\u00e1s al <a href=\"https:\/\/jenesaispop.com\/2014\/04\/20\/185738\/is-the-man-who-is-tall-happy-chomsky-para-principiantes\/\" rel=\"nofollow noopener\" target=\"_blank\">Michel Gondry<\/a> m\u00e1s juguet\u00f3n y naif. <\/p>\n<p><a href=\"https:\/\/jenesaispop.com\/2022\/10\/14\/443063\/charlie-puth-charlie\/\" rel=\"nofollow noopener\" target=\"_blank\">Charlie Puth<\/a>, vestido como reci\u00e9n salido de una pel\u00edcula de <a href=\"https:\/\/jenesaispop.com\/2009\/08\/07\/20718\/muere-john-hughes\/\" rel=\"nofollow noopener\" target=\"_blank\">John Hughes<\/a> o de la serie \u2018Los problemas crecen\u2019, protagoniza una alegre fantas\u00eda nost\u00e1lgico-musical, cuyo referente m\u00e1s reconocible es la comedia \u2018Big\u2019 (1988) y su m\u00edtica secuencia del \u201cwalking piano\u201d. \u2018Changes\u2019 se puede ver como la representaci\u00f3n de los pensamientos y sensaciones que evoca la escucha de la canci\u00f3n: instrumentos y partituras volando por un cielo azul en sinton\u00eda con la ligereza de la melod\u00eda pop que est\u00e1 sonando.<\/p>\n<p>El v\u00eddeo incluye un gui\u00f1o final para fans (o para familiares y amigos despistados): la aparici\u00f3n de Brooke Sansone, esposa del cantante, anunciando que est\u00e1 en estado de buena esperanza. El beb\u00e9 llega en marzo.<\/p>\n","protected":false},"excerpt":{"rendered":"La primera secuencia de \u2018Changes\u2019 es una invitaci\u00f3n a soltar el m\u00f3vil como si diera calambre: no, por&hellip;\n","protected":false},"author":2,"featured_media":248648,"comment_status":"","ping_status":"","sticky":false,"template":"","format":"standard","meta":{"footnotes":""},"categories":[170],"tags":[51556,146,147,25,24,184,185,23],"class_list":{"0":"post-248647","1":"post","2":"type-post","3":"status-publish","4":"format-standard","5":"has-post-thumbnail","7":"category-musica","8":"tag-charlie-puth","9":"tag-entertainment","10":"tag-entretenimiento","11":"tag-es","12":"tag-espana","13":"tag-music","14":"tag-musica","15":"tag-spain"},"share_on_mastodon":{"url":"https:\/\/pubeurope.com\/@es\/115589476914774366","error":""},"_links":{"self":[{"href":"https:\/\/www.europesays.com\/es\/wp-json\/wp\/v2\/posts\/248647","targetHints":{"allow":["GET"]}}],"collection":[{"href":"https:\/\/www.europesays.com\/es\/wp-json\/wp\/v2\/posts"}],"about":[{"href":"https:\/\/www.europesays.com\/es\/wp-json\/wp\/v2\/types\/post"}],"author":[{"embeddable":true,"href":"https:\/\/www.europesays.com\/es\/wp-json\/wp\/v2\/users\/2"}],"replies":[{"embeddable":true,"href":"https:\/\/www.europesays.com\/es\/wp-json\/wp\/v2\/comments?post=248647"}],"version-history":[{"count":0,"href":"https:\/\/www.europesays.com\/es\/wp-json\/wp\/v2\/posts\/248647\/revisions"}],"wp:featuredmedia":[{"embeddable":true,"href":"https:\/\/www.europesays.com\/es\/wp-json\/wp\/v2\/media\/248648"}],"wp:attachment":[{"href":"https:\/\/www.europesays.com\/es\/wp-json\/wp\/v2\/media?parent=248647"}],"wp:term":[{"taxonomy":"category","embeddable":true,"href":"https:\/\/www.europesays.com\/es\/wp-json\/wp\/v2\/categories?post=248647"},{"taxonomy":"post_tag","embeddable":true,"href":"https:\/\/www.europesays.com\/es\/wp-json\/wp\/v2\/tags?post=248647"}],"curies":[{"name":"wp","href":"https:\/\/api.w.org\/{rel}","templated":true}]}}