{"id":248659,"date":"2025-11-21T20:10:08","date_gmt":"2025-11-21T20:10:08","guid":{"rendered":"https:\/\/www.europesays.com\/es\/248659\/"},"modified":"2025-11-21T20:10:08","modified_gmt":"2025-11-21T20:10:08","slug":"la-llamada-clave-que-autorizo-el-envio-de-la-alerta-a-moviles-en-la-dana","status":"publish","type":"post","link":"https:\/\/www.europesays.com\/es\/248659\/","title":{"rendered":"La llamada clave que autoriz\u00f3 el env\u00edo de la alerta a m\u00f3viles en la dana"},"content":{"rendered":"<p>\u00abAdelante, lo apruebas\u00bb. Con estas palabras, el <strong>subdirector de Emergencias de la Generalitat Valenciana, Jorge Su\u00e1rez<\/strong>, autoriz\u00f3 el env\u00edo del mensaje Es-Alert, en una llamada de algo m\u00e1s de dos minutos que figura ya dentro de la causa que instruye la <strong>jueza de Catarroja<\/strong> y en la que se constatan problemas t\u00e9cnicos de comunicaci\u00f3n.<\/p>\n<p><strong>\u00abJorge, te oigo mal\u00bb<\/strong>, replica el t\u00e9cnico tras un intercambio de palabras con Su\u00e1rez en el que este \u00abrechaza\u00bb una primera versi\u00f3n del mensaje en castellano y en ingl\u00e9s y opta por otra, la 708, que combina castellano y valenciano, seg\u00fan consta en la grabaci\u00f3n a la que ha tenido acceso RTVE.<\/p>\n<p>El t\u00e9cnico busca en varias ocasiones cerciorarse de las \u00f3rdenes de su interlocutor y llega a leer el mensaje <strong>ES-Alert<\/strong> que se hab\u00eda preparado y que terminar\u00eda llegando a la poblaci\u00f3n a las 20.11 horas. En \u00e9l, se aconsejaba limitar los desplazamientos en la provincia de Valencia por las fuertes lluvias y se exhortaba a prestar atenci\u00f3n a futuros avisos a trav\u00e9s de canales oficiales.<\/p>\n<p>-\u00bfCorrecto?<\/p>\n<p>-Correcto<\/p>\n<p>-Lo doy, \u00a1eh!<\/p>\n<p>-Lo das, lo das<\/p>\n<p>La llegada a los m\u00f3viles, inmediata<\/p>\n<p>Poco despu\u00e9s, el propio t\u00e9cnico confirma que la alerta que comienza a sonar es la del aviso, que ya hab\u00eda comenzado a llegar a los tel\u00e9fonos m\u00f3viles. \u00abVale, aqu\u00ed tambi\u00e9n est\u00e1 sonando. Todos lo estamos recibiendo\u00bb, responde Su\u00e1rez.<\/p>\n<p>El mensaje del Es-Alert y, m\u00e1s concretamente, el proceso previo de toma de decisiones, es una de las cuestiones que se examinan en la instrucci\u00f3n por las presuntas responsabilidades penales en relaci\u00f3n a la tragedia de la tarde del 29 de octubre de 2024.<\/p>\n<p>La jueza que dirige la investigaci\u00f3n sobre la gesti\u00f3n de la dana ha citado a declarar a Su\u00e1rez en calidad de testigo el pr\u00f3ximo 4 de diciembre. Lo incluy\u00f3 esta semana en una nueva lista de citaciones que aluden adem\u00e1s al secretario auton\u00f3mico del Gabinete del President y de Comunicaci\u00f3n de la Generalitat, <strong>Jos\u00e9 Manuel Cuenca, y<\/strong> a la directora general de la Secretar\u00eda del Gabinete del presidente, <strong>Pilar Montes.<\/strong><\/p>\n<p>La jueza de Catarroja tambi\u00e9n ha citado este viernes a <a href=\"https:\/\/www.rtve.es\/noticias\/20251121\/jueza-dana-testigos-escoltas-chofer-mazon\/16826099.shtml\" rel=\"nofollow noopener\" target=\"_blank\">declarar pr\u00f3ximamente como testigos a los escoltas y al ch\u00f3fer del president en funciones <\/a>de la Generalitat, Carlos Maz\u00f3n<strong>. <\/strong>Concretamente, ha pedido que testifiquen aquellos que estuvieran de servicio \u00aben la franja horaria entre las 15.00 y las 21.00 del d\u00eda 29 de octubre de 2024\u00bb, cuando tuvieron lugar las riadas.<\/p>\n<p>El mensaje se retras\u00f3 por una discusi\u00f3n entre los t\u00e9cnicos<\/p>\n<p>Un asesor de la exconsellera de Justicia e Interior <strong>Salom\u00e9 Pradas<\/strong> manifest\u00f3 la semana pasada ante la jueza que desde el inicio de la reuni\u00f3n del Cecopi, a las 17:00 horas, ya se habl\u00f3 de enviar \u00abmensajes\u00bb a la poblaci\u00f3n, que el \u00abtweet\u00bb del Es-Alert estaba preparado a las 18:59 horas, y que<strong> se retras\u00f3 su env\u00edo por una \u00abdiscusi\u00f3n\u00bb entre los t\u00e9cnicos.<\/strong><\/p>\n<p>El asesor, <strong>Marco Presa<\/strong>, que estuvo presente en algunos momentos de la reuni\u00f3n del Centro de Coordinaci\u00f3n Operativa Integrado (Cecopi) y que tom\u00f3 im\u00e1genes de la misma, ha se\u00f1alado durante su declaraci\u00f3n como testigo que <strong>\u00abhubo una discusi\u00f3n\u00bb sobre el mensaje a enviar<\/strong> entre el subdirector general de Emergencias de la Agencia Valenciana de Seguridad y Respuesta a las Emergencias (Avsre), <strong>Jorge Su\u00e1rez<\/strong>, y el inspector jefe del Consorcio Provincial de Bomberos de Valencia, <strong>Jos\u00e9 Miguel Basset<\/strong>.<\/p>\n<p>Entre quienes han desfilado tambi\u00e9n ante el juzgado figura el secretario general del PP valenciano y candidato a suceder a Maz\u00f3n, <a href=\"https:\/\/www.rtve.es\/noticias\/20251121\/dueno-ventorro-mazon-fue-entre-1830-1900-dana\/16825343.shtml\" rel=\"nofollow noopener\" target=\"_blank\">Juanfran P\u00e9rez Llorca, que ha testificado<\/a> que llam\u00f3 al presidente de la Generalitat, Carlos Maz\u00f3n,<strong> hacia las 19.00 del d\u00eda de la dana para preguntarle por la situaci\u00f3n de las inundaciones en Utiel<\/strong>, donde ya hab\u00eda varios desaparecidos. Este, sin embargo, le contest\u00f3 hablando de los problemas que hab\u00eda habido en la comarca de La Ribera por la ma\u00f1ana.<\/p>\n","protected":false},"excerpt":{"rendered":"\u00abAdelante, lo apruebas\u00bb. Con estas palabras, el subdirector de Emergencias de la Generalitat Valenciana, Jorge Su\u00e1rez, autoriz\u00f3 el&hellip;\n","protected":false},"author":2,"featured_media":238857,"comment_status":"","ping_status":"","sticky":false,"template":"","format":"standard","meta":{"footnotes":""},"categories":[8],"tags":[17,18,25,24,13,14,11,19,20,9,10,15,16,23,12,21,22],"class_list":{"0":"post-248659","1":"post","2":"type-post","3":"status-publish","4":"format-standard","5":"has-post-thumbnail","7":"category-espana","8":"tag-breaking-news","9":"tag-breakingnews","10":"tag-es","11":"tag-espana","12":"tag-featured-news","13":"tag-featurednews","14":"tag-headlines","15":"tag-latest-news","16":"tag-latestnews","17":"tag-news","18":"tag-noticias","19":"tag-noticias-destacadas","20":"tag-noticiasdestacadas","21":"tag-spain","22":"tag-titulares","23":"tag-ultimas-noticias","24":"tag-ultimasnoticias"},"share_on_mastodon":{"url":"","error":""},"_links":{"self":[{"href":"https:\/\/www.europesays.com\/es\/wp-json\/wp\/v2\/posts\/248659","targetHints":{"allow":["GET"]}}],"collection":[{"href":"https:\/\/www.europesays.com\/es\/wp-json\/wp\/v2\/posts"}],"about":[{"href":"https:\/\/www.europesays.com\/es\/wp-json\/wp\/v2\/types\/post"}],"author":[{"embeddable":true,"href":"https:\/\/www.europesays.com\/es\/wp-json\/wp\/v2\/users\/2"}],"replies":[{"embeddable":true,"href":"https:\/\/www.europesays.com\/es\/wp-json\/wp\/v2\/comments?post=248659"}],"version-history":[{"count":0,"href":"https:\/\/www.europesays.com\/es\/wp-json\/wp\/v2\/posts\/248659\/revisions"}],"wp:featuredmedia":[{"embeddable":true,"href":"https:\/\/www.europesays.com\/es\/wp-json\/wp\/v2\/media\/238857"}],"wp:attachment":[{"href":"https:\/\/www.europesays.com\/es\/wp-json\/wp\/v2\/media?parent=248659"}],"wp:term":[{"taxonomy":"category","embeddable":true,"href":"https:\/\/www.europesays.com\/es\/wp-json\/wp\/v2\/categories?post=248659"},{"taxonomy":"post_tag","embeddable":true,"href":"https:\/\/www.europesays.com\/es\/wp-json\/wp\/v2\/tags?post=248659"}],"curies":[{"name":"wp","href":"https:\/\/api.w.org\/{rel}","templated":true}]}}