{"id":248660,"date":"2025-11-21T20:11:26","date_gmt":"2025-11-21T20:11:26","guid":{"rendered":"https:\/\/www.europesays.com\/es\/248660\/"},"modified":"2025-11-21T20:11:26","modified_gmt":"2025-11-21T20:11:26","slug":"el-centre-cultural-els-propis-distinguido-como-entidad-centenaria-de-barcelona-nou-barris","status":"publish","type":"post","link":"https:\/\/www.europesays.com\/es\/248660\/","title":{"rendered":"El Centre Cultural Els Propis, distinguido como entidad centenaria de Barcelona | Nou Barris"},"content":{"rendered":"<p>Nacido el a\u00f1o 1925 bajo el nombre de Asociaci\u00f3n de Propietarios y Contribuyentes de las Afueras de Sant Andreu del Palomar, el <a href=\"https:\/\/9bacull.org\/entitats_xarxa\/centre-cultural-els-propis\/\" target=\"_blank\" rel=\"noopener nofollow\">Centre Cultural Els Propis<\/a> es la entidad con actividad continuada m\u00e1s antigua de Nou Barris y el antecedente de las actuales asociaciones de vecinos y vecinas. Con la llegada de estas nuevas asociaciones se replante\u00f3 la actividad y se convirti\u00f3 en una entidad sociocultural encargada de organizar m\u00faltiples actividades en el distrito y de acoger una multitud de entidades en su sede. Uno de sus objetivos ha sido difundir la cultura catalana y potenciar el uso social del catal\u00e1n en Nou Barris.<\/p>\n<p><strong>M\u00e1s de 150 entidades homenajeadas<\/strong><\/p>\n<p>Con la cuarta edici\u00f3n de estas concesiones ya se ha homenajeado a un total de 151 entidades de 100 a\u00f1os o m\u00e1s de vida con una vinculaci\u00f3n acreditada con Barcelona.<\/p>\n<p>Se trata de entidades provenientes de \u00e1mbitos diversos como la educaci\u00f3n, la cultura, el deporte, el \u00e1mbito cient\u00edfico, las agrupaciones profesionales, la religi\u00f3n o la acci\u00f3n social, entre otros.<\/p>\n<p>La entrega formal de estos reconocimientos se har\u00e1 en torno a la festividad de Santa Eul\u00e0lia (12 de febrero) en un acto solemne que se celebra en el Sal\u00f3 de Cent.<\/p>\n","protected":false},"excerpt":{"rendered":"Nacido el a\u00f1o 1925 bajo el nombre de Asociaci\u00f3n de Propietarios y Contribuyentes de las Afueras de Sant&hellip;\n","protected":false},"author":2,"featured_media":248661,"comment_status":"","ping_status":"","sticky":false,"template":"","format":"standard","meta":{"footnotes":""},"categories":[5],"tags":[17,18,25,24,13,14,11,19,20,9,10,15,16,23,12,21,22],"class_list":{"0":"post-248660","1":"post","2":"type-post","3":"status-publish","4":"format-standard","5":"has-post-thumbnail","7":"category-titulares","8":"tag-breaking-news","9":"tag-breakingnews","10":"tag-es","11":"tag-espana","12":"tag-featured-news","13":"tag-featurednews","14":"tag-headlines","15":"tag-latest-news","16":"tag-latestnews","17":"tag-news","18":"tag-noticias","19":"tag-noticias-destacadas","20":"tag-noticiasdestacadas","21":"tag-spain","22":"tag-titulares","23":"tag-ultimas-noticias","24":"tag-ultimasnoticias"},"share_on_mastodon":{"url":"https:\/\/pubeurope.com\/@es\/115589512145611214","error":""},"_links":{"self":[{"href":"https:\/\/www.europesays.com\/es\/wp-json\/wp\/v2\/posts\/248660","targetHints":{"allow":["GET"]}}],"collection":[{"href":"https:\/\/www.europesays.com\/es\/wp-json\/wp\/v2\/posts"}],"about":[{"href":"https:\/\/www.europesays.com\/es\/wp-json\/wp\/v2\/types\/post"}],"author":[{"embeddable":true,"href":"https:\/\/www.europesays.com\/es\/wp-json\/wp\/v2\/users\/2"}],"replies":[{"embeddable":true,"href":"https:\/\/www.europesays.com\/es\/wp-json\/wp\/v2\/comments?post=248660"}],"version-history":[{"count":0,"href":"https:\/\/www.europesays.com\/es\/wp-json\/wp\/v2\/posts\/248660\/revisions"}],"wp:featuredmedia":[{"embeddable":true,"href":"https:\/\/www.europesays.com\/es\/wp-json\/wp\/v2\/media\/248661"}],"wp:attachment":[{"href":"https:\/\/www.europesays.com\/es\/wp-json\/wp\/v2\/media?parent=248660"}],"wp:term":[{"taxonomy":"category","embeddable":true,"href":"https:\/\/www.europesays.com\/es\/wp-json\/wp\/v2\/categories?post=248660"},{"taxonomy":"post_tag","embeddable":true,"href":"https:\/\/www.europesays.com\/es\/wp-json\/wp\/v2\/tags?post=248660"}],"curies":[{"name":"wp","href":"https:\/\/api.w.org\/{rel}","templated":true}]}}